{"id":16928,"date":"2014-01-15T09:00:20","date_gmt":"2014-01-15T08:00:20","guid":{"rendered":"http:\/\/foment.itartech.com\/?p=16928"},"modified":"2016-12-04T12:18:10","modified_gmt":"2016-12-04T11:18:10","slug":"ipc-cierra-2013-03-espana-02-cataluna-las-tasas-mas-bajas-la-historia","status":"publish","type":"post","link":"https:\/\/www.foment.com\/es\/ipc-cierra-2013-03-espana-02-cataluna-las-tasas-mas-bajas-la-historia\/","title":{"rendered":"El IPC cierra el 2013 en un 0,3% en Espa\u00f1a y un 0,2% en Catalu\u00f1a, las tasas m\u00e1s bajas de la historia"},"content":{"rendered":"<section class=\"wpb-content-wrapper\"><p>[vc_row][vc_column width=\u00bb1\/1&#8243;][vc_column_text]Espa\u00f1a en general y Catalu\u00f1a en particular cierran el 2013 con unas de las tasas de variaci\u00f3n de precios m\u00e1s bajas de la serie hist\u00f3rica. En concreto, en diciembre, el global espa\u00f1ol registra un IPC del 0,3%, mientras que el de Catalu\u00f1a es el 0,2%: en Catalu\u00f1a, la tasa es la m\u00e1s baja desde 1978, mientras en el global de Espa\u00f1a es la menor de toda la serie hist\u00f3rica. En este contexto, hay persistir en la moderaci\u00f3n salarial para evitar cualquier deterioro de la competitividad de las econom\u00eda espa\u00f1ola en general y catalana en particular.<\/p>\n<div>La variaci\u00f3n anual de los precios en el mes de diciembre ha sido positiva, es decir, que los precios aumentaron respecto al mismo mes del 2012, un 0,3% en Espa\u00f1a y un 0,2% en Catalu\u00f1a. Este registro representa el segundo mes consecutivo de repunte en relaci\u00f3n al dato de ca\u00edda de precios del 0,1% registrado en el mes de octubre. Asimismo, cabe destacar que es el primer mes, desde marzo del 2011, en que la inflaci\u00f3n a nivel estatal supera la observada en Catalu\u00f1a.<\/div>\n<p>[\/vc_column_text][\/vc_column][\/vc_row][vc_row][vc_column width=\u00bb1\/1&#8243;]<div class=\"spacer\" style=\"height: 20px;\"><\/div><div class=\"single_image wpb_content_element align-center    \" data-animation=\"none\" data-delay=\"0\"><img width=\"600\" height=\"378\" src=\"https:\/\/www.foment.com\/wp-content\/uploads\/2014\/01\/Foment_del_Treball_IPC_12.2013.600.png\" class=\"attachment-full\" alt=\"\" loading=\"lazy\" title=\"\" srcset=\"https:\/\/www.foment.com\/wp-content\/uploads\/2014\/01\/Foment_del_Treball_IPC_12.2013.600.png 600w, https:\/\/www.foment.com\/wp-content\/uploads\/2014\/01\/Foment_del_Treball_IPC_12.2013.600-300x189.png 300w\" sizes=\"(max-width: 600px) 100vw, 600px\" \/><\/div><div class=\"spacer\" style=\"height: 20px;\"><\/div>[\/vc_column][\/vc_row][vc_row][vc_column width=\u00bb1\/1&#8243;][vc_column_text]<\/p>\n<div>Los grupos que han tenido una mayor influencia positiva en la variaci\u00f3n anual del indicador han sido transporte, fundamentalmente por la subida de los precios de los carburantes y lubricantes en relaci\u00f3n al descenso del a\u00f1o anterior, y vivienda, por el aumento de los precios del gas\u00f3leo para calefacci\u00f3n. Cabe se\u00f1alar, no obstante, la disminuci\u00f3n de los precios del grupo de ocio y cultura, as\u00ed como de vestido y calzado.<\/div>\n<p>&nbsp;<\/p>\n<div>Asimismo, la inflaci\u00f3n subyacente \u2013que excluye la evoluci\u00f3n de los precios de productos energ\u00e9ticos y de alimentos no elaborados\u2013 ha bajado desde el 0,4% en noviembre hasta el 0,2% en diciembre. De esta forma, los componentes m\u00e1s estables de la cesta de la compra, han registrado un menor incremento de precios respecto al conjunto, dado que la inflaci\u00f3n subyacente ha sido inferior la general.<\/div>\n<div>Por otra parte, el aumento de precios a impuestos constantes (IPC-IC) ha sido nuevamente del 0,2%, una d\u00e9cima por debajo de la variaci\u00f3n del IPC general. Ello refleja que el efecto de los impuestos no ha determinado la evoluci\u00f3n de los precios en esta ocasi\u00f3n.<\/div>\n<p>&nbsp;<\/p>\n<div>Finalmente, al considerar el indicador de inflaci\u00f3n armonizado (IPCA) \u2013que permite realizar una comparaci\u00f3n con la evoluci\u00f3n de los precios en la Eurozona\u2013 se aprecia que, por cuarto mes consecutivo, el diferencial de inflaci\u00f3n con la Uni\u00f3n Monetaria ha sido negativo (-0,5 p.p.) ya que el IPCA en la regi\u00f3n ha aumentado un 0,8% mientras que en Espa\u00f1a el incremento ha sido del 0,3%, en t\u00e9rminos anuales.<\/div>\n<p>[\/vc_column_text][\/vc_column][\/vc_row][vc_row][vc_column width=\u00bb1\/1&#8243;]<div class=\"spacer\" style=\"height: 20px;\"><\/div><a href=\"\/wp-content\/uploads\/2016\/08\/Foment_del_Treball_2014.01.15_IPC_diciembre_CAST.pdf\" target=\"_blank\" class=\"button color-2 small \" style=\"border-radius: 2px;\">Descarga la noticia en PDF<\/a>[\/vc_column][\/vc_row]<\/p>\n<\/section>","protected":false},"excerpt":{"rendered":"<p>[vc_row][vc_column width=\u00bb1\/1&#8243;][vc_column_text]Espa\u00f1a en general y Catalu\u00f1a en particular cierran el 2013 con unas de las tasas de variaci\u00f3n de precios m\u00e1s bajas de la serie hist\u00f3rica. En concreto, en diciembre, el global espa\u00f1ol registra un IPC del 0,3%, mientras que el de Catalu\u00f1a es el 0,2%: en Catalu\u00f1a, la tasa es la m\u00e1s baja desde 1978, mientras en el global de Espa\u00f1a es la menor de toda la serie hist\u00f3rica. En este contexto, hay persistir en la moderaci\u00f3n salarial para evitar cualquier deterioro de la competitividad de las econom\u00eda espa\u00f1ola en general y catalana en particular. La variaci\u00f3n anual de los precios en el mes de diciembre ha sido positiva, es decir, que los precios aumentaron respecto al mismo mes del 2012, un 0,3% en Espa\u00f1a y un 0,2% en Catalu\u00f1a. Este registro representa el segundo mes consecutivo de repunte en relaci\u00f3n al dato de ca\u00edda de precios del 0,1% registrado en el mes de octubre. Asimismo, cabe destacar que es el primer mes, desde marzo del 2011, en que la inflaci\u00f3n a nivel estatal supera la observada en Catalu\u00f1a. [\/vc_column_text][\/vc_column][\/vc_row][vc_row][vc_column width=\u00bb1\/1&#8243;][\/vc_column][\/vc_row][vc_row][vc_column width=\u00bb1\/1&#8243;][vc_column_text] Los grupos que han tenido una mayor influencia positiva en la variaci\u00f3n anual del indicador han sido [&hellip;]<\/p>\n","protected":false},"author":24,"featured_media":0,"comment_status":"closed","ping_status":"closed","sticky":false,"template":"","format":"standard","meta":{"_links_to":"","_links_to_target":""},"categories":[69],"tags":[],"acf":[],"wps_subtitle":"En este contexto, hay persistir en la moderaci\u00f3n salarial para evitar cualquier deterioro de la competitividad de las econom\u00eda espa\u00f1ola en general y catalana en particular","_links":{"self":[{"href":"https:\/\/www.foment.com\/es\/wp-json\/wp\/v2\/posts\/16928"}],"collection":[{"href":"https:\/\/www.foment.com\/es\/wp-json\/wp\/v2\/posts"}],"about":[{"href":"https:\/\/www.foment.com\/es\/wp-json\/wp\/v2\/types\/post"}],"author":[{"embeddable":true,"href":"https:\/\/www.foment.com\/es\/wp-json\/wp\/v2\/users\/24"}],"replies":[{"embeddable":true,"href":"https:\/\/www.foment.com\/es\/wp-json\/wp\/v2\/comments?post=16928"}],"version-history":[{"count":0,"href":"https:\/\/www.foment.com\/es\/wp-json\/wp\/v2\/posts\/16928\/revisions"}],"wp:attachment":[{"href":"https:\/\/www.foment.com\/es\/wp-json\/wp\/v2\/media?parent=16928"}],"wp:term":[{"taxonomy":"category","embeddable":true,"href":"https:\/\/www.foment.com\/es\/wp-json\/wp\/v2\/categories?post=16928"},{"taxonomy":"post_tag","embeddable":true,"href":"https:\/\/www.foment.com\/es\/wp-json\/wp\/v2\/tags?post=16928"}],"curies":[{"name":"wp","href":"https:\/\/api.w.org\/{rel}","templated":true}]}}