{"id":16933,"date":"2014-01-16T09:00:13","date_gmt":"2014-01-16T08:00:13","guid":{"rendered":"http:\/\/foment.itartech.com\/?p=16933"},"modified":"2016-12-04T12:15:55","modified_gmt":"2016-12-04T11:15:55","slug":"urg%e2%80%8be-invertir-eficiencia-gasto-energia-esta-neutralizando-los-ajustes-laborales","status":"publish","type":"post","link":"https:\/\/www.foment.com\/es\/urg%e2%80%8be-invertir-eficiencia-gasto-energia-esta-neutralizando-los-ajustes-laborales\/","title":{"rendered":"Urg\u200be invertir en eficiencia: el gasto en energ\u00eda est\u00e1 neutralizando los ajustes laborales"},"content":{"rendered":"<section class=\"wpb-content-wrapper\"><p>[vc_row][vc_column width=\u00bb1\/1&#8243;][vc_column_text]La inversi\u00f3n en eficiencia energ\u00e9tica en las empresas reporta beneficios evidentes en cuanto a reducci\u00f3n de costes y consecuentes mejoras en la productividad y, en \u00faltimo t\u00e9rmino, en competitividad. \u00bfPor qu\u00e9, pues, el concepto de eficiencia energ\u00e9tica no est\u00e1 interiorizado en todas las empresas, especialmente las pymes? En cierto modo, es tambi\u00e9n a esta pregunta que han tratado de dar respuesta los ponentes que han participado en la primera sesi\u00f3n de 2014 del F\u00f2rum Energia Empresa de Foment del Treball. Concretament , han tomado parte en esta nueva sesi\u00f3n el ex ministro Jordi Sevilla, actual senior counselor de PwC; Joan Carles Casas Sanch\u00eds, gerente de Ingenier\u00eda de Planta en Seat; Maurici Cruzate Gasc\u00f3n, socio de Tecnolog\u00edas y Negocio Energ\u00e9tico de Energ\u00eda Local; Ram\u00f3n Silva Burgos, responsable de \u00abI+D Servicios Energ\u00e9ticos\u00bb de Gas Natural Fenosa.[\/vc_column_text][\/vc_column][\/vc_row][vc_row][vc_column width=\u00bb1\/1&#8243;]<div class=\"spacer\" style=\"height: 20px;\"><\/div><div class=\"single_image wpb_content_element align-center    \" data-animation=\"none\" data-delay=\"0\"><img width=\"600\" height=\"400\" src=\"https:\/\/www.foment.com\/wp-content\/uploads\/2014\/01\/Foment_del_Treball_eficiencia_energetica_1.png\" class=\"attachment-full\" alt=\"\" loading=\"lazy\" title=\"Han presentado las sesi\u00f3n conjuntamente Isabel Tejero, presidenta del Cl\u00faster d&#039;Efici\u00e8ncia Energ\u00e8tica de Catalunya; y Carlos Casanovas, presidente del F\u00f2rum Energia Empresa de Foment del Treball \u00a9 Foment del Treball\" srcset=\"https:\/\/www.foment.com\/wp-content\/uploads\/2014\/01\/Foment_del_Treball_eficiencia_energetica_1.png 600w, https:\/\/www.foment.com\/wp-content\/uploads\/2014\/01\/Foment_del_Treball_eficiencia_energetica_1-300x200.png 300w\" sizes=\"(max-width: 600px) 100vw, 600px\" \/><span class=\"single_image_caption\">Han presentado las sesi\u00f3n conjuntamente Isabel Tejero, presidenta del Cl\u00faster d&#039;Efici\u00e8ncia Energ\u00e8tica de Catalunya; y Carlos Casanovas, presidente del F\u00f2rum Energia Empresa de Foment del Treball \u00a9 Foment del Treball<\/span><\/div><div class=\"spacer\" style=\"height: 20px;\"><\/div>[\/vc_column][\/vc_row][vc_row][vc_column width=\u00bb1\/1&#8243;][vc_column_text]<\/p>\n<div>Esta nueva sesi\u00f3n del F\u00f2rum Energia Empresa de Foment del Treball ha sido realizada con la colaboraci\u00f3n del Cl\u00faster d\u2019Efici\u00e8ncia Energ\u00e8tica. Han presentado las sesi\u00f3n conjuntamente Isabel Tejero, presidenta del Cl\u00faster d&#8217;Efici\u00e8ncia Energ\u00e8tica de Catalunya; y Carlos Casanovas, presidente del F\u00f2rum Energia Empresa de Foment del Treball. Moderaba, \u00c1ngel Cerc\u00f3s, director general de Ciments Molins, miembro de la Junta del Forum Energia de Foment del Treball.<\/div>\n<p>&nbsp;<\/p>\n<h3><strong>Cambio de paradigma: de la pol\u00edtica de la oferta a la pol\u00edtica de la demanda <\/strong><\/h3>\n<div>Tradicionalmente las pol\u00edticas energ\u00e9ticas se han enfocado desde la perspectiva de la oferta, tomando decisiones en torno a la cantidad necesaria de energ\u00eda a proveer y el mejor mix energ\u00e9tico para garantizar el suministro con seguridad, eficiencia y costo razonable. Las circunstancias econ\u00f3micas actuales en que se reduce la demanda y se incrementa el coste energ\u00e9tico invitan a revisar las pol\u00edticas energ\u00e9ticas:<strong> \u00abla crisis econ\u00f3mica est\u00e1 forzando un cambio de paradigma en el mercado de la energ\u00eda\u00bb<\/strong>, ha dicho Jordi Sevilla, de PWC. Sevilla asegur\u00f3, en este sentido, que<strong>\u00aben los pr\u00f3ximos 20 a\u00f1os la generaci\u00f3n de energ\u00eda no ser\u00e1 un problema en Espa\u00f1a\u00bb<\/strong> por lo que, el reto de la gesti\u00f3n de la demanda y la eficiencia energ\u00e9tica se presenta como inevitable. En este sentido, Sevilla ha se\u00f1alado como <strong>\u00abtendencia imparable\u00bb<\/strong> que<strong> \u00abla energ\u00eda se convierta en un producto equiparable a cualquier otro sobre el que exista un poder de compra por parte del consumidor final\u00bb<\/strong>.<\/div>\n<p>&nbsp;<\/p>\n<div>Y es que <strong>\u00abel coste de la energ\u00eda est\u00e1 aumentando de tal manera en la estructura total de gasto de la empresa, que incluso ha neutralizado el ahorro generado por la reducci\u00f3n de los costes laborales\u00bb<\/strong>, se\u00f1al\u00f3 Maurici\u00a0Cruzate, de Energ\u00eda Local. Por lo tanto, con una perspectiva clara de crecimiento del coste de la energ\u00eda, <strong>\u00abla inversi\u00f3n en eficiencia energ\u00e9tica tiene un retorno evidente en reducci\u00f3n de costes que adem\u00e1s, si la energ\u00eda sigue encareci\u00e9ndose, se produce en un plazo m\u00e1s corto\u00bb<\/strong>. Ante un retorno tan evidente, las inversiones en eficiencia energ\u00e9tica se ven frenadas por las dificultades actuales de acceso a la financiaci\u00f3n y, en algunos casos de pymes, por la falta de gesti\u00f3n profesional de la energ\u00eda que incluye la falta de cultura de renovaci\u00f3n los sistemas energ\u00e9ticos.\u00a0(<a href=\"\/wp-content\/uploads\/2016\/08\/PimesIEnergia.MauriciCruzate.FTN_.pdf\" target=\"_blank\">Descarga la presentaci\u00f3n con la\u00a0que Cruzate ha acompa\u00f1ado su ponencia<\/a>)<\/div>\n<p>[\/vc_column_text]<div class=\"spacer\" style=\"height: 20px;\"><\/div>[\/vc_column][\/vc_row][vc_row][vc_column width=\u00bb1\/2&#8243;]<div class=\"single_image wpb_content_element align-left    \" data-animation=\"none\" data-delay=\"0\"><img width=\"600\" height=\"402\" src=\"https:\/\/www.foment.com\/wp-content\/uploads\/2014\/01\/Foment_del_Treball_eficiencia_energetica_Cruzate_1.png\" class=\"attachment-full\" alt=\"\" loading=\"lazy\" title=\"Maurici Cruzate\" srcset=\"https:\/\/www.foment.com\/wp-content\/uploads\/2014\/01\/Foment_del_Treball_eficiencia_energetica_Cruzate_1.png 600w, https:\/\/www.foment.com\/wp-content\/uploads\/2014\/01\/Foment_del_Treball_eficiencia_energetica_Cruzate_1-300x201.png 300w\" sizes=\"(max-width: 600px) 100vw, 600px\" \/><span class=\"single_image_caption\">Maurici Cruzate<\/span><\/div>[\/vc_column][vc_column width=\u00bb1\/2&#8243;]<div class=\"single_image wpb_content_element align-left    \" data-animation=\"none\" data-delay=\"0\"><img width=\"600\" height=\"400\" src=\"https:\/\/www.foment.com\/wp-content\/uploads\/2014\/01\/Foment_del_Treball_eficiencia_energetica_Sevilla_1.png\" class=\"attachment-full\" alt=\"\" loading=\"lazy\" title=\"Jordi Sevilla\" srcset=\"https:\/\/www.foment.com\/wp-content\/uploads\/2014\/01\/Foment_del_Treball_eficiencia_energetica_Sevilla_1.png 600w, https:\/\/www.foment.com\/wp-content\/uploads\/2014\/01\/Foment_del_Treball_eficiencia_energetica_Sevilla_1-300x200.png 300w\" sizes=\"(max-width: 600px) 100vw, 600px\" \/><span class=\"single_image_caption\">Jordi Sevilla<\/span><\/div>[\/vc_column][\/vc_row][vc_row][vc_column width=\u00bb1\/1&#8243;]<div class=\"spacer\" style=\"height: 20px;\"><\/div>[vc_column_text]<\/p>\n<h3><strong>Medidas pasivas e indicadores de control<\/strong><\/h3>\n<div>Cruzate ha defendido medidas activas de ahorro energ\u00e9tico que, a su vez, no requieren inversiones demasiado elevadas: <strong>\u00abestablecer una bater\u00eda de indicadores de control, revisar la potencia contratada o instalar analizadores de red\u00bb<\/strong>. En esta l\u00ednea, Ram\u00f3n Silva, de Gas Natural Fenosa, ha asegurado que <strong>\u00absi las medidas pasivas de eficiencia a\u00f1ades sistemas de control y medidas de gesti\u00f3n puedes conseguir ahorros de entre un 20% y un 40%\u00bb<\/strong>.\u00a0\u00a0(<a href=\"\/wp-content\/uploads\/2016\/08\/Presentaci\u00f3n-Ram\u00f3n-Silva.-Gas-Natural.16_01_14_v2.pdf\" target=\"_blank\">Descarga la presentaci\u00f3n con la\u00a0que Silva\u00a0ha acompa\u00f1ado su ponencia<\/a>)<\/div>\n<p>&nbsp;<\/p>\n<div>Joan Carles Casas, en esta l\u00ednea, ha presentado el programa energ\u00e9tico de Seat, que pivota sobre tres ejes fundamentales que concuerdan con esta combinaci\u00f3n de medidas activas y pasivas<strong>\u00abgesti\u00f3n eficiente de la energ\u00eda consumida, automatizaci\u00f3n eficiente de los procesos, y aprovechamiento y recuperaci\u00f3n de la propia energ\u00eda\u00bb<\/strong>. Por todo ello, <strong>\u00abSeat prev\u00e9 haber reducido en 2018 (respecto de 2010) un 25 % el consumo de energ\u00eda, el agua, las emisiones de CO2 y la generaci\u00f3n de residuos\u00bb<\/strong>. (<a href=\"\/wp-content\/uploads\/2016\/08\/J.Carles-Casas_Presentaci\u00f3n-SEAT-foment-del-treball-V2.pdf\" target=\"_blank\">Descarga la presentaci\u00f3n con la\u00a0que Casas ha acompa\u00f1ado su ponencia<\/a>)<\/div>\n<p>[\/vc_column_text]<div class=\"spacer\" style=\"height: 20px;\"><\/div>[\/vc_column][\/vc_row][vc_row][vc_column width=\u00bb1\/2&#8243;]<div class=\"single_image wpb_content_element align-left    \" data-animation=\"none\" data-delay=\"0\"><img width=\"600\" height=\"400\" src=\"https:\/\/www.foment.com\/wp-content\/uploads\/2014\/01\/Foment_del_Treball_eficiencia_energetica_Cases_1.png\" class=\"attachment-full\" alt=\"\" loading=\"lazy\" title=\"Joan Carles Casas\" srcset=\"https:\/\/www.foment.com\/wp-content\/uploads\/2014\/01\/Foment_del_Treball_eficiencia_energetica_Cases_1.png 600w, https:\/\/www.foment.com\/wp-content\/uploads\/2014\/01\/Foment_del_Treball_eficiencia_energetica_Cases_1-300x200.png 300w\" sizes=\"(max-width: 600px) 100vw, 600px\" \/><span class=\"single_image_caption\">Joan Carles Casas<\/span><\/div>[\/vc_column][vc_column width=\u00bb1\/2&#8243;]<div class=\"single_image wpb_content_element align-left    \" data-animation=\"none\" data-delay=\"0\"><img width=\"600\" height=\"415\" src=\"https:\/\/www.foment.com\/wp-content\/uploads\/2014\/01\/Foment_del_Treball_eficiencia_energetica_Silva_1.png\" class=\"attachment-full\" alt=\"\" loading=\"lazy\" title=\"Ra\u00f3n Silva\" srcset=\"https:\/\/www.foment.com\/wp-content\/uploads\/2014\/01\/Foment_del_Treball_eficiencia_energetica_Silva_1.png 600w, https:\/\/www.foment.com\/wp-content\/uploads\/2014\/01\/Foment_del_Treball_eficiencia_energetica_Silva_1-300x208.png 300w\" sizes=\"(max-width: 600px) 100vw, 600px\" \/><span class=\"single_image_caption\">Ra\u00f3n Silva<\/span><\/div>[\/vc_column][\/vc_row][vc_row][vc_column width=\u00bb1\/1&#8243;]<div class=\"spacer\" style=\"height: 20px;\"><\/div>[vc_column_text]<\/p>\n<h3><strong>Nuevo Foro para el debate<\/strong><\/h3>\n<div>El F\u00f2rum Energia Empresa de Foment se inici\u00f3 en 2013 y se dirige especialmente a los directivos y profesionales de la gesti\u00f3n y contrataci\u00f3n energ\u00e9tica en el mundo de la empresa. Con este nuevo foro profesional, Foment abre un espacio para la difusi\u00f3n y el intercambio de experiencias sobre el factor energ\u00e9tico en la empresa, entendido como elemento de gesti\u00f3n, competitividad econ\u00f3mica y progreso social. La primera sesi\u00f3n la dedic\u00f3 a la interconexi\u00f3n energ\u00e9tica y tuvo lugar el 5 de marzo de 2013 en coincidencia con el D\u00eda Mundial de la Eficiencia Energ\u00e9tica.<\/div>\n<p>&nbsp;<\/p>\n<div>Los contenidos de las sesiones previstas en el Foro Energ\u00eda Empresa se deciden en el marco de su \u00f3rgano de gobierno o Junta Directiva. La Junta Directiva est\u00e1 formada por expertos en la materia, desde diferentes aproximaciones vinculadas al sector energ\u00e9tico, y la preside Carles Casanovas (SALES MONZ\u00d3N). Los vocales de esta Junta son Albert Alegre (ENDESA), Valent\u00edn Jes\u00fas Viejo (IBERDROLA), Narciso Berberana (AGBAR), \u00c0ngel Cerc\u00f3s (CEMENTOS MOLINS), Jordi Rossell\u00f3 (GAS NATURAL), Virginia Guinda (ENERGIA LOCAL), Luis Maestre (ERCROS), Juan Vila (STORA ENSO), Maite Masi\u00e0 (ICAEN) i Alba Caba\u00f1as (FOMENT DEL TREBALL).<\/div>\n<p>&nbsp;<\/p>\n<h3><strong>Foros profesionales de Foment del Treball<\/strong><\/h3>\n<div>Foment del Treball cuenta en la actualidad, incluido el F\u00f2rum Energia Empresa, con cuatro foros abiertos a los profesionales de los sectores de la energ\u00eda, los recursos humanos y la prevenci\u00f3n de riesgos laborales. Lo primero que inici\u00f3 sus actividades es el Foro de Recursos Humanos, que fue creado en 2001 y que ya ha convertido en una de las principales plataformas de debate del pa\u00eds sobre cuestiones relacionadas con la gesti\u00f3n de los recursos humanos.<\/div>\n<p>&nbsp;<\/p>\n<div>Por otro lado, en el a\u00f1o 2011, Fomento impuls\u00f3 el Foro de Prevenci\u00f3n de Riesgos Laborales (PRL) para promover una mejora de la prevenci\u00f3n de riesgos laborales en las empresas y fomentarla en el conjunto de la sociedad, a trav\u00e9s del intercambio de conocimientos, la reflexi\u00f3n y el aprendizaje continuo.<\/div>\n<p>[\/vc_column_text][\/vc_column][\/vc_row][vc_row][vc_column width=\u00bb1\/1&#8243;]<div class=\"spacer\" style=\"height: 20px;\"><\/div><a href=\"\/wp-content\/uploads\/2016\/08\/Foment_del_Treball_2014.01.16_Forum_Energia_eficiencia_energetica_CAST_2.pdf\" target=\"_blank\" class=\"button color-2 small \" style=\"border-radius: 2px;\">Descarga la noticia en PDF<\/a>[\/vc_column][\/vc_row]<\/p>\n<\/section>","protected":false},"excerpt":{"rendered":"<p>[vc_row][vc_column width=\u00bb1\/1&#8243;][vc_column_text]La inversi\u00f3n en eficiencia energ\u00e9tica en las empresas reporta beneficios evidentes en cuanto a reducci\u00f3n de costes y consecuentes mejoras en la productividad y, en \u00faltimo t\u00e9rmino, en competitividad. \u00bfPor qu\u00e9, pues, el concepto de eficiencia energ\u00e9tica no est\u00e1 interiorizado en todas las empresas, especialmente las pymes? En cierto modo, es tambi\u00e9n a esta pregunta que han tratado de dar respuesta los ponentes que han participado en la primera sesi\u00f3n de 2014 del F\u00f2rum Energia Empresa de Foment del Treball. Concretament , han tomado parte en esta nueva sesi\u00f3n el ex ministro Jordi Sevilla, actual senior counselor de PwC; Joan Carles Casas Sanch\u00eds, gerente de Ingenier\u00eda de Planta en Seat; Maurici Cruzate Gasc\u00f3n, socio de Tecnolog\u00edas y Negocio Energ\u00e9tico de Energ\u00eda Local; Ram\u00f3n Silva Burgos, responsable de \u00abI+D Servicios Energ\u00e9ticos\u00bb de Gas Natural Fenosa.[\/vc_column_text][\/vc_column][\/vc_row][vc_row][vc_column width=\u00bb1\/1&#8243;][\/vc_column][\/vc_row][vc_row][vc_column width=\u00bb1\/1&#8243;][vc_column_text] Esta nueva sesi\u00f3n del F\u00f2rum Energia Empresa de Foment del Treball ha sido realizada con la colaboraci\u00f3n del Cl\u00faster d\u2019Efici\u00e8ncia Energ\u00e8tica. Han presentado las sesi\u00f3n conjuntamente Isabel Tejero, presidenta del Cl\u00faster d&#8217;Efici\u00e8ncia Energ\u00e8tica de Catalunya; y Carlos Casanovas, presidente del F\u00f2rum Energia Empresa de Foment del Treball. Moderaba, \u00c1ngel Cerc\u00f3s, director general de Ciments Molins, miembro de la Junta del Forum Energia de [&hellip;]<\/p>\n","protected":false},"author":24,"featured_media":18305,"comment_status":"closed","ping_status":"closed","sticky":false,"template":"","format":"standard","meta":{"_links_to":"","_links_to_target":""},"categories":[111,121],"tags":[],"acf":[],"wps_subtitle":"Nueva sesi\u00f3n del F\u00f2rum Energia Empresa de Foment del Treball, esta vez realizada con la colaboraci\u00f3n del Cl\u00faster d\u2019Efici\u00e8ncia Energ\u00e8tica\u200b","_links":{"self":[{"href":"https:\/\/www.foment.com\/es\/wp-json\/wp\/v2\/posts\/16933"}],"collection":[{"href":"https:\/\/www.foment.com\/es\/wp-json\/wp\/v2\/posts"}],"about":[{"href":"https:\/\/www.foment.com\/es\/wp-json\/wp\/v2\/types\/post"}],"author":[{"embeddable":true,"href":"https:\/\/www.foment.com\/es\/wp-json\/wp\/v2\/users\/24"}],"replies":[{"embeddable":true,"href":"https:\/\/www.foment.com\/es\/wp-json\/wp\/v2\/comments?post=16933"}],"version-history":[{"count":0,"href":"https:\/\/www.foment.com\/es\/wp-json\/wp\/v2\/posts\/16933\/revisions"}],"wp:featuredmedia":[{"embeddable":true,"href":"https:\/\/www.foment.com\/es\/wp-json\/wp\/v2\/media\/18305"}],"wp:attachment":[{"href":"https:\/\/www.foment.com\/es\/wp-json\/wp\/v2\/media?parent=16933"}],"wp:term":[{"taxonomy":"category","embeddable":true,"href":"https:\/\/www.foment.com\/es\/wp-json\/wp\/v2\/categories?post=16933"},{"taxonomy":"post_tag","embeddable":true,"href":"https:\/\/www.foment.com\/es\/wp-json\/wp\/v2\/tags?post=16933"}],"curies":[{"name":"wp","href":"https:\/\/api.w.org\/{rel}","templated":true}]}}