{"id":16981,"date":"2014-01-28T09:00:29","date_gmt":"2014-01-28T08:00:29","guid":{"rendered":"http:\/\/foment.itartech.com\/?p=16981"},"modified":"2016-12-04T11:45:23","modified_gmt":"2016-12-04T10:45:23","slug":"internacionalizacion-paso-mas-crecer","status":"publish","type":"post","link":"https:\/\/www.foment.com\/es\/internacionalizacion-paso-mas-crecer\/","title":{"rendered":"Internacionalizaci\u00f3n: Un paso m\u00e1s para crecer"},"content":{"rendered":"<section class=\"wpb-content-wrapper\"><p>[vc_row][vc_column width=\u00bb1\/1&#8243;][vc_column_text]La situaci\u00f3n econ\u00f3mica del pa\u00eds aconseja a los emprendedores pensar en un modelo de negocio capaz de internacionalizarse y abrir, por tanto, mercados en todas partes. Foment del Treball ha dedicado precisamente a les estrategias de internacionalizaci\u00f3n la primera sesi\u00f3n de 2014 de su ciclo de soporte a la emprendedur\u00eda Reinventa\u2019t, transforma i crea. Con esta finalidad se ha invitado al director de recursos y Servicios el Grupo Damm,<strong> Marcial Navarro<\/strong>, que ha explicado los objetivos del grupo cervecero y las motivaciones que conducen a su proceso de internacionalizaci\u00f3n.\u00a0\uf0a7 La clausura ha ido a cargo de Patricia Fern\u00e1ndez, directora de Executive Search de <strong>Experis<\/strong>, que es la empresa que patrocina el ciclo.[\/vc_column_text][\/vc_column][\/vc_row][vc_row][vc_column width=\u00bb1\/1&#8243;]<div class=\"spacer\" style=\"height: 20px;\"><\/div><div class=\"single_image wpb_content_element align-center    \" data-animation=\"none\" data-delay=\"0\"><img width=\"600\" height=\"400\" src=\"https:\/\/www.foment.com\/wp-content\/uploads\/2014\/01\/FOment_del_Treball_emprenedors_exporatar_Navarro.png\" class=\"attachment-full\" alt=\"\" loading=\"lazy\" title=\"Marcial Navarro ha explicado la experiencia del Grup Damm en el procesp de internacionalizaci\u00f3n. \u00a9 Foment del Treball\" srcset=\"https:\/\/www.foment.com\/wp-content\/uploads\/2014\/01\/FOment_del_Treball_emprenedors_exporatar_Navarro.png 600w, https:\/\/www.foment.com\/wp-content\/uploads\/2014\/01\/FOment_del_Treball_emprenedors_exporatar_Navarro-300x200.png 300w\" sizes=\"(max-width: 600px) 100vw, 600px\" \/><span class=\"single_image_caption\">Marcial Navarro ha explicado la experiencia del Grup Damm en el procesp de internacionalizaci\u00f3n. \u00a9 Foment del Treball<\/span><\/div><div class=\"spacer\" style=\"height: 20px;\"><\/div>[\/vc_column][\/vc_row][vc_row][vc_column width=\u00bb1\/1&#8243;][vc_column_text]La experiencia del Grupo Damm, explicada por Navarro, ha servido a los asistentes a la sesi\u00f3n para conocer y comprender mejor las motivaciones que llevan a una gran compa\u00f1\u00eda a definir una estrategia de internacionalizaci\u00f3n y el proceso de reflexi\u00f3n y decisi\u00f3n que vierte en ello. Navarro ha explicado que \u201cla internacionalizaci\u00f3n es una decisi\u00f3n estrat\u00e9gica y prioritaria para la compa\u00f1\u00eda ya que la situaci\u00f3n obliga a abrirnos a nuevos mercados\u201d.[\/vc_column_text]<div class=\"spacer\" style=\"height: 20px;\"><\/div>[\/vc_column][\/vc_row][vc_row][vc_column width=\u00bb1\/2&#8243;]<div class=\"single_image wpb_content_element align-left    \" data-animation=\"none\" data-delay=\"0\"><img width=\"4608\" height=\"3072\" src=\"https:\/\/www.foment.com\/wp-content\/uploads\/2014\/01\/Foment_del_Treball_emprenedors_exportar_GaydeMontella_Marti.png\" class=\"attachment-full\" alt=\"\" loading=\"lazy\" title=\"Gay de Montell\u00e0 y Mart\u00ed han detallado el refuerzo que Foment ha dado este a\u00f1o a sus programas de apoyo a los emprendedores.\" srcset=\"https:\/\/www.foment.com\/wp-content\/uploads\/2014\/01\/Foment_del_Treball_emprenedors_exportar_GaydeMontella_Marti.png 4608w, https:\/\/www.foment.com\/wp-content\/uploads\/2014\/01\/Foment_del_Treball_emprenedors_exportar_GaydeMontella_Marti-300x200.png 300w, https:\/\/www.foment.com\/wp-content\/uploads\/2014\/01\/Foment_del_Treball_emprenedors_exportar_GaydeMontella_Marti-768x512.png 768w, https:\/\/www.foment.com\/wp-content\/uploads\/2014\/01\/Foment_del_Treball_emprenedors_exportar_GaydeMontella_Marti-1024x683.png 1024w, https:\/\/www.foment.com\/wp-content\/uploads\/2014\/01\/Foment_del_Treball_emprenedors_exportar_GaydeMontella_Marti-600x400.png 600w\" sizes=\"(max-width: 4608px) 100vw, 4608px\" \/><span class=\"single_image_caption\">Gay de Montell\u00e0 y Mart\u00ed han detallado el refuerzo que Foment ha dado este a\u00f1o a sus programas de apoyo a los emprendedores.\n<\/span><\/div>[\/vc_column][vc_column width=\u00bb1\/2&#8243;]<div class=\"single_image wpb_content_element align-left    \" data-animation=\"none\" data-delay=\"0\"><img width=\"600\" height=\"400\" src=\"https:\/\/www.foment.com\/wp-content\/uploads\/2014\/01\/Foment_del_Treball_emprenedors_exportar_Fernandez.png\" class=\"attachment-full\" alt=\"\" loading=\"lazy\" title=\"Carmen L\u00f3pez, directora de cuentas internacionales de Experis, ha clausurado la sesi\u00f3n.\" srcset=\"https:\/\/www.foment.com\/wp-content\/uploads\/2014\/01\/Foment_del_Treball_emprenedors_exportar_Fernandez.png 600w, https:\/\/www.foment.com\/wp-content\/uploads\/2014\/01\/Foment_del_Treball_emprenedors_exportar_Fernandez-300x200.png 300w\" sizes=\"(max-width: 600px) 100vw, 600px\" \/><span class=\"single_image_caption\">Carmen L\u00f3pez, directora de cuentas internacionales de Experis, ha clausurado la sesi\u00f3n.<\/span><\/div>[\/vc_column][\/vc_row][vc_row][vc_column width=\u00bb1\/1&#8243;]<div class=\"spacer\" style=\"height: 20px;\"><\/div>[vc_column_text]El ciclo<em> Reinventa\u2019t, transforma i crea<\/em> inicia este 2014 su tercera edici\u00f3n \u201cpara ofrecer un espacio de debate entre los emprendedores que quieran iniciar nuevos proyectos empresariales y aquellos que ya han consolidado sus empresas\u201d, tal y como ha recordado el presidente de Foment del Treball, J<strong>oaquim Gay de Montell\u00e0<\/strong>. M\u00e1s de 900 personas han pasado durante los a\u00f1os anteriores por este ciclo que \u201cse inscribe en la voluntad de Foment de dar soporte y acompa\u00f1ar ideas de negocio y empresas tambi\u00e9n durante las etapas m\u00e1s iniciales de su constituci\u00f3n\u201d, ha subrayado la presidenta de la Comisi\u00f3n de Nuevas Empresas de Foment, <strong>Marta Mart\u00ed<\/strong>.[\/vc_column_text][\/vc_column][\/vc_row][vc_row][vc_column width=\u00bb1\/1&#8243;]<div class=\"spacer\" style=\"height: 20px;\"><\/div>[vc_raw_html]JTNDaWZyYW1lJTIwd2lkdGglM0QlMjI1NjAlMjIlMjBoZWlnaHQlM0QlMjIzMTUlMjIlMjBzcmMlM0QlMjJodHRwcyUzQSUyRiUyRnd3dy55b3V0dWJlLmNvbSUyRmVtYmVkJTJGaTk1MUd4d1h0cmslMjIlMjBmcmFtZWJvcmRlciUzRCUyMjAlMjIlMjBhbGxvd2Z1bGxzY3JlZW4lM0UlM0MlMkZpZnJhbWUlM0U=[\/vc_raw_html]<div class=\"spacer\" style=\"height: 20px;\"><\/div>[\/vc_column][\/vc_row][vc_row][vc_column width=\u00bb1\/1&#8243;][vc_column_text]<\/p>\n<h3><strong><span style=\"color: #c1002b;\">Fomentar el esp\u00edritu emprendedor<\/span><br \/>\n<\/strong><\/h3>\n<div>Foment ha reforzado este a\u00f1o sus servicios de soporte y acompa\u00f1amiento a los emprendedores con un programa que brinda en toda Catalu\u00f1a asesoramiento t\u00e9cnico a las personas que tienen una idea de negocio y quieren probar hacerla realidad. De esta manera, este a\u00f1o, Foment en cooperaci\u00f3n con la Asociaci\u00f3n de Empresarias de la Mediterr\u00e1nea (AFAEMME) ha puesto en marcha este 2014 un <strong>programa de soporte a la emprendedur\u00eda por todo el territorio de Catalu\u00f1a<\/strong>. Este servicio se desarrolla en colaboraci\u00f3n con las organizaciones empresariales de Lleida (COELL), Tarragona (CEPTA), Barcelona (CEB) y Girona (FOEG) y ayudar\u00e1 a desarrollar proyectos de emprendedores a trav\u00e9s de la informaci\u00f3n y la orientaci\u00f3n; el asesoramiento personalizado; la formaci\u00f3n; y el seguimiento t\u00e9cnico. Barcelona, Tarragona, Lleida y Girona disponen de un equipo t\u00e9cnico de especialistas en asesorar y acompa\u00f1ar proyectos de emprendedur\u00eda que se dedicar\u00e1n a tiempo completo a ayudar a los emprendedores del territorio que quieran iniciar un nuevo negocio.<\/div>\n<p>&nbsp;<\/p>\n<div>Al mismo tiempo, desde el a\u00f1o 2010, Foment del Treball, a trav\u00e9s de su oficina de Creaci\u00f3n de Empresas ha intensificado las acciones y programas de soporte y acompa\u00f1amiento \u00a0a todas las personas que quieran emprender un proyecto empresarial. Limitar los supuestos de fracaso empresarial ofreciendo un asesoramiento personalizado y profesionalizado que d\u00e9 a las personas emprendedoras las herramientas para reflexionar alrededor de la viabilidad de su proyecto, es uno de los retos principales que se marca Foment. Interesa, no \u00fanicamente crear m\u00e1s empresas, sino aumentar la tasa de supervivencia.<\/div>\n<p>&nbsp;<\/p>\n<div>Por todo esto, la estrategia de Foment de apoyar a la emprendedur\u00eda se complementa tambi\u00e9n con:<\/div>\n<p>&nbsp;<\/p>\n<div>\u2022 <strong>Ciclo de seminarios <em>Reinventa\u2019t, transforma i crea<\/em><\/strong><\/div>\n<div>El ciclo de seminarios Reinventat nace en el 2012 para debatir sobre aspectos inherentes a la creaci\u00f3n de una empresa (m\u00e1rqueting, internacionalizaci\u00f3n, comunicaci\u00f3n, business angels&#8230;), acercando experiencias de empresarios consolidados con la ilusi\u00f3n de los nuevos emprendedores que empiezan. Casi 900 personas asistieron los a\u00f1os 2012 y 2013 en estas sesiones.<\/div>\n<p>&nbsp;<\/p>\n<div>\u2022 <strong>Meeting de Incubadoras Corporativas<\/strong><\/div>\n<div>Este proyecto nace en un momento de desarrollo de nuevos formatos de incubadoras y de crecimiento de programas de aceleraci\u00f3n, donde muchas empresas consolidadas han creado sus propios programas de soporte a los emprendedores como una v\u00eda complementaria al desarrollo de su estrategia corporativa, ya sea de innovaci\u00f3n, de inversi\u00f3n o de responsabilidad social. Foment realiz\u00f3 un primer encuentro en el a\u00f1o 2013, en qu\u00e9 participaron algunas de las principales compa\u00f1\u00edas con programas de soporte a la emprendeduria: Wayra (Telef\u00f3nica), Fundaci\u00f3n Repsol, Caixa Capital Risc i Microbank \u00a0(la Caixa), y Agbar.<\/div>\n<p>&nbsp;<\/p>\n<div>\u2022 <strong>El Moment de l\u2019Emprenedor (Colaboraci\u00f3n con UPF, UB, UAB i UPC)<\/strong><\/div>\n<div>Poder crear nexos entre Foment del Treball y las universidades es uno de los retos que se plantea El Moment de l&#8217;Emprenedor, un programa donde la patronal ofrece un espacio porque el emprendedor universitario pueda difundir su proyecto en el marco de un entorno empresarial. Este programa se desarrolla con 4 universidades catalanas: Universitat Pompeu Fabra, Universitat Polit\u00e8cnica de Catalunya, Universitat de Barcelona y Universitat Aut\u00f2noma de Barcelona.<\/div>\n<p>[\/vc_column_text][\/vc_column][\/vc_row][vc_row][vc_column width=\u00bb1\/1&#8243;]<div class=\"spacer\" style=\"height: 20px;\"><\/div><a href=\"\/wp-content\/uploads\/2016\/08\/Foment_del_Treball_2014.01.28_emprender_exportar_CAST.pdf\" target=\"_blank\" class=\"button color-2 small \" style=\"border-radius: 2px;\">Descarga la noticia en PDF<\/a>[\/vc_column][\/vc_row]<\/p>\n<\/section>","protected":false},"excerpt":{"rendered":"<p>[vc_row][vc_column width=\u00bb1\/1&#8243;][vc_column_text]La situaci\u00f3n econ\u00f3mica del pa\u00eds aconseja a los emprendedores pensar en un modelo de negocio capaz de internacionalizarse y abrir, por tanto, mercados en todas partes. Foment del Treball ha dedicado precisamente a les estrategias de internacionalizaci\u00f3n la primera sesi\u00f3n de 2014 de su ciclo de soporte a la emprendedur\u00eda Reinventa\u2019t, transforma i crea. Con esta finalidad se ha invitado al director de recursos y Servicios el Grupo Damm, Marcial Navarro, que ha explicado los objetivos del grupo cervecero y las motivaciones que conducen a su proceso de internacionalizaci\u00f3n.\u00a0\uf0a7 La clausura ha ido a cargo de Patricia Fern\u00e1ndez, directora de Executive Search de Experis, que es la empresa que patrocina el ciclo.[\/vc_column_text][\/vc_column][\/vc_row][vc_row][vc_column width=\u00bb1\/1&#8243;][\/vc_column][\/vc_row][vc_row][vc_column width=\u00bb1\/1&#8243;][vc_column_text]La experiencia del Grupo Damm, explicada por Navarro, ha servido a los asistentes a la sesi\u00f3n para conocer y comprender mejor las motivaciones que llevan a una gran compa\u00f1\u00eda a definir una estrategia de internacionalizaci\u00f3n y el proceso de reflexi\u00f3n y decisi\u00f3n que vierte en ello. Navarro ha explicado que \u201cla internacionalizaci\u00f3n es una decisi\u00f3n estrat\u00e9gica y prioritaria para la compa\u00f1\u00eda ya que la situaci\u00f3n obliga a abrirnos a nuevos mercados\u201d.[\/vc_column_text][\/vc_column][\/vc_row][vc_row][vc_column width=\u00bb1\/2&#8243;][\/vc_column][vc_column width=\u00bb1\/2&#8243;][\/vc_column][\/vc_row][vc_row][vc_column width=\u00bb1\/1&#8243;][vc_column_text]El ciclo Reinventa\u2019t, transforma i crea inicia este 2014 su tercera edici\u00f3n \u201cpara [&hellip;]<\/p>\n","protected":false},"author":24,"featured_media":18366,"comment_status":"closed","ping_status":"closed","sticky":false,"template":"","format":"standard","meta":{"_links_to":"","_links_to_target":""},"categories":[67,123,72],"tags":[],"acf":[],"wps_subtitle":"Tercera edici\u00f3n del ciclo de Foment del Treball en apoyo a la emprendedur\u00eda, Reinventa\u2019t, transforma i crea","_links":{"self":[{"href":"https:\/\/www.foment.com\/es\/wp-json\/wp\/v2\/posts\/16981"}],"collection":[{"href":"https:\/\/www.foment.com\/es\/wp-json\/wp\/v2\/posts"}],"about":[{"href":"https:\/\/www.foment.com\/es\/wp-json\/wp\/v2\/types\/post"}],"author":[{"embeddable":true,"href":"https:\/\/www.foment.com\/es\/wp-json\/wp\/v2\/users\/24"}],"replies":[{"embeddable":true,"href":"https:\/\/www.foment.com\/es\/wp-json\/wp\/v2\/comments?post=16981"}],"version-history":[{"count":0,"href":"https:\/\/www.foment.com\/es\/wp-json\/wp\/v2\/posts\/16981\/revisions"}],"wp:featuredmedia":[{"embeddable":true,"href":"https:\/\/www.foment.com\/es\/wp-json\/wp\/v2\/media\/18366"}],"wp:attachment":[{"href":"https:\/\/www.foment.com\/es\/wp-json\/wp\/v2\/media?parent=16981"}],"wp:term":[{"taxonomy":"category","embeddable":true,"href":"https:\/\/www.foment.com\/es\/wp-json\/wp\/v2\/categories?post=16981"},{"taxonomy":"post_tag","embeddable":true,"href":"https:\/\/www.foment.com\/es\/wp-json\/wp\/v2\/tags?post=16981"}],"curies":[{"name":"wp","href":"https:\/\/api.w.org\/{rel}","templated":true}]}}