{"id":16988,"date":"2014-01-28T09:00:35","date_gmt":"2014-01-28T08:00:35","guid":{"rendered":"http:\/\/foment.itartech.com\/?p=16988"},"modified":"2016-12-04T11:41:48","modified_gmt":"2016-12-04T10:41:48","slug":"foment-afaemme-ponen-marcha-programa-apoyo-la-emprendeduria-toda-catalunya","status":"publish","type":"post","link":"https:\/\/www.foment.com\/es\/foment-afaemme-ponen-marcha-programa-apoyo-la-emprendeduria-toda-catalunya\/","title":{"rendered":"Foment y AFAEMME ponen en marcha un programa de apoyo a la emprendeduria en toda Catalunya"},"content":{"rendered":"<section class=\"wpb-content-wrapper\"><p>[vc_row][vc_column width=\u00bb1\/1&#8243;][vc_column_text]Foment del Treball y la Asociaci\u00f3n de Federaciones y Asociaciones Empresariales del Mediterr\u00e1neo (AFAEMME) ponen en marcha este 2014 un programa de apoyo a la emprendeduria en todo el territorio de Catalunya. Este servicio se desarrolla en cooperaci\u00f3n con las organizaciones empresariales de Lleida (COELL), Tarragona (CEPTA), Barcelona (CEB) y Girona (FOEG) y ayudar\u00e1 al desarrollo de proyectos emprendedores a trav\u00e9s de la informaci\u00f3n y la orientaci\u00f3n; el asesoramiento personalizado; la formaci\u00f3n; y el seguimiento t\u00e9cnico.[\/vc_column_text][\/vc_column][\/vc_row][vc_row][vc_column width=\u00bb1\/1&#8243;][vc_column_text]Barcelona, Tarragona, Lleida y Girona disponen de un equipo t\u00e9cnico de especialistas en asesorar y acompa\u00f1ar proyectos de emprendeduria que se dedicaran a tiempo completo a ayudar a los emprendedores del territorio que quieran iniciar un negocio.[\/vc_column_text][\/vc_column][\/vc_row][vc_row][vc_column width=\u00bb1\/1&#8243;]<div class=\"spacer\" style=\"height: 20px;\"><\/div><div class=\"single_image wpb_content_element align-center    \" data-animation=\"none\" data-delay=\"0\"><img width=\"600\" height=\"324\" src=\"https:\/\/www.foment.com\/wp-content\/uploads\/2014\/01\/Foment_Del_treball_suport_emprenedoria_3.png\" class=\"attachment-full\" alt=\"\" loading=\"lazy\" title=\"El programa ha sido presentado hoy a los medios de comunicaci\u00f3n de Barcelona. \u00a9 Foment del Treball\" srcset=\"https:\/\/www.foment.com\/wp-content\/uploads\/2014\/01\/Foment_Del_treball_suport_emprenedoria_3.png 600w, https:\/\/www.foment.com\/wp-content\/uploads\/2014\/01\/Foment_Del_treball_suport_emprenedoria_3-300x162.png 300w\" sizes=\"(max-width: 600px) 100vw, 600px\" \/><span class=\"single_image_caption\"> El programa ha sido presentado hoy a los medios de comunicaci\u00f3n de Barcelona. \u00a9 Foment del Treball<\/span><\/div><div class=\"spacer\" style=\"height: 20px;\"><\/div>[\/vc_column][\/vc_row][vc_row][vc_column width=\u00bb1\/1&#8243;][vc_column_text]<\/p>\n<div>\n<div>El presidente de Foment, Joaquim Gay de Montell\u00e0, ha subrayado<strong> \u201cel alto grado de compromiso de Foment para hacer empresa y crear ocupaci\u00f3n y riqueza\u201d<\/strong>. De la misma forma, el presidente de la CEB, Alfonso Vil\u00e1, ha asegurado que <strong>\u201cpara luchar contra el paro, las organizaciones empresariales creen firmemente en la iniciativa privada, por eso ponemos en marcha programas de apoyo a la creaci\u00f3n de nuevas empresas\u201d<\/strong>.<\/div>\n<p>&nbsp;<\/p>\n<div>Por otro lado, la secretaria general de AFAEMME, Beatriz Fern\u00e1ndez-Tubau, ha se\u00f1alado que el programa quiere hacer especial hincapi\u00e9\u00a0en<strong> \u201cpromover la emprendeduria y asesorar a colectivos que por sus caracter\u00edsticas intr\u00ednsecas y extr\u00ednsecas tiene m\u00e1s dificultades para sacar proyectos adelante, como pueden ser las mujeres y los j\u00f3venes\u201d<\/strong>.<\/div>\n<p>&nbsp;<\/p>\n<h3><strong><span style=\"color: #c1002b;\">Nacimiento y mantenimiento de nuevas empresas<\/span><br \/>\n<\/strong><\/h3>\n<div>El programa de apoyo a la emprendeduria tiene el objetivo no s\u00f3lo de favorecer la creaci\u00f3n de nuevas empresas sino de ayudar a aumentar la tasa de supervivencia de las nuevas iniciativas empresariales. Por este motivo, el programa prev\u00e9 un seguimiento t\u00e9cnico durante el proceso de consolidaci\u00f3n de la nueva empresa que analice el desarrollo y defina, si procede, un plan de mejora. Al mismo tiempo, se pondr\u00e1n en contacto aquellas empresas creadas con un alto nivel de innovaci\u00f3n y con visi\u00f3n internacional con aquellos programas de apoyo a los emprendedores que tienen las grandes empresas del pa\u00eds, para profundizar en los diferentes proyectos de incubaci\u00f3n, aceleraci\u00f3n o inversi\u00f3n de las empresas consolidadas y las nuevas empresas que se pueden acoger.<\/div>\n<p>&nbsp;<\/p>\n<div>De la misma manera, el programa de apoyo a la emprendeduria que impulsan Foment y AFAEMME focalizara la acci\u00f3n en los colectivos m\u00e1s necesitados de asesoramiento porque a menudo emprenden por necesidad, como pueden ser los j\u00f3venes, los parados y las mujeres. Para este \u00faltimo colectivo, AFAEMME aporta toda su experiencia en la emprendeduria en femenino. Al mismo tiempo, el programa est\u00e1 dise\u00f1ado para limitar los supuestos de fracaso empresarial ofreciendo un asesoramiento personalizado y profesionalizado que d\u00e9 a las personas emprendedoras las herramientas para reflexionar acerca de la viabilidad de su proyecto; facilitar el acceso a la financiaci\u00f3n en las primeras etapas, ofreciendo asesoramiento para redactar un plan de empresa orientado a esta finalidad y un acompa\u00f1amiento, especialmente a las mujeres en la negociaci\u00f3n con las entidades financieras.<\/div>\n<p>&nbsp;<\/p>\n<div>No menos importante es el servicio de ventanilla \u00fanica para agilizar tr\u00e1mites que ofrece el programa a los emprendedores que den el paso de crear una empresa.<\/div>\n<p>&nbsp;<\/p>\n<h3><span style=\"color: #c1002b;\"><strong>Formaci\u00f3n y debate<\/strong><\/span><\/h3>\n<div>Las organizaciones empresariales que impulsan este programa de apoyo a la emprendeduria tiene muy presente la importancia de la formaci\u00f3n y de los espacios de reflexi\u00f3n para el desarrollo de nuevas empresas. Por esto, ofrece c\u00e1psulas formativas y sesiones de debate que versaran sobre las tem\u00e1ticas siguientes:<\/div>\n<p>[\/vc_column_text]<div class=\"spacer\" style=\"height: 10px;\"><\/div>[vc_row_inner][vc_column_inner width=\u00bb1\/2&#8243;][vc_column_text]<\/p>\n<h3>Barcelona<\/h3>\n<p>[\/vc_column_text]<div class=\"minti_list wpb_content_element color-grey circle\" style=\"\">\n<ul>\n<li>Aut\u00f2nom o societat, saps qu\u00e8 t\u2019interessa?<\/li>\n<li>ABC de l\u2019an\u00e0lisi financera de la teva empresa<\/li>\n<li>Sistemes alternatius de finan\u00e7ament bancari<\/li>\n<li>Novetats fiscals que cal con\u00e8ixer<\/li>\n<li>Fidelitzaci\u00f3 de clients<\/li>\n<li>M\u00e0rqueting amb pocs recursos<\/li>\n<li>Els errors m\u00e9s freq\u00fcents de l\u2019emprenedor<\/li>\n<li>Actituds i aptituds emprenedores<\/li>\n<li>Taller de rol models i networking<\/li>\n<li>Internacionalitzaci\u00f3: Com internacionalitzar la meva empresa<\/li>\n<li>Generaci\u00f3 d\u2019idees<\/li>\n<li>Corresponsabilitat<\/li>\n<\/ul>\n<\/div>[\/vc_column_inner][vc_column_inner width=\u00bb1\/2&#8243;][vc_column_text]<\/p>\n<h3>Girona, Lleida y Tarragona<\/h3>\n<p>[\/vc_column_text]<div class=\"minti_list wpb_content_element color-grey circle\" style=\"\">\n<ul>\n<li>Aut\u00f2nom o societat: saps qu\u00e8 t\u2019interessa?<\/li>\n<li>ABC de l\u2019an\u00e0lisi financera de la teva empresa<\/li>\n<li>Finan\u00e7ament alternatiu al sistema bancari<\/li>\n<li>Actituds i aptituds emprenedores<\/li>\n<li>Taller de rols models i networking<\/li>\n<li>Internacionalitzaci\u00f3: Com internacionalitzar la meva empresa<\/li>\n<\/ul>\n<\/div>[\/vc_column_inner][\/vc_row_inner]<div class=\"spacer\" style=\"height: 20px;\"><\/div>[vc_column_text]Este proyecto conjunto est\u00e1 enmarcado en la red Catalunya Empr\u00e8n y todos los servicios que se ofrecen est\u00e1n cofinanciados por el Fondo Social Europeo, El Ministerio de Ocupaci\u00f3n y Seguridad Social y \u00a0el Departament d\u2019Empresa i Ocupaci\u00f3 de la Generalidad de Catalunya.[\/vc_column_text]<div class=\"spacer\" style=\"height: 20px;\"><\/div><a href=\"\/wp-content\/uploads\/2016\/08\/Foment_del_Treball_2014.01.28_programa_apoyo_emprendedores_CAST.pdf\" target=\"_blank\" class=\"button color-2 small \" style=\"border-radius: 2px;\">Descarga la noticia en PDF<\/a>[\/vc_column][\/vc_row][vc_row][vc_column][vc_column_text]<\/p>\n<\/div>\n<p>[\/vc_column_text][\/vc_column][\/vc_row]<\/p>\n<\/section>","protected":false},"excerpt":{"rendered":"<p>[vc_row][vc_column width=\u00bb1\/1&#8243;][vc_column_text]Foment del Treball y la Asociaci\u00f3n de Federaciones y Asociaciones Empresariales del Mediterr\u00e1neo (AFAEMME) ponen en marcha este 2014 un programa de apoyo a la emprendeduria en todo el territorio de Catalunya. Este servicio se desarrolla en cooperaci\u00f3n con las organizaciones empresariales de Lleida (COELL), Tarragona (CEPTA), Barcelona (CEB) y Girona (FOEG) y ayudar\u00e1 al desarrollo de proyectos emprendedores a trav\u00e9s de la informaci\u00f3n y la orientaci\u00f3n; el asesoramiento personalizado; la formaci\u00f3n; y el seguimiento t\u00e9cnico.[\/vc_column_text][\/vc_column][\/vc_row][vc_row][vc_column width=\u00bb1\/1&#8243;][vc_column_text]Barcelona, Tarragona, Lleida y Girona disponen de un equipo t\u00e9cnico de especialistas en asesorar y acompa\u00f1ar proyectos de emprendeduria que se dedicaran a tiempo completo a ayudar a los emprendedores del territorio que quieran iniciar un negocio.[\/vc_column_text][\/vc_column][\/vc_row][vc_row][vc_column width=\u00bb1\/1&#8243;][\/vc_column][\/vc_row][vc_row][vc_column width=\u00bb1\/1&#8243;][vc_column_text] El presidente de Foment, Joaquim Gay de Montell\u00e0, ha subrayado \u201cel alto grado de compromiso de Foment para hacer empresa y crear ocupaci\u00f3n y riqueza\u201d. De la misma forma, el presidente de la CEB, Alfonso Vil\u00e1, ha asegurado que \u201cpara luchar contra el paro, las organizaciones empresariales creen firmemente en la iniciativa privada, por eso ponemos en marcha programas de apoyo a la creaci\u00f3n de nuevas empresas\u201d. &nbsp; Por otro lado, la secretaria general de AFAEMME, Beatriz Fern\u00e1ndez-Tubau, ha se\u00f1alado que el programa quiere [&hellip;]<\/p>\n","protected":false},"author":24,"featured_media":18373,"comment_status":"closed","ping_status":"closed","sticky":false,"template":"","format":"standard","meta":{"_links_to":"","_links_to_target":""},"categories":[67],"tags":[],"acf":[],"wps_subtitle":"\u200bEn cooperaci\u00f3n con la COELL (Lleida), FOEG (Girona), CEB (Barcelona) y CEPTA (Tarragona)","_links":{"self":[{"href":"https:\/\/www.foment.com\/es\/wp-json\/wp\/v2\/posts\/16988"}],"collection":[{"href":"https:\/\/www.foment.com\/es\/wp-json\/wp\/v2\/posts"}],"about":[{"href":"https:\/\/www.foment.com\/es\/wp-json\/wp\/v2\/types\/post"}],"author":[{"embeddable":true,"href":"https:\/\/www.foment.com\/es\/wp-json\/wp\/v2\/users\/24"}],"replies":[{"embeddable":true,"href":"https:\/\/www.foment.com\/es\/wp-json\/wp\/v2\/comments?post=16988"}],"version-history":[{"count":0,"href":"https:\/\/www.foment.com\/es\/wp-json\/wp\/v2\/posts\/16988\/revisions"}],"wp:featuredmedia":[{"embeddable":true,"href":"https:\/\/www.foment.com\/es\/wp-json\/wp\/v2\/media\/18373"}],"wp:attachment":[{"href":"https:\/\/www.foment.com\/es\/wp-json\/wp\/v2\/media?parent=16988"}],"wp:term":[{"taxonomy":"category","embeddable":true,"href":"https:\/\/www.foment.com\/es\/wp-json\/wp\/v2\/categories?post=16988"},{"taxonomy":"post_tag","embeddable":true,"href":"https:\/\/www.foment.com\/es\/wp-json\/wp\/v2\/tags?post=16988"}],"curies":[{"name":"wp","href":"https:\/\/api.w.org\/{rel}","templated":true}]}}