{"id":17011,"date":"2014-01-29T09:00:36","date_gmt":"2014-01-29T08:00:36","guid":{"rendered":"http:\/\/foment.itartech.com\/?p=17011"},"modified":"2016-12-04T11:36:52","modified_gmt":"2016-12-04T10:36:52","slug":"foment-espera-ministerio-empleo-reconsidere-la-cotizacion-las-llamadas-retribuciones-especie%e2%80%8b","status":"publish","type":"post","link":"https:\/\/www.foment.com\/es\/foment-espera-ministerio-empleo-reconsidere-la-cotizacion-las-llamadas-retribuciones-especie%e2%80%8b\/","title":{"rendered":"Foment espera que el Ministerio de Empleo reconsidere la cotizaci\u00f3n de las llamadas retribuciones en especie\u200b"},"content":{"rendered":"<section class=\"wpb-content-wrapper\"><p>[vc_row][vc_column width=\u00bb1\/1&#8243;][vc_column_text]Foment del Treball espera que el Ministerio de Empleo reconsidere la cotizaci\u00f3n obligatoria de las retribuciones en especie que ha incluido en el Real Decreto 16\/ 2003 de 20 de diciembre. Foment considera que este tipo de medida, junto con el incremento de las bases m\u00e1ximas de cotizaci\u00f3n en un 5%, perjudican la competitividad de las empresas y la generaci\u00f3n de puestos de trabajo e incide, por tanto, negativamente en la incipiente recuperaci\u00f3n econ\u00f3mica. De hecho, los costes laborales del mercado de trabajo de Espa\u00f1a son ya uno de los m\u00e1s elevados y, en concreto, las cotizaciones sociales a cargo de las empresas son las m\u00e1s elevadas de la Uni\u00f3n Europea y de la OCDE.<\/p>\n<div>Foment lamenta, asimismo, que la adopci\u00f3n de esta medida que implica la cotizaci\u00f3n obligatoria de los pagos en especie no ha sido ni comunicada ni negociada con los agentes sociales. Adem\u00e1s, es incluso contraria al compromiso expresado por el Gobierno en numerosas ocasiones de reducir las cotizaciones empresariales a la Seguridad Social. Por este motivo, Foment exige la participaci\u00f3n de los agentes sociales con car\u00e1cter previo a la adopci\u00f3n de medidas que, como \u00e9stas, son perjudiciales para las empresas y el grave impacto econ\u00f3mico y social de las que no se han valorado adecuadamente.<\/div>\n<p>[\/vc_column_text][\/vc_column][\/vc_row][vc_row][vc_column width=\u00bb1\/1&#8243;]<div class=\"spacer\" style=\"height: 20px;\"><\/div><a href=\"\/wp-content\/uploads\/2016\/08\/Foment_del_Treball_2014.01.29_Cotizaciones_en_especie_CAST.pdf\" target=\"_blank\" class=\"button color-2 small \" style=\"border-radius: 2px;\">Descarga la noticia en PDF<\/a>[\/vc_column][\/vc_row]<\/p>\n<\/section>","protected":false},"excerpt":{"rendered":"<p>[vc_row][vc_column width=\u00bb1\/1&#8243;][vc_column_text]Foment del Treball espera que el Ministerio de Empleo reconsidere la cotizaci\u00f3n obligatoria de las retribuciones en especie que ha incluido en el Real Decreto 16\/ 2003 de 20 de diciembre. Foment considera que este tipo de medida, junto con el incremento de las bases m\u00e1ximas de cotizaci\u00f3n en un 5%, perjudican la competitividad de las empresas y la generaci\u00f3n de puestos de trabajo e incide, por tanto, negativamente en la incipiente recuperaci\u00f3n econ\u00f3mica. De hecho, los costes laborales del mercado de trabajo de Espa\u00f1a son ya uno de los m\u00e1s elevados y, en concreto, las cotizaciones sociales a cargo de las empresas son las m\u00e1s elevadas de la Uni\u00f3n Europea y de la OCDE. Foment lamenta, asimismo, que la adopci\u00f3n de esta medida que implica la cotizaci\u00f3n obligatoria de los pagos en especie no ha sido ni comunicada ni negociada con los agentes sociales. Adem\u00e1s, es incluso contraria al compromiso expresado por el Gobierno en numerosas ocasiones de reducir las cotizaciones empresariales a la Seguridad Social. Por este motivo, Foment exige la participaci\u00f3n de los agentes sociales con car\u00e1cter previo a la adopci\u00f3n de medidas que, como \u00e9stas, son perjudiciales para las empresas y el grave impacto econ\u00f3mico [&hellip;]<\/p>\n","protected":false},"author":24,"featured_media":0,"comment_status":"closed","ping_status":"closed","sticky":false,"template":"","format":"standard","meta":{"_links_to":"","_links_to_target":""},"categories":[73],"tags":[],"acf":[],"wps_subtitle":"\u200bLas cotizaciones sociales a cargo de las empresas ya son de las m\u00e1s elevadas de la Uni\u00f3n Europea y la OCDE, lo que les resta competitividad\u200b","_links":{"self":[{"href":"https:\/\/www.foment.com\/es\/wp-json\/wp\/v2\/posts\/17011"}],"collection":[{"href":"https:\/\/www.foment.com\/es\/wp-json\/wp\/v2\/posts"}],"about":[{"href":"https:\/\/www.foment.com\/es\/wp-json\/wp\/v2\/types\/post"}],"author":[{"embeddable":true,"href":"https:\/\/www.foment.com\/es\/wp-json\/wp\/v2\/users\/24"}],"replies":[{"embeddable":true,"href":"https:\/\/www.foment.com\/es\/wp-json\/wp\/v2\/comments?post=17011"}],"version-history":[{"count":0,"href":"https:\/\/www.foment.com\/es\/wp-json\/wp\/v2\/posts\/17011\/revisions"}],"wp:attachment":[{"href":"https:\/\/www.foment.com\/es\/wp-json\/wp\/v2\/media?parent=17011"}],"wp:term":[{"taxonomy":"category","embeddable":true,"href":"https:\/\/www.foment.com\/es\/wp-json\/wp\/v2\/categories?post=17011"},{"taxonomy":"post_tag","embeddable":true,"href":"https:\/\/www.foment.com\/es\/wp-json\/wp\/v2\/tags?post=17011"}],"curies":[{"name":"wp","href":"https:\/\/api.w.org\/{rel}","templated":true}]}}