{"id":170158,"date":"2023-10-03T16:55:19","date_gmt":"2023-10-03T14:55:19","guid":{"rendered":"https:\/\/www.foment.com\/?p=170158"},"modified":"2023-11-23T13:43:22","modified_gmt":"2023-11-23T12:43:22","slug":"el-descenso-de-la-contratacion-interanual-confirma-los-efectos-de-desaceleracion-en-el-empleo","status":"publish","type":"post","link":"https:\/\/www.foment.com\/es\/el-descenso-de-la-contratacion-interanual-confirma-los-efectos-de-desaceleracion-en-el-empleo\/","title":{"rendered":"El descenso de la contrataci\u00f3n interanual confirma los efectos de desaceleraci\u00f3n en el empleo"},"content":{"rendered":"<section class=\"wpb-content-wrapper\"><p>[vc_row][vc_column][vc_column_text]<\/p>\n<ul>\n<li><strong>Foment se\u00f1ala que este descenso en la contrataci\u00f3n puede deberse a una menor creaci\u00f3n de oportunidades de negocio por parte de las empresas, junto con la dificultad de encontrar trabajadores en determinados \u00e1mbitos<\/strong><\/li>\n<li><strong>La patronal alerta de la creciente mortalidad de los contratos indefinidos y del desfase entre el paro registrado y el efectivo<\/strong><\/li>\n<li><strong>Ante esta coyuntura, Foment pide revertir determinadas normativas y medidas recientes que han comportado dificultades para contratar y un aumento de costes empresariales relevantes y constantes que perjudican al empleo y la contrataci\u00f3n<\/strong><\/li>\n<\/ul>\n<p>El n\u00famero de desempleados en Catalu\u00f1a se ha reducido en el mes de septiembre en <strong>3.440 personas<\/strong> (- 1,02%). En t\u00e9rminos interanuales,<strong> el paro registrado ha descendido en 18.886<\/strong> (-5,33%). <strong>El n\u00famero de parados se sit\u00faa en 335.432 personas<\/strong>.<\/p>\n<p>Respecto a la contrataci\u00f3n, <strong>se han efectuado m\u00e1s contratos que el mes anterior (46.110 contratos m\u00e1s)<\/strong>, de los cuales 48,64% (103.957 contratos) lo han sido de car\u00e1cter indefinido, y el resto (51,36%, es decir, 109.753 contratos) han sido temporales.<\/p>\n<p><strong>Foment del Treball considera que septiembre es un mes especial donde convive un equilibrio delicado<\/strong> entre el comportamiento de determinados sectores que finalizan su pico estacional de actividad despu\u00e9s del verano, con los sectores que recuperan su actividad despu\u00e9s del paro estival.<\/p>\n<p><strong>Este septiembre ha sido un mes con creaci\u00f3n de empleo, lo que es positivo<\/strong>, pero con datos <strong>no especialmente significativos<\/strong>, con ligeras desaceleraciones en la creaci\u00f3n de empleo y de afiliados a la Seguridad Social en t\u00e9rminos interanuales.<\/p>\n<p><strong>La contrataci\u00f3n ha crecido en septiembre como es tradicional por motivos estacionales<\/strong> impulsados primordialmente por la educaci\u00f3n, pero <strong>en t\u00e9rminos interanuales el descenso de la contrataci\u00f3n es preocupante por dos motivos<\/strong>: El primero, porque puede denotar menos oportunidades de creaci\u00f3n de negocio por parte de las empresas. Y el segundo, por la problem\u00e1tica de la dificultad de encontrar trabajadores en determinados \u00e1mbitos, a pesar de las necesidades empresariales de contrataci\u00f3n.<\/p>\n<p>Por otra parte, <strong>sigue creciendo la mortalidad de los contratos indefinidos y el desfase entre el paro registrado y el efectivo<\/strong>, como consecuencia de que la Reforma Laboral obliga a formalizar determinados contratos indefinidos para cubrir necesidades temporales, y que la normativa considera como ocupados a un gran n\u00famero de trabajadores fijos discontinuos inactivos, que en realidad deber\u00edan considerarse a efectos estad\u00edsticos como parados.<\/p>\n<p>En definitiva, <strong>debe observarse la evoluci\u00f3n de una cierta desaceleraci\u00f3n en el empleo<\/strong> que se est\u00e1 detectando en los \u00faltimos meses, as\u00ed como revertir determinadas normativas y medidas recientes que han comportado dificultades para contratar y un aumento de costes empresariales relevantes y constantes, que perjudican al empleo y la contrataci\u00f3n.[\/vc_column_text]<div class=\"video-embed  wpb_content_element\"><iframe title=\"El descens de la contractaci\u00f3 interanual confirma els efectes de desacceleraci\u00f3 en l\u2019ocupaci\u00f3\" width=\"1161\" height=\"653\" src=\"https:\/\/www.youtube.com\/embed\/TpASer7Wy2E?feature=oembed\" frameborder=\"0\" allow=\"accelerometer; autoplay; clipboard-write; encrypted-media; gyroscope; picture-in-picture; web-share\" referrerpolicy=\"strict-origin-when-cross-origin\" allowfullscreen><\/iframe><\/div>[vc_column_text]<a href=\"https:\/\/www.foment.com\/wp-content\/uploads\/2023\/10\/notatur-1.jpg\"><img loading=\"lazy\" class=\"size-full wp-image-170159 aligncenter\" src=\"https:\/\/www.foment.com\/wp-content\/uploads\/2023\/10\/notatur-1.jpg\" alt=\"\" width=\"791\" height=\"369\" srcset=\"https:\/\/www.foment.com\/wp-content\/uploads\/2023\/10\/notatur-1.jpg 791w, https:\/\/www.foment.com\/wp-content\/uploads\/2023\/10\/notatur-1-300x140.jpg 300w, https:\/\/www.foment.com\/wp-content\/uploads\/2023\/10\/notatur-1-768x358.jpg 768w\" sizes=\"(max-width: 791px) 100vw, 791px\" \/><\/a><\/p>\n<p style=\"text-align: center;\"><span style=\"font-size: 10pt;\">Fuente: Elaboraci\u00f3n propia a partir de los datos del Ministerio de Trabajo y Econom\u00eda Social<\/span><\/p>\n<p>&nbsp;<\/p>\n<p>La cifra del paro registrado en Catalu\u00f1a se sit\u00faa en 335.432 personas desempleadas.<\/p>\n<p>El descenso, <u>en t\u00e9rminos interanuales<\/u>, del paro registrado del -5,33% supone 18.886 personas menos desempleadas en relaci\u00f3n con el mismo mes del a\u00f1o anterior. En este sentido hemos pasado de variaciones interanuales en el mes de septiembre de 2022 del -6,38% al -5,33% este mes de septiembre.<\/p>\n<p>&nbsp;<\/p>\n<p><a href=\"https:\/\/www.foment.com\/wp-content\/uploads\/2023\/10\/variazzione.jpg\"><img loading=\"lazy\" class=\"size-full wp-image-170168 aligncenter\" src=\"https:\/\/www.foment.com\/wp-content\/uploads\/2023\/10\/variazzione.jpg\" alt=\"\" width=\"757\" height=\"369\" srcset=\"https:\/\/www.foment.com\/wp-content\/uploads\/2023\/10\/variazzione.jpg 757w, https:\/\/www.foment.com\/wp-content\/uploads\/2023\/10\/variazzione-300x146.jpg 300w\" sizes=\"(max-width: 757px) 100vw, 757px\" \/><\/a><\/p>\n<p style=\"text-align: center;\"><span style=\"font-size: 10pt;\">Fuente: elaboraci\u00f3n propia a partir de los datos del Ministerio de Trabajo y Econom\u00eda Social.<\/span><\/p>\n<p>&nbsp;<\/p>\n<p>Respecto a la <u>variaci\u00f3n mensual<\/u>, en Catalu\u00f1a, en este mes de septiembre de 2023 el paro ha registrado un descenso de 3.440 personas desempleadas respecto al mes anterior (un -1,02%).<\/p>\n<p>&nbsp;<\/p>\n<p><a href=\"https:\/\/www.foment.com\/wp-content\/uploads\/2023\/10\/catalun.jpg\"><img loading=\"lazy\" class=\"size-full wp-image-170172 aligncenter\" src=\"https:\/\/www.foment.com\/wp-content\/uploads\/2023\/10\/catalun.jpg\" alt=\"\" width=\"667\" height=\"300\" srcset=\"https:\/\/www.foment.com\/wp-content\/uploads\/2023\/10\/catalun.jpg 667w, https:\/\/www.foment.com\/wp-content\/uploads\/2023\/10\/catalun-300x135.jpg 300w\" sizes=\"(max-width: 667px) 100vw, 667px\" \/><\/a><\/p>\n<p style=\"text-align: center;\"><span style=\"font-size: 10pt;\">Fuente: elaboraci\u00f3n propia a partir de los datos del Ministerio de Trabajo y Econom\u00eda Social.<\/span><\/p>\n<p>&nbsp;<\/p>\n<p>Por sectores, el paro se reduce en todos los sectores, excepto en agricultura y personas sin empleo anterior, concentr\u00e1ndose el mayor descenso del paro registrado en el sector servicios. En este sentido, en el sector de la agricultura el paro registrado aumenta en 140 personas y en 577 en personas sin empleo anterior, y se reduce en 445 personas en la industria, en 338 personas en la construcci\u00f3n y en 3.374 personas en el sector servicios.<\/p>\n<p>Por provincias, el paro registrado mensualmente se reduce en todas las provincias, excepto en Tarragona. En este sentido, en Barcelona se reduce en 3.537 personas, en Girona en 10 personas, en Lleida en 11 personas. En Tarragona se incrementa en 118 personas. En t\u00e9rminos interanuales, el paro disminuye en un 3,61% en Barcelona, en un 10,55% en Girona, en un 14,19% en Lleida y en un 7,65% en Tarragona.<\/p>\n<p>El paro registrado en cada provincia se sit\u00faa este mes de septiembre en 249.491 en Barcelona, 29.822 en Girona, 16.713 en Lleida y 39.406 en Tarragona.<\/p>\n<p>&nbsp;<\/p>\n<p><u>Contrataci\u00f3n<\/u>. Respecto al n\u00famero de contratos registrados este mes se sit\u00faan en 213.710 contratos, de los cuales 48,64% (103.957 contratos) lo han sido de car\u00e1cter indefinido, y el resto (51,36%, es decir, 109.753 contratos) han sido temporales. El n\u00famero de contratos registrados en Catalu\u00f1a aumenta en un 27,51% respecto al mes anterior (46.110 contratos m\u00e1s) y se reducen en un -19,36% respecto al mes de septiembre de 2022 (51.296 contratos menos).<\/p>\n<p>&nbsp;<\/p>\n<p><u>A nivel estatal<\/u> el paro registrado se ha incrementado en 19.768 personas en relaci\u00f3n al mes anterior (0,73%). La cifra de paro a nivel estatal se sit\u00faa en el mes de septiembre de 2023 en 2.722.468 personas (-7,46% en t\u00e9rminos anuales).<\/p>\n<p>&nbsp;<\/p>\n<p><u>Afiliaci\u00f3n.<\/u> En Catalu\u00f1a, el n\u00famero de afiliados a la Seguridad Social se ha situado en el mes de septiembre de 2023 en 3.702.790 ocupados, lo que supone 9.394 ocupados m\u00e1s respecto el mes de agosto (0,25%) y 89.428 ocupados m\u00e1s respecto al mismo mes del a\u00f1o anterior (2,47%).<\/p>\n<p>&nbsp;<\/p>\n<p><a href=\"https:\/\/www.foment.com\/wp-content\/uploads\/2023\/10\/Sin-titulovdfg.png\"><img loading=\"lazy\" class=\"size-full wp-image-170177 aligncenter\" src=\"https:\/\/www.foment.com\/wp-content\/uploads\/2023\/10\/Sin-titulovdfg.png\" alt=\"\" width=\"778\" height=\"369\" srcset=\"https:\/\/www.foment.com\/wp-content\/uploads\/2023\/10\/Sin-titulovdfg.png 778w, https:\/\/www.foment.com\/wp-content\/uploads\/2023\/10\/Sin-titulovdfg-300x142.png 300w, https:\/\/www.foment.com\/wp-content\/uploads\/2023\/10\/Sin-titulovdfg-768x364.png 768w\" sizes=\"(max-width: 778px) 100vw, 778px\" \/><\/a><\/p>\n<p style=\"text-align: center;\"><span style=\"font-size: 10pt;\">Fuente: elaboraci\u00f3n propia a partir de los datos del Ministerio de Inclusi\u00f3n, Seguridad Social y Migraciones.<\/span><\/p>\n<p>&nbsp;<\/p>\n<p><u>En \u00e1mbito estatal<\/u> el n\u00famero de afiliados a la Seguridad Social se ha situado en el mes de septiembre en 20.724.796, lo que supone un incremento de 18.295 ocupados (0,09%) respecto el mes de agosto y de 544.508 ocupados m\u00e1s respecto al mismo mes del a\u00f1o anterior (2,70%).[\/vc_column_text][\/vc_column][\/vc_row]<\/p>\n<\/section>","protected":false},"excerpt":{"rendered":"<p>[vc_row][vc_column][vc_column_text] Foment se\u00f1ala que este descenso en la contrataci\u00f3n puede deberse a una menor creaci\u00f3n de oportunidades de negocio por parte de las empresas, junto con la dificultad de encontrar trabajadores en determinados \u00e1mbitos La patronal alerta de la creciente mortalidad de los contratos indefinidos y del desfase entre el paro registrado y el efectivo Ante esta coyuntura, Foment pide revertir determinadas normativas y medidas recientes que han comportado dificultades para contratar y un aumento de costes empresariales relevantes y constantes que perjudican al empleo y la contrataci\u00f3n El n\u00famero de desempleados en Catalu\u00f1a se ha reducido en el mes de septiembre en 3.440 personas (- 1,02%). En t\u00e9rminos interanuales, el paro registrado ha descendido en 18.886 (-5,33%). El n\u00famero de parados se sit\u00faa en 335.432 personas. Respecto a la contrataci\u00f3n, se han efectuado m\u00e1s contratos que el mes anterior (46.110 contratos m\u00e1s), de los cuales 48,64% (103.957 contratos) lo han sido de car\u00e1cter indefinido, y el resto (51,36%, es decir, 109.753 contratos) han sido temporales. Foment del Treball considera que septiembre es un mes especial donde convive un equilibrio delicado entre el comportamiento de determinados sectores que finalizan su pico estacional de actividad despu\u00e9s del verano, con los sectores [&hellip;]<\/p>\n","protected":false},"author":281,"featured_media":170209,"comment_status":"closed","ping_status":"closed","sticky":false,"template":"","format":"standard","meta":{"_links_to":"","_links_to_target":""},"categories":[114,5714,73],"tags":[303,299],"acf":[],"wps_subtitle":"","_links":{"self":[{"href":"https:\/\/www.foment.com\/es\/wp-json\/wp\/v2\/posts\/170158"}],"collection":[{"href":"https:\/\/www.foment.com\/es\/wp-json\/wp\/v2\/posts"}],"about":[{"href":"https:\/\/www.foment.com\/es\/wp-json\/wp\/v2\/types\/post"}],"author":[{"embeddable":true,"href":"https:\/\/www.foment.com\/es\/wp-json\/wp\/v2\/users\/281"}],"replies":[{"embeddable":true,"href":"https:\/\/www.foment.com\/es\/wp-json\/wp\/v2\/comments?post=170158"}],"version-history":[{"count":10,"href":"https:\/\/www.foment.com\/es\/wp-json\/wp\/v2\/posts\/170158\/revisions"}],"predecessor-version":[{"id":170234,"href":"https:\/\/www.foment.com\/es\/wp-json\/wp\/v2\/posts\/170158\/revisions\/170234"}],"wp:featuredmedia":[{"embeddable":true,"href":"https:\/\/www.foment.com\/es\/wp-json\/wp\/v2\/media\/170209"}],"wp:attachment":[{"href":"https:\/\/www.foment.com\/es\/wp-json\/wp\/v2\/media?parent=170158"}],"wp:term":[{"taxonomy":"category","embeddable":true,"href":"https:\/\/www.foment.com\/es\/wp-json\/wp\/v2\/categories?post=170158"},{"taxonomy":"post_tag","embeddable":true,"href":"https:\/\/www.foment.com\/es\/wp-json\/wp\/v2\/tags?post=170158"}],"curies":[{"name":"wp","href":"https:\/\/api.w.org\/{rel}","templated":true}]}}