{"id":17031,"date":"2014-01-30T09:00:49","date_gmt":"2014-01-30T08:00:49","guid":{"rendered":"http:\/\/foment.itartech.com\/?p=17031"},"modified":"2016-12-04T14:10:46","modified_gmt":"2016-12-04T13:10:46","slug":"foment-formacio-inicia-exito-primer-master-community-management-personal-branding-social-media-tools","status":"publish","type":"post","link":"https:\/\/www.foment.com\/es\/foment-formacio-inicia-exito-primer-master-community-management-personal-branding-social-media-tools\/","title":{"rendered":"Foment Formaci\u00f3 inicia con \u00e9xito su primer M\u00e1ster en Community Management, Personal Branding &#038; Social Media Tools"},"content":{"rendered":"<section class=\"wpb-content-wrapper\"><p>[vc_row][vc_column width=\u00bb1\/1&#8243;][vc_column_text]<a href=\"http:\/\/www.fomentformacio.com\/\" target=\"_blank\">Foment Formaci\u00f3<\/a>,\u00a0el centro de formaci\u00f3n de Foment del Treball, ha iniciado con \u00e9xito su primer M\u00e0ster en <em>Community Management, Personal Branding &amp; Social Media Tools<\/em>\u00a0al haber\u00a0comenzando el programa con todas las plazas agotadas y solicitudes para una segunda edici\u00f3n. De hecho, es el primer m\u00e1ster presencial que ofrece Foment Formaci\u00f3, como un paso m\u00e1s hacia el proyecto de renovaci\u00f3n de su oferta formativa \u2013en fondo y en forma- para adecuarla a las nuevas necesidades del mercado laboral de Catalu\u00f1a..[\/vc_column_text][\/vc_column][\/vc_row][vc_row][vc_column width=\u00bb1\/1&#8243;]<div class=\"spacer\" style=\"height: 20px;\"><\/div><div class=\"single_image wpb_content_element align-center    \" data-animation=\"none\" data-delay=\"0\"><img width=\"600\" height=\"400\" src=\"https:\/\/www.foment.com\/wp-content\/uploads\/2014\/01\/Foment-Formacio-master-community-management.jpg\" class=\"attachment-full\" alt=\"\" loading=\"lazy\" title=\"Lo cursan 18 personas en diferentes situaciones laborales que han valorado el enfoque de detalle que el m\u00e1ster ofrece. \u00a9 Foment del Treball\" srcset=\"https:\/\/www.foment.com\/wp-content\/uploads\/2014\/01\/Foment-Formacio-master-community-management.jpg 600w, https:\/\/www.foment.com\/wp-content\/uploads\/2014\/01\/Foment-Formacio-master-community-management-300x200.jpg 300w\" sizes=\"(max-width: 600px) 100vw, 600px\" \/><span class=\"single_image_caption\">Lo cursan 18 personas en diferentes situaciones laborales que han valorado el enfoque de detalle que el m\u00e1ster ofrece. \u00a9 Foment del Treball<\/span><\/div><div class=\"spacer\" style=\"height: 20px;\"><\/div>[\/vc_column][\/vc_row][vc_row][vc_column width=\u00bb1\/1&#8243;][vc_column_text]<\/p>\n<div>El <a href=\"http:\/\/www.fomentformacio.com\/?p=794\" target=\"_blank\">m\u00e0ster<\/a>, con una duraci\u00f3n de 112 horas, ha iniciado sus clases este pasado 24 de enero. Las sesiones se desarrollar\u00e1n los viernes de 18:30 h a 21:30 h y los s\u00e1bados de 10 h a 14 h. Lo cursan 18 personas en diferentes situaciones laborales que han valorado el enfoque de detalle que el m\u00e1ster ofrece sobre cuestiones como la marca personal o la gesti\u00f3n de comunidades en las redes sociales. La coordinadora docente del m\u00e1ster es\u00a0<a href=\"http:\/\/www.linkedin.com\/in\/juanitaacevedo\" target=\"_blank\">Juanita Acevedo<\/a>, formadora empresarial i <em>coach<\/em>personal.<\/div>\n<p>&nbsp;<\/p>\n<h3><strong><span style=\"color: #c1002b;\">Renovaci\u00f3n profunda de la oferta formativa<\/span><br \/>\n<\/strong><\/h3>\n<div>\n<p><strong><a href=\"http:\/\/www.fomentformacio.com\/\" target=\"_blank\"><img loading=\"lazy\" class=\"ms-rtePosition-2 ms-rteImage-2 alignright\" src=\"\/wp-content\/uploads\/2016\/12\/fomentformacio.jpg\" alt=\"\" width=\"341\" height=\"128\" \/><\/a><\/strong><\/p>\n<div><span style=\"color: #7f7f7f;\">Desde el curso 2012-2013, Foment Formaci\u00f3 ha renovado paulatinamente y en profundidad su oferta formativa, tanto en el fondo como en la forma. El centro de formaci\u00f3n de Foment del Treball se ha adaptado al cambio de contexto socioecon\u00f3mico de los \u00faltimos a\u00f1os todo incrementando su oferta formativa con nuevas tem\u00e1ticas y modalidades lectivas, entre las cuales gana protagonismo el\u00a0<\/span>eleargnin<span style=\"color: #7f7f7f;\">, los programas formativos hechos a medida de las empresas y propuestas de valor a\u00f1adido como el programa de m\u00e1sters que precisamente se inicia con este M\u00e1ster en <em>Comunity Management, Personal Branding &amp; Social Media Tools<\/em>. Al mismo tiempo, Foment Formaci\u00f3 mantiene la gesti\u00f3n de la formaci\u00f3n bonificada para las empresas y de la formaci\u00f3n subvencionada, un campo que ha cambiado notablemente en los \u00faltimos a\u00f1os<\/span><span style=\"color: #c1002b;\">.<\/span><\/div>\n<p>&nbsp;<\/p>\n<div>De esta manera, Foment Formaci\u00f3 puso en marcha este pasado curso 2012-2013 nuevos canales de comunicaci\u00f3n y de gesti\u00f3n para sus p\u00fablicos; con la entrada en servicio de la nueva p\u00e1gina web,<a href=\"http:\/\/www.fomentformacio.com\/\" target=\"_blank\">www.fomentformacio.com<\/a>, Foment Formaci\u00f3 mejora exponencialmente sus canales de comunicaci\u00f3n con todos sus p\u00fablicos; el nuevo entorno web posibilita consultar al detalle toda la oferta formativa de Foment Formaci\u00f3 desde m\u00faltiples focos de inter\u00e9s. Al mismo tiempo, Foment Formaci\u00f3 potencia la comunicaci\u00f3n instant\u00e1nea a trav\u00e9s de sus perfiles en las redes sociales.<\/div>\n<p>&nbsp;<\/p>\n<div>Al mismo tiempo, Foment Formaci\u00f3 ha potenciado su oferta de cursos \u00edntegramente online con el despliegue de una completa plataforma elearning y una APP para dispositivos m\u00f3viles (de momento, s\u00f3lo para el sistema operativo IOS). Foment ha multiplicado de esta manera su oferta con m\u00e1s de 200 cursos online sobre las especialidades m\u00e1s demandadas en \u00e1mbitos como el de las nuevas tecnolog\u00edas, los idiomas, el turismo, la gesti\u00f3n ambiental o el m\u00e1rqueting. Son cursos para realizar totalmente online, de pago, que toda empresa tiene opci\u00f3n de bonificarse.<\/div>\n<p>&nbsp;<\/p>\n<h3><\/h3>\n<h3><strong><span style=\"color: #c1002b;\">Foment Formaci\u00f3, referencia de la formaci\u00f3n continua<\/span><br \/>\n<\/strong><\/h3>\n<div>En el a\u00f1o 1977, con el nuevo impulso que coge Foment del Treball en el marco de la Transici\u00f3n pol\u00edtica hacia un sistema democr\u00e1tico, la patronal catalana apuesta decididamente por la formaci\u00f3n continuada para profesionales y empresas. Crea su Centre de Formaci\u00f3 que r\u00e1pidamente se convierte en referencia en el pa\u00eds en cuanto a formaci\u00f3n continuada. De esta manera, el Centre de Formaci\u00f3 de la patronal catalana fue creciendo a lo largo de la d\u00e9cada de los 80 pasando, por ejemplo, de impartir 16 cursos en el a\u00f1o 1981 a impartir 163 en el a\u00f1o 1990.<\/div>\n<p>&nbsp;<\/p>\n<div>Ampliaci\u00f3n de tem\u00e1ticas y materias y de horas lectivas en un centro que en el a\u00f1o 1988 contaba con 11 aulas y que en el a\u00f1o 1995 se ampli\u00f3 hasta los 813 metros cuadrados y las 13 aulas, todo ello para dar acogida a la creciente demanda de unos usuarios que si en el a\u00f1o 1981 alcanzaban el millar, a mediados de los 90 ya se acercaban a los 5.000. El transcurso de los a\u00f1os ha multiplicado la capacidad formadora del Centre de Foment del Treball, que el curso 2010-2011 dio un paso relevante doblando su capacidad hasta los 2.600 metros cuadrados y las 30 aulas, abriendo nuevas l\u00edneas formativas y renovando los soportes, para dar respuesta a una demanda consolidada, creciente y exigente, que supone ya 12.000 usuarios al a\u00f1o en Barcelona y 27.000 en toda Catalu\u00f1a.<\/div>\n<p>&nbsp;<\/p>\n<div>Ahora, desde el curso 2012-2013, trabaja en la adecuaci\u00f3n de su oferta formativa a las necesidades actuales del mercado laboral de Catalu\u00f1a.<\/div>\n<\/div>\n<p>[\/vc_column_text][\/vc_column][\/vc_row][vc_row][vc_column width=\u00bb1\/1&#8243;]<div class=\"spacer\" style=\"height: 20px;\"><\/div><a href=\"\/wp-content\/uploads\/2016\/08\/Foment_del_Treball_2014.01.30_Foment_Formacio_Master_Community_management_CAST.pdf\" target=\"_blank\" class=\"button color-2 small \" style=\"border-radius: 2px;\">Descarga la noticia en PDF<\/a>[\/vc_column][\/vc_row]<\/p>\n<\/section>","protected":false},"excerpt":{"rendered":"<p>[vc_row][vc_column width=\u00bb1\/1&#8243;][vc_column_text]Foment Formaci\u00f3,\u00a0el centro de formaci\u00f3n de Foment del Treball, ha iniciado con \u00e9xito su primer M\u00e0ster en Community Management, Personal Branding &amp; Social Media Tools\u00a0al haber\u00a0comenzando el programa con todas las plazas agotadas y solicitudes para una segunda edici\u00f3n. De hecho, es el primer m\u00e1ster presencial que ofrece Foment Formaci\u00f3, como un paso m\u00e1s hacia el proyecto de renovaci\u00f3n de su oferta formativa \u2013en fondo y en forma- para adecuarla a las nuevas necesidades del mercado laboral de Catalu\u00f1a..[\/vc_column_text][\/vc_column][\/vc_row][vc_row][vc_column width=\u00bb1\/1&#8243;][\/vc_column][\/vc_row][vc_row][vc_column width=\u00bb1\/1&#8243;][vc_column_text] El m\u00e0ster, con una duraci\u00f3n de 112 horas, ha iniciado sus clases este pasado 24 de enero. Las sesiones se desarrollar\u00e1n los viernes de 18:30 h a 21:30 h y los s\u00e1bados de 10 h a 14 h. Lo cursan 18 personas en diferentes situaciones laborales que han valorado el enfoque de detalle que el m\u00e1ster ofrece sobre cuestiones como la marca personal o la gesti\u00f3n de comunidades en las redes sociales. La coordinadora docente del m\u00e1ster es\u00a0Juanita Acevedo, formadora empresarial i coachpersonal. &nbsp; Renovaci\u00f3n profunda de la oferta formativa Desde el curso 2012-2013, Foment Formaci\u00f3 ha renovado paulatinamente y en profundidad su oferta formativa, tanto en el fondo como en la forma. El centro de formaci\u00f3n de [&hellip;]<\/p>\n","protected":false},"author":24,"featured_media":18385,"comment_status":"closed","ping_status":"closed","sticky":false,"template":"","format":"standard","meta":{"_links_to":"","_links_to_target":""},"categories":[113],"tags":[],"acf":[],"wps_subtitle":"Es el primer m\u00e1ster presencial que ofrece Foment Formaci\u00f3, como un paso m\u00e1s hacia el proyecto de renovaci\u00f3n de su oferta formativa para adecuarse a nuestras necesidades del mercado laboral de Catalu\u00f1a\u200b","_links":{"self":[{"href":"https:\/\/www.foment.com\/es\/wp-json\/wp\/v2\/posts\/17031"}],"collection":[{"href":"https:\/\/www.foment.com\/es\/wp-json\/wp\/v2\/posts"}],"about":[{"href":"https:\/\/www.foment.com\/es\/wp-json\/wp\/v2\/types\/post"}],"author":[{"embeddable":true,"href":"https:\/\/www.foment.com\/es\/wp-json\/wp\/v2\/users\/24"}],"replies":[{"embeddable":true,"href":"https:\/\/www.foment.com\/es\/wp-json\/wp\/v2\/comments?post=17031"}],"version-history":[{"count":0,"href":"https:\/\/www.foment.com\/es\/wp-json\/wp\/v2\/posts\/17031\/revisions"}],"wp:featuredmedia":[{"embeddable":true,"href":"https:\/\/www.foment.com\/es\/wp-json\/wp\/v2\/media\/18385"}],"wp:attachment":[{"href":"https:\/\/www.foment.com\/es\/wp-json\/wp\/v2\/media?parent=17031"}],"wp:term":[{"taxonomy":"category","embeddable":true,"href":"https:\/\/www.foment.com\/es\/wp-json\/wp\/v2\/categories?post=17031"},{"taxonomy":"post_tag","embeddable":true,"href":"https:\/\/www.foment.com\/es\/wp-json\/wp\/v2\/tags?post=17031"}],"curies":[{"name":"wp","href":"https:\/\/api.w.org\/{rel}","templated":true}]}}