{"id":17049,"date":"2014-02-04T09:00:21","date_gmt":"2014-02-04T08:00:21","guid":{"rendered":"http:\/\/foment.itartech.com\/?p=17049"},"modified":"2016-12-02T18:52:15","modified_gmt":"2016-12-02T17:52:15","slug":"foment-propone-la-reforma-fiscal-priorice-la-reduccion-del-impuesto-sociedades-irpf-la-lucha-fraude-fiscal%e2%80%8b","status":"publish","type":"post","link":"https:\/\/www.foment.com\/es\/foment-propone-la-reforma-fiscal-priorice-la-reduccion-del-impuesto-sociedades-irpf-la-lucha-fraude-fiscal%e2%80%8b\/","title":{"rendered":"Foment propone que la Reforma Fiscal priorice la reducci\u00f3n del Impuesto de Sociedades y el IRPF y la lucha contra el fraude fiscal\u200b"},"content":{"rendered":"<section class=\"wpb-content-wrapper\"><p>[vc_row][vc_column width=\u00bb1\/1&#8243;][vc_column_text]La Comisi\u00f3n de Econom\u00eda y Fiscalidad de Foment del Treball propone que la Reforma Fiscal anunciada por el Gobierno enfoque sus prioridades sobre el Impuesto de Sociedades y el IRPF porque tienen un impacto m\u00e1s relevante sobre el nivel de actividad. \u201cSi el objetivo a corto plazo \u2013se\u00f1ala el informe de la Comisi\u00f3n \u201cPropuestas para la Reforma Fiscal\u201d debe ser la mayor dinamizaci\u00f3n de la econom\u00eda, debe prestarse a la imposici\u00f3n directa un mayor impulso, ya que sus efectos sobre la actividad econ\u00f3mica ser\u00e1n m\u00e1s relevantes, seg\u00fan sostiene la literatura econ\u00f3mica, como expone el Fondo Monetario Internacional (FMI) en su Monitor Fiscal de octubre de 2013. La presentaci\u00f3n del<a href=\"\/wp-content\/uploads\/2016\/08\/Foment_Del_Treball_Propuestas_reforma_Fiscal-2.pdf\" target=\"_blank\"> <strong>informe <\/strong><\/a>corri\u00f3 a cargo del presidente de la Comissi\u00f3 d\u2019Economia i Fiscalitat de Foment, Ramon Adell, el presidente del Consejo General de Economistas de Espa\u00f1a, Valent\u00ed Pich, y del director de Econom\u00eda y Fiscal de Foment, Salvador Guillermo.[\/vc_column_text][\/vc_column][\/vc_row][vc_row][vc_column width=\u00bb1\/1&#8243;]<div class=\"spacer\" style=\"height: 20px;\"><\/div><div class=\"single_image wpb_content_element align-center    \" data-animation=\"none\" data-delay=\"0\"><img width=\"600\" height=\"368\" src=\"https:\/\/www.foment.com\/wp-content\/uploads\/2014\/02\/Foment_Del_Treball_rpopostes_reforma_fiscal_Adell_1.png\" class=\"attachment-full\" alt=\"\" loading=\"lazy\" title=\"La presentaci\u00f3n del informe corri\u00f3 a cargo de Ramon Adell, Valent\u00ed Pich y Salvador Guillermo \u00a9 Foment del Treball\" srcset=\"https:\/\/www.foment.com\/wp-content\/uploads\/2014\/02\/Foment_Del_Treball_rpopostes_reforma_fiscal_Adell_1.png 600w, https:\/\/www.foment.com\/wp-content\/uploads\/2014\/02\/Foment_Del_Treball_rpopostes_reforma_fiscal_Adell_1-300x184.png 300w\" sizes=\"(max-width: 600px) 100vw, 600px\" \/><span class=\"single_image_caption\"> La presentaci\u00f3n del informe corri\u00f3 a cargo de Ramon Adell, Valent\u00ed Pich y Salvador Guillermo \u00a9 Foment del Treball<\/span><\/div><div class=\"spacer\" style=\"height: 20px;\"><\/div>[\/vc_column][\/vc_row][vc_row][vc_column width=\u00bb1\/1&#8243;][vc_column_text]<\/p>\n<div>De este modo, el documento propone la reducci\u00f3n del tipo nominal del Impuesto de Sociedades a los est\u00e1ndares europeos, la ampliaci\u00f3n de la base imponible y la revisi\u00f3n de los reg\u00edmenes especiales, siempre y cuando tenga un efecto recaudatorio neutral, entre otras medidas. Espa\u00f1a sit\u00faa \u00a0su tipo impositivo en la parte superior de este impuesto respecto a la media de la zona euro. \u201cEl mayor tipo nominal supone \u2013aclara el informe- \u00a0un menor atractivo por parte de las empresas extranjeras que quieren invertir en Espa\u00f1a. El conjunto de pa\u00edses europeos han experimentado una paulatina disminuci\u00f3n desde 1995, mientras que en Espa\u00f1a \u00fanicamente se ha producido la reducci\u00f3n del tipo impositivo general del 35 al 30%\u201d.<\/div>\n<p>&nbsp;<\/p>\n<div>Respecto al IRPF reclama que se avance al 2014 la eliminaci\u00f3n inmediata del gravamen especial, que en un principio se previ\u00f3 s\u00f3lo para el 2012 y 2013, pero que se ha extendido tambi\u00e9n al presente ejercicio. Tambi\u00e9n pide que se revisen las deducciones y bonificaciones existentes, con efecto recaudatorio neutro y, en concreto, considera adecuado incorporar una deducci\u00f3n por la contrataci\u00f3n de seguros m\u00e9dicos privados.<\/div>\n<p>&nbsp;<\/p>\n<div>\u201cLas medidas de pol\u00edtica fiscal deber\u00e1n apuntar a mejorar los niveles de PIB, consumo e inversi\u00f3n. Ser\u00e1 necesario dar pulso a la demanda interna, aliviando el consumo y dotando de un papel importante en su reducci\u00f3n de los impuestos directos como el IRPF y, para la inversi\u00f3n, el Impuesto de Sociedades\u201d.<\/div>\n<p>&nbsp;<\/p>\n<div>El documento de Foment del Treball entiende que si se contemplan las proyecciones en materia de gastos, ingresos y d\u00e9ficit \u201cel margen de maniobra \u00a0es reducido. Habr\u00e1 cierto margen en la medida que se consolide el proceso de recuperaci\u00f3n econ\u00f3mica y que los incrementos de niveles de recaudaci\u00f3n, debido a la mayor actividad, compensen las reducciones impositivas\u201d. En definitiva propone que se reestructure el sistema fiscal hacia figuras impositivas con un efecto neutral sobre la recaudaci\u00f3n, o bien a las figuras cuyo impacto, en t\u00e9rminos de recaudaci\u00f3n, se compensen. Por ejemplo \u2013puntualiza- \u00a0el aumento del IVA de 2012 habr\u00e1 que compensarlo con una reducci\u00f3n de las cotizaciones sociales \u2013promesa no cumplida por el Gobierno-.<\/div>\n<p>&nbsp;<\/p>\n<div>La reforma fiscal debe ser ambiciosa, potente y que avance el sistema impositivo espa\u00f1ol hacia lo que ocurre en otros pa\u00edses de Europa, respondiendo a los principios de neutralidad y simplicidad. La Reforma Fiscal que presente el Gobierno deber\u00e1 hacerse de forma gradual, y combinar el \u201camplio alcance\u201d y ser consecuente, al mismo tiempo, con la restricci\u00f3n presupuestaria. En este sentido destaca el elevado nivel de endeudamiento. \u201cSe ha pasado de tener niveles de deuda p\u00fablica bruta del 36,3% en el 2007, para alcanzar niveles superiores al 100% el 2018. La lucha contra el d\u00e9ficit no puede abandonarse y, al mismo tiempo, se debe orientar la pol\u00edtica fiscal al crecimiento econ\u00f3mico\u201d.<\/div>\n<p>&nbsp;<\/p>\n<h3><strong>Econom\u00eda sumergida<\/strong><\/h3>\n<div>El informe aporta tambi\u00e9n informaci\u00f3n estad\u00edstica actualizada sobre la econom\u00eda sumergida y concluye que la lucha contra el fraude fiscal debe ser relevante en la pr\u00f3xima Reforma Fiscal \u201cpara favorecer la eficiencia del sistema y alentar el aumento de los ingresos tributarios\u201d. Seg\u00fan los datos recogidos por el estudioso de la econom\u00eda irregular, Profesor Schneider, la econom\u00eda sumergida en Espa\u00f1a ha disminuido levemente en los \u00faltimos diez a\u00f1os y se encuentra en la media europea, pero a\u00fan muy por encima -con el 18,6% en el 2013- de los registros de Francia (9,9%), Pa\u00edses Bajos (9,1%), Alemania (13%) y Reino Unido (9,7%).<\/div>\n<p>&nbsp;<\/p>\n<div>Seg\u00fan la opini\u00f3n de los expertos de Foment la lucha contra el fraude fiscal debe centrar en los \u00e1mbitos m\u00e1s opacos para la hacienda P\u00fablica. De este modo, propone distinguir n\u00edtidamente entre \u00a0la evasi\u00f3n fiscal, del uso eficiente de las deducciones y los beneficios fiscales por el otro. \u201cSe trata de diferenciar entre los contribuyente registrados en el sistema, de aquellos que est\u00e1n fuera del mismo\u201d.<\/div>\n<p>&nbsp;<\/p>\n<h3><strong>El caos normativo<\/strong><\/h3>\n<div>El informe insiste en que el marco regulatorio espa\u00f1ol no fomenta la actividad econ\u00f3mica y empresarial, ni el ahorro como consecuencia de la \u201cinseguridad jur\u00eddica por los cambios normativos incesantes, e incluso por una falta de l\u00f3gica y coordinaci\u00f3n\u201d.<\/div>\n<p>&nbsp;<\/p>\n<div>Por ello se reclama simplificaci\u00f3n normativa y marco normativo coordinado entre todas las administraciones para que la relaci\u00f3n con el contribuyente sea \u201ccoherente y neutral\u201d.<\/div>\n<p>&nbsp;<\/p>\n<div>Tambi\u00e9n propone la revisi\u00f3n del modelo de financiaci\u00f3n de las comunidades aut\u00f3nomas. \u201cse aprecia la existencia de un amplio consenso sobre la falta de transparencia y complejidad, su falta de corresponsabilidad fiscal y desencuentros frecuentes de unos y otros (\u2026.)Se constatan tipos impositivos desmesurados en el Impuesto sobre Transmisiones Patrimoniales y Actos Jur\u00eddicos Documentados\u201d.<\/div>\n<p>[\/vc_column_text][\/vc_column][\/vc_row][vc_row][vc_column width=\u00bb1\/1&#8243;]<div class=\"spacer\" style=\"height: 20px;\"><\/div><a href=\"\/wp-content\/uploads\/2016\/08\/Foment_del_Treball_2014.02.03_propuesta_reforma_fiscal_CAST_2.pdf\" target=\"_blank\" class=\"button color-2 small \" style=\"border-radius: 2px;\">Descargar la noticia en PDF<\/a>[\/vc_column][\/vc_row]<\/p>\n<\/section>","protected":false},"excerpt":{"rendered":"<p>[vc_row][vc_column width=\u00bb1\/1&#8243;][vc_column_text]La Comisi\u00f3n de Econom\u00eda y Fiscalidad de Foment del Treball propone que la Reforma Fiscal anunciada por el Gobierno enfoque sus prioridades sobre el Impuesto de Sociedades y el IRPF porque tienen un impacto m\u00e1s relevante sobre el nivel de actividad. \u201cSi el objetivo a corto plazo \u2013se\u00f1ala el informe de la Comisi\u00f3n \u201cPropuestas para la Reforma Fiscal\u201d debe ser la mayor dinamizaci\u00f3n de la econom\u00eda, debe prestarse a la imposici\u00f3n directa un mayor impulso, ya que sus efectos sobre la actividad econ\u00f3mica ser\u00e1n m\u00e1s relevantes, seg\u00fan sostiene la literatura econ\u00f3mica, como expone el Fondo Monetario Internacional (FMI) en su Monitor Fiscal de octubre de 2013. La presentaci\u00f3n del informe corri\u00f3 a cargo del presidente de la Comissi\u00f3 d\u2019Economia i Fiscalitat de Foment, Ramon Adell, el presidente del Consejo General de Economistas de Espa\u00f1a, Valent\u00ed Pich, y del director de Econom\u00eda y Fiscal de Foment, Salvador Guillermo.[\/vc_column_text][\/vc_column][\/vc_row][vc_row][vc_column width=\u00bb1\/1&#8243;][\/vc_column][\/vc_row][vc_row][vc_column width=\u00bb1\/1&#8243;][vc_column_text] De este modo, el documento propone la reducci\u00f3n del tipo nominal del Impuesto de Sociedades a los est\u00e1ndares europeos, la ampliaci\u00f3n de la base imponible y la revisi\u00f3n de los reg\u00edmenes especiales, siempre y cuando tenga un efecto recaudatorio neutral, entre otras medidas. Espa\u00f1a sit\u00faa \u00a0su tipo impositivo en la [&hellip;]<\/p>\n","protected":false},"author":24,"featured_media":18393,"comment_status":"closed","ping_status":"closed","sticky":false,"template":"","format":"standard","meta":{"_links_to":"","_links_to_target":""},"categories":[69],"tags":[],"acf":[],"wps_subtitle":"\u200bSon las figuras tributarias con un impacto m\u00e1s acusado en el crecimiento del PIB y la actividad econ\u00f3mica","_links":{"self":[{"href":"https:\/\/www.foment.com\/es\/wp-json\/wp\/v2\/posts\/17049"}],"collection":[{"href":"https:\/\/www.foment.com\/es\/wp-json\/wp\/v2\/posts"}],"about":[{"href":"https:\/\/www.foment.com\/es\/wp-json\/wp\/v2\/types\/post"}],"author":[{"embeddable":true,"href":"https:\/\/www.foment.com\/es\/wp-json\/wp\/v2\/users\/24"}],"replies":[{"embeddable":true,"href":"https:\/\/www.foment.com\/es\/wp-json\/wp\/v2\/comments?post=17049"}],"version-history":[{"count":0,"href":"https:\/\/www.foment.com\/es\/wp-json\/wp\/v2\/posts\/17049\/revisions"}],"wp:featuredmedia":[{"embeddable":true,"href":"https:\/\/www.foment.com\/es\/wp-json\/wp\/v2\/media\/18393"}],"wp:attachment":[{"href":"https:\/\/www.foment.com\/es\/wp-json\/wp\/v2\/media?parent=17049"}],"wp:term":[{"taxonomy":"category","embeddable":true,"href":"https:\/\/www.foment.com\/es\/wp-json\/wp\/v2\/categories?post=17049"},{"taxonomy":"post_tag","embeddable":true,"href":"https:\/\/www.foment.com\/es\/wp-json\/wp\/v2\/tags?post=17049"}],"curies":[{"name":"wp","href":"https:\/\/api.w.org\/{rel}","templated":true}]}}