{"id":171548,"date":"2023-10-24T14:09:41","date_gmt":"2023-10-24T12:09:41","guid":{"rendered":"https:\/\/www.foment.com\/?p=171548"},"modified":"2023-10-24T17:10:36","modified_gmt":"2023-10-24T15:10:36","slug":"sanchez-llibre-define-a-areas-como-una-campeona-mundial-de-barcelona","status":"publish","type":"post","link":"https:\/\/www.foment.com\/es\/sanchez-llibre-define-a-areas-como-una-campeona-mundial-de-barcelona\/","title":{"rendered":"S\u00e1nchez Llibre define a Areas como \u201cuna campeona mundial de Barcelona\u201d"},"content":{"rendered":"<section class=\"wpb-content-wrapper\"><p>[vc_row][vc_column][vc_column_text]<\/p>\n<ul>\n<li><strong>El primer ejecutivo de la compa\u00f1\u00eda a nivel global, Oscar Vela, protagoniza un Desayuno Fomento-PwC en el que repas\u00f3 el crecimiento exponencial de la compa\u00f1\u00eda desde su fundaci\u00f3n hasta convertirse en un referente mundial en el sector de la restauraci\u00f3n en viajes<\/strong><\/li>\n<li><strong>Josep S\u00e1nchez Llibre ha elogiado el car\u00e1cter expansivo de Areas, \u00abcapaz de convertirse en una compa\u00f1\u00eda global con core business en la capital de Catalu\u00f1a\u00bb<\/strong><\/li>\n<li><strong>Oscar Vela ha destacado que Areas \u00abha superado por primera vez el 80% de la facturaci\u00f3n procedente de fuera de Espa\u00f1a y ponemos el foco en EEUU\u00bb<\/strong><\/li>\n<li><strong>Ignacio Marull, socio responsable de PwC en Catalu\u00f1a, ha expuesto el recorrido empresarial de Oscar Vela que le ha impulsado como \u00abl\u00edder global aqu\u00ed en Catalu\u00f1a\u00bb, sin perder \u00abla proximidad y el alma social que le caracteriza\u00bb<\/strong><\/li>\n<\/ul>\n<p>El CEO mundial de Areas, <strong>Oscar Vela<\/strong>, ha participado esta ma\u00f1ana en los Desayunos Foment-PwC, para compartir la evoluci\u00f3n de la compa\u00f1\u00eda a lo largo de 55 a\u00f1os de historia. El presidente de Fomento del Trabajo, <strong>Josep S\u00e1nchez Llibre, ha inaugurado el coloquio elogiando el car\u00e1cter expansivo de Areas, \u00abcapaz de convertirse en una compa\u00f1\u00eda global con core business en la capital de Catalu\u00f1a\u00bb<\/strong>, ha destacado el l\u00edder patronal , quien ha definido a la compa\u00f1\u00eda como <strong>\u201cuna campeona mundial de Barcelona\u201d<\/strong>.<\/p>\n<p>El socio responsable de PwC en Catalu\u00f1a, <strong>Ignacio Marull<\/strong>, ha expuesto el recorrido empresarial de Oscar Vela, en especial en los \u00faltimos a\u00f1os capitaneando a Areas, que le han impulsado como <strong>\u201cl\u00edder global aqu\u00ed en Catalu\u00f1a\u201d, sin perder \u201cla cercan\u00eda y el alma social que le caracteriza\u201d<\/strong>. Marull tambi\u00e9n resalt\u00f3 algunos de los recientes triunfos de la compa\u00f1\u00eda, que <strong>se ha impuesto en ocho grandes concursos internacionales en los \u00faltimos meses<\/strong>, que aportar\u00e1n una facturaci\u00f3n adicional de m\u00e1s de 330 millones de euros cada a\u00f1o.<\/p>\n<p><strong>Oscar Vela<\/strong> ha repasado la trayectoria de crecimiento de Areas, actualmente <strong>presente en 10 pa\u00edses con m\u00e1s de 2.000 establecimientos, y cuya sede mundial se mantiene en Barcelona<\/strong> porque, seg\u00fan Vela,<strong> \u201ces la ciudad que nos vio nacer, aporta un valor a\u00f1adido para la marca Areas<\/strong> y es un activo muy apreciado a nivel internacional\u201d.<\/p>\n<p>El t\u00edtulo de su coloquio, &#8216;<strong>Del Maresme a Los \u00c1ngeles<\/strong>&#8216;, resume el crecimiento exponencial y <strong>la vocaci\u00f3n internacional de la compa\u00f1\u00eda desde su fundaci\u00f3n en 1968<\/strong>, y pone de relieve el foco de Areas en el mercado americano. Vela ha explicado que la compa\u00f1\u00eda se encuentra \u201c<strong>en un momento expansivo<\/strong>, con una facturaci\u00f3n global que, <strong>tras remontar los efectos de la pandemia, recupera su nivel de ingresos situ\u00e1ndose por encima de los 2.000 millones de euros<\/strong> gracias al impulso del negocio internacional, que por primera vez <strong>supera el 80%<\/strong>\u201d, y ha destacado los pilares que han contribuido a que la compa\u00f1\u00eda sea hoy un referente global en la restauraci\u00f3n en viajes, entre los que destacan \u201c<strong>la estrategia de diversificaci\u00f3n, la innovaci\u00f3n y la apuesta por conceptos gastron\u00f3micos de calidad<\/strong> y adaptados a los consumidores de cada mercado\u201d.<\/p>\n<p>De esta expansi\u00f3n internacional, <strong>Oscar Vela se\u00f1ala el inter\u00e9s de la compa\u00f1\u00eda por el segmento aeroportuario<\/strong>, que \u201cseg\u00fan las previsiones, <strong>en 2024 recuperar\u00e1 el nivel de tr\u00e1fico prepandemia y en 2027 ser\u00e1 un 27% mayor<\/strong>\u201d, y ha destacado <strong>EE.UU., \u201c un mercado estrat\u00e9gico para la compa\u00f1\u00eda por ser el mercado de mayor crecimiento en nuestro sector,<\/strong> y en el que prevemos doblar el tama\u00f1o actual en los pr\u00f3ximos 2 o 3 a\u00f1os\u201d. Areas est\u00e1 presente en <strong>Estados Unidos desde el a\u00f1o 2006<\/strong> y gestiona alrededor de 145 puntos de venta en 10 aeropuertos y 13 \u00e1reas de servicio en las autopistas. Actualmente, el mercado americano representa m\u00e1s del 15% de la facturaci\u00f3n global de Areas, siendo el tercer mercado por volumen de negocio despu\u00e9s de <strong>Francia e Iberia<\/strong>.<\/p>\n<p>&nbsp;<\/p>\n<p><span style=\"color: #c41212;\"><strong>Sobre Areas<\/strong><\/span><\/p>\n<p>L\u00edder internacional en restauraci\u00f3n y retail en el mundo de los viajes. Con presencia en 10 pa\u00edses, la compa\u00f1\u00eda gestiona m\u00e1s de 2.000 restaurantes y tiendas en Europa y Am\u00e9rica.<\/p>\n<p>Con un equipo de 20.000 personas y presencia en los principales n\u00facleos de comunicaci\u00f3n de todo el mundo (aeropuertos, estaciones de tren, \u00e1reas de servicio), as\u00ed como centros de ocio y recintos feriales, Areas da servicio a m\u00e1s de 350 millones de clientes cada a\u00f1o.<\/p>\n<p>Fundada en 1968 en Barcelona, Areas naci\u00f3 con el compromiso de ofrecer servicios de alta calidad a los viajeros. Desde entonces, ha evolucionado hasta convertirse en un operador global de referencia en el sector, con un profundo conocimiento de las necesidades de los viajeros y la m\u00e1s amplia gama de conceptos de restauraci\u00f3n del mercado.[\/vc_column_text][vc_empty_space height=\u00bb45px\u00bb]<div class=\"flexslider wpb_content_element\"><ul class=\"slides\"><li><img src=\"https:\/\/www.foment.com\/wp-content\/uploads\/2023\/10\/photo1698133505-6-1.jpeg\" alt=\"\" \/><\/li><li><img src=\"https:\/\/www.foment.com\/wp-content\/uploads\/2023\/10\/photo1698149554-1.jpeg\" alt=\"\" \/><\/li><li><img src=\"https:\/\/www.foment.com\/wp-content\/uploads\/2023\/10\/photo1698136876.jpeg\" alt=\"\" \/><\/li><li><img src=\"https:\/\/www.foment.com\/wp-content\/uploads\/2023\/10\/photo1698149554-3.jpeg\" alt=\"\" \/><\/li><li><img src=\"https:\/\/www.foment.com\/wp-content\/uploads\/2023\/10\/photo1698149554-4.jpeg\" alt=\"\" \/><\/li><li><img src=\"https:\/\/www.foment.com\/wp-content\/uploads\/2023\/10\/photo1698149554-5.jpeg\" alt=\"\" \/><\/li><li><img src=\"https:\/\/www.foment.com\/wp-content\/uploads\/2023\/10\/photo1698149554-6.jpeg\" alt=\"\" \/><\/li><li><img src=\"https:\/\/www.foment.com\/wp-content\/uploads\/2023\/10\/photo1698149554.jpeg\" alt=\"\" \/><\/li><li><img src=\"https:\/\/www.foment.com\/wp-content\/uploads\/2023\/10\/photo1698149554-2.jpeg\" alt=\"\" \/><\/li><li><img src=\"https:\/\/www.foment.com\/wp-content\/uploads\/2023\/10\/photo1698149554-8.jpeg\" alt=\"\" \/><\/li><li><img src=\"https:\/\/www.foment.com\/wp-content\/uploads\/2023\/10\/photo1698149554-7.jpeg\" alt=\"\" \/><\/li><\/ul><\/div>[vc_empty_space height=\u00bb30px\u00bb][vc_raw_html]JTNDaWZyYW1lJTIwd2lkdGglM0QlMjI1NjAlMjIlMjBoZWlnaHQlM0QlMjIzMTUlMjIlMjBzcmMlM0QlMjJodHRwcyUzQSUyRiUyRnd3dy55b3V0dWJlLmNvbSUyRmVtYmVkJTJGd1hDTWtaUEZWb1UlM0ZzaSUzRFl2YmlWMW1UTVd6bGp6cWglMjIlMjB0aXRsZSUzRCUyMllvdVR1YmUlMjB2aWRlbyUyMHBsYXllciUyMiUyMGZyYW1lYm9yZGVyJTNEJTIyMCUyMiUyMGFsbG93JTNEJTIyYWNjZWxlcm9tZXRlciUzQiUyMGF1dG9wbGF5JTNCJTIwY2xpcGJvYXJkLXdyaXRlJTNCJTIwZW5jcnlwdGVkLW1lZGlhJTNCJTIwZ3lyb3Njb3BlJTNCJTIwcGljdHVyZS1pbi1waWN0dXJlJTNCJTIwd2ViLXNoYXJlJTIyJTIwYWxsb3dmdWxsc2NyZWVuJTNFJTNDJTJGaWZyYW1lJTNF[\/vc_raw_html][\/vc_column][\/vc_row]<\/p>\n<\/section>","protected":false},"excerpt":{"rendered":"<p>[vc_row][vc_column][vc_column_text] El primer ejecutivo de la compa\u00f1\u00eda a nivel global, Oscar Vela, protagoniza un Desayuno Fomento-PwC en el que repas\u00f3 el crecimiento exponencial de la compa\u00f1\u00eda desde su fundaci\u00f3n hasta convertirse en un referente mundial en el sector de la restauraci\u00f3n en viajes Josep S\u00e1nchez Llibre ha elogiado el car\u00e1cter expansivo de Areas, \u00abcapaz de convertirse en una compa\u00f1\u00eda global con core business en la capital de Catalu\u00f1a\u00bb Oscar Vela ha destacado que Areas \u00abha superado por primera vez el 80% de la facturaci\u00f3n procedente de fuera de Espa\u00f1a y ponemos el foco en EEUU\u00bb Ignacio Marull, socio responsable de PwC en Catalu\u00f1a, ha expuesto el recorrido empresarial de Oscar Vela que le ha impulsado como \u00abl\u00edder global aqu\u00ed en Catalu\u00f1a\u00bb, sin perder \u00abla proximidad y el alma social que le caracteriza\u00bb El CEO mundial de Areas, Oscar Vela, ha participado esta ma\u00f1ana en los Desayunos Foment-PwC, para compartir la evoluci\u00f3n de la compa\u00f1\u00eda a lo largo de 55 a\u00f1os de historia. El presidente de Fomento del Trabajo, Josep S\u00e1nchez Llibre, ha inaugurado el coloquio elogiando el car\u00e1cter expansivo de Areas, \u00abcapaz de convertirse en una compa\u00f1\u00eda global con core business en la capital de Catalu\u00f1a\u00bb, ha destacado el l\u00edder [&hellip;]<\/p>\n","protected":false},"author":281,"featured_media":171565,"comment_status":"closed","ping_status":"closed","sticky":false,"template":"","format":"standard","meta":{"_links_to":"","_links_to_target":""},"categories":[114,5714],"tags":[1968,7833],"acf":[],"wps_subtitle":"","_links":{"self":[{"href":"https:\/\/www.foment.com\/es\/wp-json\/wp\/v2\/posts\/171548"}],"collection":[{"href":"https:\/\/www.foment.com\/es\/wp-json\/wp\/v2\/posts"}],"about":[{"href":"https:\/\/www.foment.com\/es\/wp-json\/wp\/v2\/types\/post"}],"author":[{"embeddable":true,"href":"https:\/\/www.foment.com\/es\/wp-json\/wp\/v2\/users\/281"}],"replies":[{"embeddable":true,"href":"https:\/\/www.foment.com\/es\/wp-json\/wp\/v2\/comments?post=171548"}],"version-history":[{"count":4,"href":"https:\/\/www.foment.com\/es\/wp-json\/wp\/v2\/posts\/171548\/revisions"}],"predecessor-version":[{"id":171615,"href":"https:\/\/www.foment.com\/es\/wp-json\/wp\/v2\/posts\/171548\/revisions\/171615"}],"wp:featuredmedia":[{"embeddable":true,"href":"https:\/\/www.foment.com\/es\/wp-json\/wp\/v2\/media\/171565"}],"wp:attachment":[{"href":"https:\/\/www.foment.com\/es\/wp-json\/wp\/v2\/media?parent=171548"}],"wp:term":[{"taxonomy":"category","embeddable":true,"href":"https:\/\/www.foment.com\/es\/wp-json\/wp\/v2\/categories?post=171548"},{"taxonomy":"post_tag","embeddable":true,"href":"https:\/\/www.foment.com\/es\/wp-json\/wp\/v2\/tags?post=171548"}],"curies":[{"name":"wp","href":"https:\/\/api.w.org\/{rel}","templated":true}]}}