{"id":171677,"date":"2023-10-25T11:05:19","date_gmt":"2023-10-25T09:05:19","guid":{"rendered":"https:\/\/www.foment.com\/?p=171677"},"modified":"2023-11-23T15:39:38","modified_gmt":"2023-11-23T14:39:38","slug":"foment-y-nactiva-se-alian-para-vincular-el-capital-natural-a-las-oportunidades-de-desarrollo-socioeconomico","status":"publish","type":"post","link":"https:\/\/www.foment.com\/es\/foment-y-nactiva-se-alian-para-vincular-el-capital-natural-a-las-oportunidades-de-desarrollo-socioeconomico\/","title":{"rendered":"Foment y Nactiva se al\u00edan para vincular el capital natural a las oportunidades de desarrollo socioecon\u00f3mico"},"content":{"rendered":"<section class=\"wpb-content-wrapper\"><p>[vc_row][vc_column][vc_column_text]<\/p>\n<ul>\n<li><strong>Nactiva es una plataforma colectiva que conecta las organizaciones privadas, p\u00fablicas y de la sociedad civil que comparten el compromiso de regenerar el capital natural en el Mediterr\u00e1neo y liderar las oportunidades de desarrollo socioecon\u00f3mico de este sector<\/strong><\/li>\n<li><strong>El presidente de Foment, Josep S\u00e1nchez Llibre, manifiesta la necesidad de contar con plataformas como Nactiva para abordar los numerosos retos empresariales en sostenibilidad: \u201ccon esta alianza queremos ayudar a abordar y protagonizar un cambio estrat\u00e9gico en las compa\u00f1\u00edas, revisando el liderazgo empresarial de forma proactiva\u201d<\/strong><\/li>\n<li><strong>El CEO i cofundador de Nactiva, Joan Cabezas, afirma que la colaboraci\u00f3n de Foment \u201cpermitir\u00e1 generar mayores sinergias con empresas y entidades de distintos sectores comprometidas con transformar nuestra econom\u00eda hacia un modelo regenerativo\u201d<\/strong><\/li>\n<\/ul>\n<p>Foment del Treball y Nactiva inician una alianza para <strong>impulsar proyectos relacionados con la sostenibilidad, la protecci\u00f3n i la regeneraci\u00f3n del capital natural del Mediterr\u00e1neo<\/strong>. Se han reunido el presidente de Foment del Treball, <strong>Josep S\u00e1nchez Llibre<\/strong>, el CEO i cofundador de Nactiva, <strong>Joan Cabezas<\/strong>, y la cofundadora de Nactiva, <strong>Silvia Alsina<\/strong>, en la sede de la patronal catalana para firmar un convenio de colaboraci\u00f3n. Ambas entidades se comprometen a sumar fuerzas para vincular el capital natural a las oportunidades de desarrollo socioecon\u00f3mico.<\/p>\n<p>\u201cNactiva es una plataforma colectiva que surgi\u00f3 del sector privado con el objetivo de conectar todas las organizaciones privadas, p\u00fablicas y de la sociedad civil que comparten el compromiso de regenerar el capital natural en el Mediterr\u00e1neo, y <strong>liderar las oportunidades de desarrollo socioecon\u00f3mico que este sector nos ofrecer\u00e1 en los pr\u00f3ximos a\u00f1os<\/strong>. Contar con la colaboraci\u00f3n y apoyo de Foment del Treball sin duda nos permitir\u00e1 generar mayores sinergias con empresas y entidades de distintos sectores comprometidas con transformar nuestra econom\u00eda hacia un modelo regenerativo\u201d, ha expresado Cabezas.<\/p>\n<p>S\u00e1nchez Llibre ha manifestado la necesidad de contar con plataformas como Nactiva para abordar los numerosos retos empresariales en sostenibilidad: \u201cEl cambio clim\u00e1tico, la transici\u00f3n energ\u00e9tica, la escasez de agua, la transformaci\u00f3n del modelo alimentario, o la competencia por las materias primas ocupan espacios sin precedentes en los debates sobre el futuro del sistema econ\u00f3mico, o sobre la revisi\u00f3n de los modelos de negocio. Con esta alianza queremos ayudar a abordar y protagonizar un cambio estrat\u00e9gico en las compa\u00f1\u00edas, revisando el liderazgo empresarial de forma proactiva. <strong>Se trata de impulsar un sistema econ\u00f3mico sostenible, eficiente y competitivo<\/strong>\u201d, ha expresado el l\u00edder patronal.<\/p>\n<p><span style=\"color: #b81818;\"><strong>Sobre Nactiva<\/strong><\/span><\/p>\n<p>La misi\u00f3n de Nactiva es convertirse en la principal plataforma colectiva para la protecci\u00f3n y regeneraci\u00f3n del Capital Natural en el Mediterr\u00e1neo. Para ello identifica, dise\u00f1a, acelera y consigue financiaci\u00f3n (p\u00fablica, privada, filantr\u00f3pica) para impulsar la implantaci\u00f3n de proyectos empresariales que activen el capital natural en la regi\u00f3n.<\/p>\n<p>Como plataforma integra a todo tipo de actores privados, t\u00e9cnicos, acad\u00e9micos e institucionales para fomentar la cooperaci\u00f3n con el fin de acelerar y maximizar el impacto, promover la escalabilidad y replicabilidad de las soluciones, disminuir los riesgos, y compartir inversiones. Y lo hace con una estrategia de impacto a largo plazo, actuando sobre los principales sectores de actividad. Ya son partners de Nactiva: Agbar, Naturgy, Celsa Group, Cementos Molins, GCO (Grupo Catalana Occidente), Grant Thornton, Flax &amp; Kale, Global Impact Assets, Ametller Origen, CaixaBank y Copisa. <a href=\"https:\/\/nactiva.eco\/\" target=\"_blank\" rel=\"noopener\"><strong>nactiva.eco<\/strong><\/a>[\/vc_column_text][vc_empty_space]<div class=\"flexslider wpb_content_element\"><ul class=\"slides\"><li><img src=\"https:\/\/www.foment.com\/wp-content\/uploads\/2023\/10\/DSC_1000-scaled.jpg\" alt=\"\" \/><\/li><li><img src=\"https:\/\/www.foment.com\/wp-content\/uploads\/2023\/10\/DSC_0989-scaled.jpg\" alt=\"\" \/><\/li><li><img src=\"https:\/\/www.foment.com\/wp-content\/uploads\/2023\/10\/DSC_0988-scaled.jpg\" alt=\"\" \/><\/li><li><img src=\"https:\/\/www.foment.com\/wp-content\/uploads\/2023\/10\/DSC_0984-scaled.jpg\" alt=\"\" \/><\/li><li><img src=\"https:\/\/www.foment.com\/wp-content\/uploads\/2023\/10\/DSC_0982-scaled.jpg\" alt=\"\" \/><\/li><\/ul><\/div>[\/vc_column][\/vc_row]<\/p>\n<\/section>","protected":false},"excerpt":{"rendered":"<p>[vc_row][vc_column][vc_column_text] Nactiva es una plataforma colectiva que conecta las organizaciones privadas, p\u00fablicas y de la sociedad civil que comparten el compromiso de regenerar el capital natural en el Mediterr\u00e1neo y liderar las oportunidades de desarrollo socioecon\u00f3mico de este sector El presidente de Foment, Josep S\u00e1nchez Llibre, manifiesta la necesidad de contar con plataformas como Nactiva para abordar los numerosos retos empresariales en sostenibilidad: \u201ccon esta alianza queremos ayudar a abordar y protagonizar un cambio estrat\u00e9gico en las compa\u00f1\u00edas, revisando el liderazgo empresarial de forma proactiva\u201d El CEO i cofundador de Nactiva, Joan Cabezas, afirma que la colaboraci\u00f3n de Foment \u201cpermitir\u00e1 generar mayores sinergias con empresas y entidades de distintos sectores comprometidas con transformar nuestra econom\u00eda hacia un modelo regenerativo\u201d Foment del Treball y Nactiva inician una alianza para impulsar proyectos relacionados con la sostenibilidad, la protecci\u00f3n i la regeneraci\u00f3n del capital natural del Mediterr\u00e1neo. Se han reunido el presidente de Foment del Treball, Josep S\u00e1nchez Llibre, el CEO i cofundador de Nactiva, Joan Cabezas, y la cofundadora de Nactiva, Silvia Alsina, en la sede de la patronal catalana para firmar un convenio de colaboraci\u00f3n. Ambas entidades se comprometen a sumar fuerzas para vincular el capital natural a las oportunidades de [&hellip;]<\/p>\n","protected":false},"author":281,"featured_media":171680,"comment_status":"closed","ping_status":"closed","sticky":false,"template":"","format":"standard","meta":{"_links_to":"","_links_to_target":""},"categories":[125,114,5714],"tags":[1951],"acf":[],"wps_subtitle":"","_links":{"self":[{"href":"https:\/\/www.foment.com\/es\/wp-json\/wp\/v2\/posts\/171677"}],"collection":[{"href":"https:\/\/www.foment.com\/es\/wp-json\/wp\/v2\/posts"}],"about":[{"href":"https:\/\/www.foment.com\/es\/wp-json\/wp\/v2\/types\/post"}],"author":[{"embeddable":true,"href":"https:\/\/www.foment.com\/es\/wp-json\/wp\/v2\/users\/281"}],"replies":[{"embeddable":true,"href":"https:\/\/www.foment.com\/es\/wp-json\/wp\/v2\/comments?post=171677"}],"version-history":[{"count":3,"href":"https:\/\/www.foment.com\/es\/wp-json\/wp\/v2\/posts\/171677\/revisions"}],"predecessor-version":[{"id":174405,"href":"https:\/\/www.foment.com\/es\/wp-json\/wp\/v2\/posts\/171677\/revisions\/174405"}],"wp:featuredmedia":[{"embeddable":true,"href":"https:\/\/www.foment.com\/es\/wp-json\/wp\/v2\/media\/171680"}],"wp:attachment":[{"href":"https:\/\/www.foment.com\/es\/wp-json\/wp\/v2\/media?parent=171677"}],"wp:term":[{"taxonomy":"category","embeddable":true,"href":"https:\/\/www.foment.com\/es\/wp-json\/wp\/v2\/categories?post=171677"},{"taxonomy":"post_tag","embeddable":true,"href":"https:\/\/www.foment.com\/es\/wp-json\/wp\/v2\/tags?post=171677"}],"curies":[{"name":"wp","href":"https:\/\/api.w.org\/{rel}","templated":true}]}}