{"id":171736,"date":"2023-10-30T11:59:53","date_gmt":"2023-10-30T10:59:53","guid":{"rendered":"https:\/\/www.foment.com\/?p=171736"},"modified":"2023-10-30T11:59:53","modified_gmt":"2023-10-30T10:59:53","slug":"jornada-de-prl-gestion-del-riesgo-electrico","status":"publish","type":"post","link":"https:\/\/www.foment.com\/es\/jornada-de-prl-gestion-del-riesgo-electrico\/","title":{"rendered":"Jornada de PRL. Gesti\u00f3n del riesgo el\u00e9ctrico"},"content":{"rendered":"<section class=\"wpb-content-wrapper\"><p>[vc_row][vc_column][vc_single_image image=\u00bb167148&#8243; img_size=\u00bblarge\u00bb alignment=\u00bbcenter\u00bb][vc_column_text]<\/p>\n<p style=\"text-align: justify;\">Sin duda alguna, el riesgo el\u00e9ctrico supone uno de los riesgos m\u00e1s complejos y peligrosos desde el punto de vista de la prevenci\u00f3n de riesgos laborales. Complejo porque debido a su dificultad para detectarlo y evaluarlo requiere de importantes conocimientos t\u00e9cnicos por parte del equipo evaluador, y peligroso, por las graves consecuencias que suelen generar cuando se produce un accidente.<\/p>\n<p style=\"text-align: justify;\">En el transcurso de la jornada se indicaron los aspectos clave a la hora de identificar y evaluar el riesgo el\u00e9ctrico, las diferencias entre trabajador autorizado y cualificado, la aplicaci\u00f3n real, segura y eficiente de las 5 reglas de oro y los equipos de protecci\u00f3n individual frente al riesgo el\u00e9ctrico.<\/p>\n<p>[\/vc_column_text][\/vc_column][\/vc_row][vc_row top_padding=\u00bb20&#8243;][vc_column width=\u00bb1\/1&#8243;][vc_column_text]<\/p>\n<h1><span style=\"color: #d2112d;\">V\u00eddeo de la jornada<\/span><\/h1>\n<p>[\/vc_column_text][vc_video link=\u00bbhttps:\/\/youtu.be\/TOmXh3qkYTU\u00bb align=\u00bbcenter\u00bb][\/vc_column][\/vc_row][vc_row top_padding=\u00bb40&#8243;][vc_column width=\u00bb1\/1&#8243;][vc_column_text]<\/p>\n<h1><span style=\"color: #d2112d;\">Documentaci\u00f3n de la jornada<\/span><\/h1>\n<p>[\/vc_column_text][\/vc_column][\/vc_row][vc_row top_padding=\u00bb20&#8243;][vc_column width=\u00bb1\/2&#8243;][vc_column_text]<\/p>\n<h3>Programa<\/h3>\n<p>Programa de la jornada.<br \/>\nGesti\u00f3n del riesgo el\u00e9ctrico.[\/vc_column_text]<a href=\"https:\/\/fomentdeltreball.sharepoint.com\/:b:\/g\/EdN9MzeLUnhPilj8o3-bJ-EBu0RdbaYgcLnWHeo38UMr8w?e=JkDK1M\" target=\"_self\" class=\"button color-2 medium \" style=\"border-radius: 2px;\">Descargar<\/a>[\/vc_column][vc_column width=\u00bb1\/2&#8243;][vc_column_text]<\/p>\n<h3>Ponencia<\/h3>\n<p>Sr. Aureliano S\u00e1nchez.<br \/>\nFormador especialista en riesgo el\u00e9ctrico. IFPRL.[\/vc_column_text]<a href=\"https:\/\/www.foment.com\/wp-content\/uploads\/2023\/10\/Ponencia_PRL_riesgoelectrico_1.pdf\" target=\"_self\" class=\"button color-2 medium \" style=\"border-radius: 2px;\">Descargar<\/a>[\/vc_column][\/vc_row]<\/p>\n<\/section>","protected":false},"excerpt":{"rendered":"<p>[vc_row][vc_column][vc_single_image image=\u00bb167148&#8243; img_size=\u00bblarge\u00bb alignment=\u00bbcenter\u00bb][vc_column_text] Sin duda alguna, el riesgo el\u00e9ctrico supone uno de los riesgos m\u00e1s complejos y peligrosos desde el punto de vista de la prevenci\u00f3n de riesgos laborales. Complejo porque debido a su dificultad para detectarlo y evaluarlo requiere de importantes conocimientos t\u00e9cnicos por parte del equipo evaluador, y peligroso, por las graves consecuencias que suelen generar cuando se produce un accidente. En el transcurso de la jornada se indicaron los aspectos clave a la hora de identificar y evaluar el riesgo el\u00e9ctrico, las diferencias entre trabajador autorizado y cualificado, la aplicaci\u00f3n real, segura y eficiente de las 5 reglas de oro y los equipos de protecci\u00f3n individual frente al riesgo el\u00e9ctrico. [\/vc_column_text][\/vc_column][\/vc_row][vc_row top_padding=\u00bb20&#8243;][vc_column width=\u00bb1\/1&#8243;][vc_column_text] V\u00eddeo de la jornada [\/vc_column_text][vc_video link=\u00bbhttps:\/\/youtu.be\/TOmXh3qkYTU\u00bb align=\u00bbcenter\u00bb][\/vc_column][\/vc_row][vc_row top_padding=\u00bb40&#8243;][vc_column width=\u00bb1\/1&#8243;][vc_column_text] Documentaci\u00f3n de la jornada [\/vc_column_text][\/vc_column][\/vc_row][vc_row top_padding=\u00bb20&#8243;][vc_column width=\u00bb1\/2&#8243;][vc_column_text] Programa Programa de la jornada. Gesti\u00f3n del riesgo el\u00e9ctrico.[\/vc_column_text][\/vc_column][vc_column width=\u00bb1\/2&#8243;][vc_column_text] Ponencia Sr. Aureliano S\u00e1nchez. Formador especialista en riesgo el\u00e9ctrico. IFPRL.[\/vc_column_text][\/vc_column][\/vc_row]<\/p>\n","protected":false},"author":15,"featured_media":169283,"comment_status":"closed","ping_status":"closed","sticky":false,"template":"","format":"standard","meta":{"_links_to":"","_links_to_target":""},"categories":[216],"tags":[985,417,1497],"acf":[],"wps_subtitle":"<strong>Esta jornada forma parte de los Planes de Formaci\u00f3n del \u00e1mbito de Catalu\u00f1a, dirigidos a la capacitaci\u00f3n para el desarrollo de las funciones relacionadas con el di\u00e1logo social y la negociaci\u00f3n colectiva<\/strong>","_links":{"self":[{"href":"https:\/\/www.foment.com\/es\/wp-json\/wp\/v2\/posts\/171736"}],"collection":[{"href":"https:\/\/www.foment.com\/es\/wp-json\/wp\/v2\/posts"}],"about":[{"href":"https:\/\/www.foment.com\/es\/wp-json\/wp\/v2\/types\/post"}],"author":[{"embeddable":true,"href":"https:\/\/www.foment.com\/es\/wp-json\/wp\/v2\/users\/15"}],"replies":[{"embeddable":true,"href":"https:\/\/www.foment.com\/es\/wp-json\/wp\/v2\/comments?post=171736"}],"version-history":[{"count":8,"href":"https:\/\/www.foment.com\/es\/wp-json\/wp\/v2\/posts\/171736\/revisions"}],"predecessor-version":[{"id":172008,"href":"https:\/\/www.foment.com\/es\/wp-json\/wp\/v2\/posts\/171736\/revisions\/172008"}],"wp:featuredmedia":[{"embeddable":true,"href":"https:\/\/www.foment.com\/es\/wp-json\/wp\/v2\/media\/169283"}],"wp:attachment":[{"href":"https:\/\/www.foment.com\/es\/wp-json\/wp\/v2\/media?parent=171736"}],"wp:term":[{"taxonomy":"category","embeddable":true,"href":"https:\/\/www.foment.com\/es\/wp-json\/wp\/v2\/categories?post=171736"},{"taxonomy":"post_tag","embeddable":true,"href":"https:\/\/www.foment.com\/es\/wp-json\/wp\/v2\/tags?post=171736"}],"curies":[{"name":"wp","href":"https:\/\/api.w.org\/{rel}","templated":true}]}}