{"id":17190,"date":"2014-06-26T09:00:13","date_gmt":"2014-06-26T07:00:13","guid":{"rendered":"http:\/\/foment.itartech.com\/?p=17190"},"modified":"2016-11-30T18:31:39","modified_gmt":"2016-11-30T17:31:39","slug":"modelos-negocio-mas-sociales-sostenibles-dar-respuesta-las-nuevas-sensibilidades%e2%80%8b%e2%80%8b%e2%80%8b","status":"publish","type":"post","link":"https:\/\/www.foment.com\/es\/modelos-negocio-mas-sociales-sostenibles-dar-respuesta-las-nuevas-sensibilidades%e2%80%8b%e2%80%8b%e2%80%8b\/","title":{"rendered":"Modelos de negocio m\u00e1s sociales y sostenibles para dar respuesta a las nuevas sensibilidades\u200b\u200b\u200b"},"content":{"rendered":"<section class=\"wpb-content-wrapper\"><p>[vc_row][vc_column width=\u00bb1\/1&#8243;]<div class=\"spacer\" style=\"height: 20px;\"><\/div><div class=\"single_image wpb_content_element align-center    \" data-animation=\"none\" data-delay=\"0\"><img width=\"600\" height=\"206\" src=\"https:\/\/www.foment.com\/wp-content\/uploads\/2014\/06\/Foment-Empren_Cicle-de-Seminaris-Reinventat_Empreses-socials-dimpacte_Ponents_17_06_14-3_600.jpg\" class=\"attachment-full\" alt=\"\" loading=\"lazy\" title=\"La sesi\u00f3n ha contado con la participaci\u00f3n de Albert Riera, Director de Comunicaci\u00f3n de La Fageda; y Xavier Pont, Director General de Ship2B. Ha moderado Carmen L\u00f3pez, directora de Grandes Cuentas de Experis \u00a9 Job Vermeulen\" srcset=\"https:\/\/www.foment.com\/wp-content\/uploads\/2014\/06\/Foment-Empren_Cicle-de-Seminaris-Reinventat_Empreses-socials-dimpacte_Ponents_17_06_14-3_600.jpg 600w, https:\/\/www.foment.com\/wp-content\/uploads\/2014\/06\/Foment-Empren_Cicle-de-Seminaris-Reinventat_Empreses-socials-dimpacte_Ponents_17_06_14-3_600-300x103.jpg 300w\" sizes=\"(max-width: 600px) 100vw, 600px\" \/><span class=\"single_image_caption\">La sesi\u00f3n ha contado con la participaci\u00f3n de Albert Riera, Director de Comunicaci\u00f3n de La Fageda; y Xavier Pont, Director General de Ship2B. Ha moderado Carmen L\u00f3pez, directora de Grandes Cuentas de Experis \u00a9 Job Vermeulen<\/span><\/div><div class=\"spacer\" style=\"height: 20px;\"><\/div>[\/vc_column][\/vc_row][vc_row][vc_column width=\u00bb1\/1&#8243;][vc_column_text]<strong>\u00abEl emprendimiento social no es un fen\u00f3meno nuevo, pero hoy emerge un nuevo perfil de emprendedor social: personas que se plantean emprender una empresa con sentido\u00bb<\/strong>. De esta manera se ha manifestado <strong>Xavier Pont<\/strong>, el director general de <strong>Ship2B<\/strong>, la primera aceleradora de start-ups de proyectos sociales e innovadores de alto impacto de Catalu\u00f1a. Rentabilidad econ\u00f3mica e impacto social positivo son las dos llaves del llavero que abre la puerta del emprendimiento social, un concepto que no tiene una \u00fanica definici\u00f3n, pero que, desde sus m\u00faltiples aproximaciones, despierta de una manera creciente la atenci\u00f3n de los inversores. Es por ello que Foment del Treball, a trav\u00e9s de su ciclo de seminarios Reinventa\u2019t, transforma i crea, y con el apoyo de <strong>Experis<\/strong>, ha dedicado una sesi\u00f3n a comprender los aspectos m\u00e1s relevantes del emprendimiento social. Ha moderado la sesi\u00f3n <strong>Carmen L\u00f3pez<\/strong>, directora de Grandes Cuentas de Experis.[\/vc_column_text][\/vc_column][\/vc_row][vc_row][vc_column width=\u00bb1\/1&#8243;]<div class=\"spacer\" style=\"height: 20px;\"><\/div><div class=\"single_image wpb_content_element align-center    \" data-animation=\"none\" data-delay=\"0\"><img width=\"600\" height=\"400\" src=\"https:\/\/www.foment.com\/wp-content\/uploads\/2014\/06\/Foment-Empren_Cicle-de-Seminaris-Reinventat_Empreses-socials-dimpacte_Xavier-Pont_17_06_14-3_600.jpg\" class=\"attachment-full\" alt=\"\" loading=\"lazy\" title=\"Xavier Pont es el director general de Ship2B, la primera aceleradora de start-ups de proyectos sociales e innovadores de alto impacto de Catalu\u00f1a \u00a9 Job Vermeulen\" srcset=\"https:\/\/www.foment.com\/wp-content\/uploads\/2014\/06\/Foment-Empren_Cicle-de-Seminaris-Reinventat_Empreses-socials-dimpacte_Xavier-Pont_17_06_14-3_600.jpg 600w, https:\/\/www.foment.com\/wp-content\/uploads\/2014\/06\/Foment-Empren_Cicle-de-Seminaris-Reinventat_Empreses-socials-dimpacte_Xavier-Pont_17_06_14-3_600-300x200.jpg 300w\" sizes=\"(max-width: 600px) 100vw, 600px\" \/><span class=\"single_image_caption\">Xavier Pont es el director general de Ship2B, la primera aceleradora de start-ups de proyectos sociales e innovadores de alto impacto de Catalu\u00f1a\n\u00a9 Job Vermeulen<\/span><\/div><div class=\"spacer\" style=\"height: 20px;\"><\/div>[\/vc_column][\/vc_row][vc_row][vc_column width=\u00bb1\/1&#8243;][vc_column_text]Pont ha explicado el apoyo que desde Ship2b aportan a los emprendedores: <strong>\u00abacompa\u00f1amos emprendedores y empresas para profesionalizar y hacer autosostenibles proyectos sociales que sean innovadores, escalables y de alto impacto, con el objetivo de generar una doble rentabilidad, econ\u00f3mica y social\u00bb<\/strong>.<\/p>\n<p><strong>Albert Riera<\/strong>, director de Comunicaci\u00f3n de <strong>La Fageda<\/strong>, ha desgranado las claves del \u00e9xito de esta cooperativa sin \u00e1nimo de lucro que, creada en 1982 en Olot, hoy emplea a unas 280 personas y es motor de inclusi\u00f3n laboral y social de personas con discapacidad intelectual. La Fageda elabora productos l\u00e1cteos y actualmente vende m\u00e1s de 45 millones de yogures al a\u00f1o:<strong> \u00abLas personas y el equipo son la clave del \u00e9xito del proyecto; poner mucha atenci\u00f3n y trabajar el equilibrio entre equipo y proyecto es vital para la empresa social\u00bb<\/strong>, asegur\u00f3 Riera. En este sentido, ha a\u00f1adido que <strong>\u00abuna empresa social logra hacer aflorar las capacidades de las personas: queremos hacer bien las cosas con profesionalidad y voluntad constante de mejora, por eso ahora nos hemos lanzado a producir tambi\u00e9n mermeladas y helados\u00bb<\/strong>.<\/p>\n<p>[\/vc_column_text][\/vc_column][\/vc_row][vc_row][vc_column width=\u00bb1\/1&#8243;]<div class=\"spacer\" style=\"height: 20px;\"><\/div><div class=\"single_image wpb_content_element align-center    \" data-animation=\"none\" data-delay=\"0\"><img width=\"600\" height=\"400\" src=\"https:\/\/www.foment.com\/wp-content\/uploads\/2014\/06\/Foment-Empren_Cicle-de-Seminaris-Reinventat_Empreses-socials-dimpacte_-Albert-Riera_17_06_143_600.jpg\" class=\"attachment-full\" alt=\"\" loading=\"lazy\" title=\"Albert Riera es el director de Comunicaci\u00f3n de La Fageda, cooperativa sin \u00e1nimo de lucro que es motor de inclusi\u00f3n laboral y social de personas con discapacidad intelectual\u200b \u00a9 Job Vermeulen\" srcset=\"https:\/\/www.foment.com\/wp-content\/uploads\/2014\/06\/Foment-Empren_Cicle-de-Seminaris-Reinventat_Empreses-socials-dimpacte_-Albert-Riera_17_06_143_600.jpg 600w, https:\/\/www.foment.com\/wp-content\/uploads\/2014\/06\/Foment-Empren_Cicle-de-Seminaris-Reinventat_Empreses-socials-dimpacte_-Albert-Riera_17_06_143_600-300x200.jpg 300w\" sizes=\"(max-width: 600px) 100vw, 600px\" \/><span class=\"single_image_caption\"> Albert Riera es el director de Comunicaci\u00f3n de La Fageda, cooperativa sin \u00e1nimo de lucro que es motor de inclusi\u00f3n laboral y social de personas con discapacidad intelectual\u200b \u00a9 Job Vermeulen<\/span><\/div><div class=\"spacer\" style=\"height: 20px;\"><\/div>[\/vc_column][\/vc_row][vc_row][vc_column width=\u00bb1\/1&#8243;][vc_column_text]<strong><span style=\"color: #c1002b;\">Fomentar el esp\u00edritu emprendedor<\/span><\/strong><\/p>\n<p>Foment ha reforzado este a\u00f1o sus servicios de apoyo y acompa\u00f1amiento a los emprendedores con un programa que en Catalu\u00f1a brinda asesoramiento t\u00e9cnico a las personas que tienen una idea de negocio y quieren probar de hacerla realidad. De esta manera, este a\u00f1o, Foment en cooperaci\u00f3n con la Asociaci\u00f3n de Empresarias del Mediterr\u00e1neo (AFAEMME) ha puesto en marcha un programa de apoyo al emprendimiento para todo el territorio de Catalu\u00f1a. Este servicio se desarrolla en colaboraci\u00f3n con las organizaciones empresariales de Lleida (COELL), Tarragona (CEPTA), Barcelona (CEB) y Girona (FOEG) y ayudar\u00e1 a desarrollarse proyectos emprendedores a trav\u00e9s de la informaci\u00f3n y la orientaci\u00f3n; el asesoramiento personalizado; la formaci\u00f3n; y el seguimiento t\u00e9cnico. Barcelona, Tarragona, Lleida y Girona disponen de un equipo t\u00e9cnico de especialistas en asesorar y acompa\u00f1ar proyectos de emprendimiento que se dedicar\u00e1n a tiempo completo a ayudar a los emprendedores del territorio que quieran iniciar un nuevo negocio.<\/p>\n<p>Asimismo, desde el a\u00f1o 2010, Foment del Treball, a trav\u00e9s de su oficina de Creaci\u00f3n de Empresas, ha intensificado las acciones y programas de apoyo y acompa\u00f1amiento a todas las personas que quieren iniciar un proyecto empresarial. Limitar los supuestos de fracaso empresarial ofreciendo un asesoramiento personalizado y profesionalizado que d\u00e9 a las personas emprendedoras las herramientas para reflexionar en torno a la viabilidad de su proyecto, es uno de los retos principales que se marca Foment. Interesa, no \u00fanicamente crear m\u00e1s empresas, sino aumentar la tasa de supervivencia.<\/p>\n<p>Por todo ello, la estrategia de Foment de apoyo al emprendimiento se complementa tambi\u00e9n con otros programas como pueden ser el Ciclo de seminarios Reinventa\u2019t, transforma i crea, el Meeting de Incubadoras Corporativas y el Momento del Emprendedor (colaboraci\u00f3n con UPF, UB, UAB y UPC).<\/p>\n<p>[\/vc_column_text][\/vc_column][\/vc_row][vc_row][vc_column width=\u00bb1\/1&#8243;]<div class=\"spacer\" style=\"height: 20px;\"><\/div><a href=\"http:\/\/wp-content\/uploads\/2016\/08\/Foment_del_Treball_2014.06.17_emprendedores_sociales_CAST.pdf\" target=\"_blank\" class=\"button color-2 small \" style=\"border-radius: 2px;\">Descarga la noticia en PDF<\/a>[\/vc_column][\/vc_row]<\/p>\n<\/section>","protected":false},"excerpt":{"rendered":"<p>[vc_row][vc_column width=\u00bb1\/1&#8243;][\/vc_column][\/vc_row][vc_row][vc_column width=\u00bb1\/1&#8243;][vc_column_text]\u00abEl emprendimiento social no es un fen\u00f3meno nuevo, pero hoy emerge un nuevo perfil de emprendedor social: personas que se plantean emprender una empresa con sentido\u00bb. De esta manera se ha manifestado Xavier Pont, el director general de Ship2B, la primera aceleradora de start-ups de proyectos sociales e innovadores de alto impacto de Catalu\u00f1a. Rentabilidad econ\u00f3mica e impacto social positivo son las dos llaves del llavero que abre la puerta del emprendimiento social, un concepto que no tiene una \u00fanica definici\u00f3n, pero que, desde sus m\u00faltiples aproximaciones, despierta de una manera creciente la atenci\u00f3n de los inversores. Es por ello que Foment del Treball, a trav\u00e9s de su ciclo de seminarios Reinventa\u2019t, transforma i crea, y con el apoyo de Experis, ha dedicado una sesi\u00f3n a comprender los aspectos m\u00e1s relevantes del emprendimiento social. Ha moderado la sesi\u00f3n Carmen L\u00f3pez, directora de Grandes Cuentas de Experis.[\/vc_column_text][\/vc_column][\/vc_row][vc_row][vc_column width=\u00bb1\/1&#8243;][\/vc_column][\/vc_row][vc_row][vc_column width=\u00bb1\/1&#8243;][vc_column_text]Pont ha explicado el apoyo que desde Ship2b aportan a los emprendedores: \u00abacompa\u00f1amos emprendedores y empresas para profesionalizar y hacer autosostenibles proyectos sociales que sean innovadores, escalables y de alto impacto, con el objetivo de generar una doble rentabilidad, econ\u00f3mica y social\u00bb. Albert Riera, director de Comunicaci\u00f3n de La Fageda, ha [&hellip;]<\/p>\n","protected":false},"author":24,"featured_media":19259,"comment_status":"closed","ping_status":"closed","sticky":false,"template":"","format":"standard","meta":{"_links_to":"","_links_to_target":""},"categories":[67,123],"tags":[],"acf":[],"wps_subtitle":"Jornada sobre emprendimiento social del ciclo de Foment del Treball Reinventa\u2019t, transforma i crea","_links":{"self":[{"href":"https:\/\/www.foment.com\/es\/wp-json\/wp\/v2\/posts\/17190"}],"collection":[{"href":"https:\/\/www.foment.com\/es\/wp-json\/wp\/v2\/posts"}],"about":[{"href":"https:\/\/www.foment.com\/es\/wp-json\/wp\/v2\/types\/post"}],"author":[{"embeddable":true,"href":"https:\/\/www.foment.com\/es\/wp-json\/wp\/v2\/users\/24"}],"replies":[{"embeddable":true,"href":"https:\/\/www.foment.com\/es\/wp-json\/wp\/v2\/comments?post=17190"}],"version-history":[{"count":0,"href":"https:\/\/www.foment.com\/es\/wp-json\/wp\/v2\/posts\/17190\/revisions"}],"wp:featuredmedia":[{"embeddable":true,"href":"https:\/\/www.foment.com\/es\/wp-json\/wp\/v2\/media\/19259"}],"wp:attachment":[{"href":"https:\/\/www.foment.com\/es\/wp-json\/wp\/v2\/media?parent=17190"}],"wp:term":[{"taxonomy":"category","embeddable":true,"href":"https:\/\/www.foment.com\/es\/wp-json\/wp\/v2\/categories?post=17190"},{"taxonomy":"post_tag","embeddable":true,"href":"https:\/\/www.foment.com\/es\/wp-json\/wp\/v2\/tags?post=17190"}],"curies":[{"name":"wp","href":"https:\/\/api.w.org\/{rel}","templated":true}]}}