{"id":172230,"date":"2023-10-30T23:13:18","date_gmt":"2023-10-30T22:13:18","guid":{"rendered":"https:\/\/www.foment.com\/joan-castells-i-juan-echevarria-guardonats-medalles-honor-foment-treball\/"},"modified":"2023-12-22T13:43:01","modified_gmt":"2023-12-22T12:43:01","slug":"joan-castells-y-juan-echevarria-galardonados-medallas-honor-foment-treball","status":"publish","type":"post","link":"https:\/\/www.foment.com\/es\/joan-castells-y-juan-echevarria-galardonados-medallas-honor-foment-treball\/","title":{"rendered":"Joan Castells y Juan Echevarr\u00eda galardonados con las Medallas de Honor de Foment del Treball"},"content":{"rendered":"<section class=\"wpb-content-wrapper\"><p>[vc_row][vc_column][vc_column_text]<\/p>\n<ul>\n<li>Los XVI Premios de Foment del Treball reconocen Transportes Generales de Olesa en la categor\u00eda de Desarrollo Sostenible; Randstad en Igualdad; Esbo Log\u00edsticos en Innovaci\u00f3n; Moventia en Internacionalizaci\u00f3n; dos premios ex aequo para Coca Cola y la entidad ONG K9 Creixell en Responsabilidad Social; y Vallformosa como Pyme del A\u00f1o<\/li>\n<li>Foment del Treball ha entregado estos galardones hoy en el TNC con la presencia del presidente de la Generalitat de Catalu\u00f1a, Pere Aragon\u00e8s; el ministro de Industria, Comercio y Turismo, H\u00e9ctor G\u00f3mez; la presidenta del Parlament de Catalu\u00f1a, Anna Erre y Sol\u00e0; y el alcalde de Barcelona, Jaume Collboni<\/li>\n<\/ul>\n<p>Foment del Treball distingue <strong>Joan Castells Trius<\/strong>, presidente de FIATC Seguros, con la <strong>Medalla de Honor al Empresario del A\u00f1o<\/strong> por su ejecutoria al frente de la entidad de seguros, posicionando la entidad como la segunda mutua de ranking del Estado y la primera de Catalu\u00f1a. Tambi\u00e9n otorga la <strong>Medalla por su Trayectoria Empresarial<\/strong> a <strong>Juan Echevarr\u00eda Puig<\/strong>, por la b\u00fasqueda incesante de la excelencia y el buen gobierno corporativo como l\u00edder empresarial de compa\u00f1\u00edas referentes como FECSA, Nissan Motor Ib\u00e9rica, EBRO-Kubota, o Cable y Televisi\u00f3n de Catalu\u00f1a (Menta), y, en especial, por su apuesta por la modernidad durante los a\u00f1os al frente de Mutua Universal.<\/p>\n<p>La patronal catalana ha reunido hoy lunes 30 de octubre a los <strong>principales agentes del mundo empresarial y sociopol\u00edtico de Catalu\u00f1a durante la decimosexta edici\u00f3n de sus premios anuales<\/strong>, que rinden tambi\u00e9n homenaje al empresario y economista Carles Ferrer Salat. Estos galardones se han librado en un acto en el Teatro Nacional de Catalu\u00f1a que ha finaliza con un c\u00f3ctel institucional.<\/p>\n<p>La ceremonia ha contado con la presencia del presidente de la Generalitat de Catalu\u00f1a, <strong>Pere Aragon\u00e8s<\/strong>; el ministro de Industria, Comercio y Turismo, <strong>H\u00e9ctor G\u00f3mez<\/strong>; la presidenta del Parlament de Catalu\u00f1a, <strong>Anna Erre y Sol\u00e0<\/strong>; y el alcalde de Barcelona, <strong>Jaume Collboni<\/strong>.<\/p>\n<p>El presidente de Foment, <strong>Josep S\u00e1nchez Llibre<\/strong>, en la clausura del acto ha reivindicado la figura del empresario y del emprendedor, y ha reclamado \u201cconsensos b\u00e1sicos y esenciales\u201d a los gobiernos y al resto de fuerzas pol\u00edticas \u201cpara tener la estabilidad necesaria que permita el retorno de las empresas a Catalu\u00f1a, que es donde tienen que estar\u201d.<\/p>\n<p>El l\u00edder patronal ha pedido al pr\u00f3ximo Gobierno central que siga una l\u00ednea de pol\u00edtica econ\u00f3mica que ayude a tener una fiscalidad competitiva para el ecosistema empresarial. En este sentido, tambi\u00e9n ha solicitado una reforma efectiva de la administraci\u00f3n p\u00fablica para hacerla m\u00e1s \u00e1gil, sobre todo en la era digital que vivimos. Adem\u00e1s, y despu\u00e9s de conocer algunos pactos pol\u00edticos, como el que se conoci\u00f3 entre PSOE y Sumar, ha exigido \u201crespeto por las negociaciones entre los agentes sociales, que tienen que poder mantener el di\u00e1logo social en el marco establecido\u201d.<\/p>\n<p>Por otro lado, S\u00e1nchez Llibre ha querido dejar claro que \u201clos empresarios tenemos compromiso social\u201d y que en el contexto actual hay que actuar \u201cpara no dejar nadie atr\u00e1s\u201d y corresponde tambi\u00e9n en el empresariado ser l\u00edder en este \u00e1mbito.<br \/>\nLos XVI Premios y Medallas de Honor de Foment del Treball reconocen la tarea realizada por empresas y destacados empresarios y empresarias durante el \u00faltimo a\u00f1o o a lo largo de su trayectoria, destacando en los principales valores que representan el esp\u00edritu del sector. La edici\u00f3n de este a\u00f1o cuenta con el patrocinio de <strong>Abertis, CaixaBank, Endesa, PwC, Repsol y Telef\u00f3nica<\/strong>. Adem\u00e1s, en el acto de entrega colaboran el <strong>Ayuntamiento de Barcelona y la Diputaci\u00f3n de Barcelona<\/strong>, y el apoyo de <strong>Mercadona y el RACC<\/strong>.[\/vc_column_text]<div class=\"video-embed  wpb_content_element\"><iframe title=\"XVI Premis i Medalles d&#039;Honor de Foment del Treball\" width=\"1161\" height=\"653\" src=\"https:\/\/www.youtube.com\/embed\/UhpNUA5gnoo?feature=oembed\" frameborder=\"0\" allow=\"accelerometer; autoplay; clipboard-write; encrypted-media; gyroscope; picture-in-picture; web-share\" referrerpolicy=\"strict-origin-when-cross-origin\" allowfullscreen><\/iframe><\/div><div class=\"flexslider wpb_content_element\"><ul class=\"slides\"><li><img src=\"https:\/\/www.foment.com\/wp-content\/uploads\/2023\/10\/photo1698694508-3.jpeg\" alt=\"\" \/><\/li><li><img src=\"https:\/\/www.foment.com\/wp-content\/uploads\/2023\/10\/photo1698694508-8.jpeg\" alt=\"\" \/><\/li><li><img src=\"https:\/\/www.foment.com\/wp-content\/uploads\/2023\/10\/photo1698694508-6.jpeg\" alt=\"\" \/><\/li><li><img src=\"https:\/\/www.foment.com\/wp-content\/uploads\/2023\/10\/photo1698701565-8.jpeg\" alt=\"\" \/><\/li><li><img src=\"https:\/\/www.foment.com\/wp-content\/uploads\/2023\/10\/photo1698701565-2.jpeg\" alt=\"Josep S\u00e1nchez Llibre Premis Foment\" \/><\/li><li><img src=\"https:\/\/www.foment.com\/wp-content\/uploads\/2023\/10\/photo1698701631-5.jpeg\" alt=\"\" \/><\/li><li><img src=\"https:\/\/www.foment.com\/wp-content\/uploads\/2023\/10\/photo1698701639.jpeg\" alt=\"\" \/><\/li><li><img src=\"https:\/\/www.foment.com\/wp-content\/uploads\/2023\/10\/photo1698695490-2.jpeg\" alt=\"\" \/><\/li><li><img src=\"https:\/\/www.foment.com\/wp-content\/uploads\/2023\/10\/photo1698696338-1.jpeg\" alt=\"\" \/><\/li><li><img src=\"https:\/\/www.foment.com\/wp-content\/uploads\/2023\/10\/photo1698696338-2.jpeg\" alt=\"\" \/><\/li><li><img src=\"https:\/\/www.foment.com\/wp-content\/uploads\/2023\/10\/photo1698694508-4.jpeg\" alt=\"\" \/><\/li><li><img src=\"https:\/\/www.foment.com\/wp-content\/uploads\/2023\/10\/photo1698694508-2.jpeg\" alt=\"\" \/><\/li><li><img src=\"https:\/\/www.foment.com\/wp-content\/uploads\/2023\/10\/photo1698694508-5.jpeg\" alt=\"\" \/><\/li><li><img src=\"https:\/\/www.foment.com\/wp-content\/uploads\/2023\/10\/photo1698694508-7.jpeg\" alt=\"\" \/><\/li><li><img src=\"https:\/\/www.foment.com\/wp-content\/uploads\/2023\/10\/Autoritats-amb-els-patrocinadors-dels-Premis-Foment.jpeg\" alt=\"\" \/><\/li><li><img src=\"https:\/\/www.foment.com\/wp-content\/uploads\/2023\/10\/Autoritats-amb-els-premiats-dels-Premis-Foment.jpeg\" alt=\"\" \/><\/li><li><img src=\"https:\/\/www.foment.com\/wp-content\/uploads\/2023\/10\/photo1698695490.jpeg\" alt=\"\" \/><\/li><li><img src=\"https:\/\/www.foment.com\/wp-content\/uploads\/2023\/10\/photo1698695490-3.jpeg\" alt=\"\" \/><\/li><\/ul><\/div>[vc_raw_html]JTNDaWZyYW1lJTIwd2lkdGglM0QlMjI1NjAlMjIlMjBoZWlnaHQlM0QlMjIzMTUlMjIlMjBzcmMlM0QlMjJodHRwcyUzQSUyRiUyRnd3dy55b3V0dWJlLmNvbSUyRmVtYmVkJTJGODl0aWp0WWdKRTAlM0ZzaSUzRFNHSTNyQ3FqSlFZbEoxNl8lMjIlMjB0aXRsZSUzRCUyMllvdVR1YmUlMjB2aWRlbyUyMHBsYXllciUyMiUyMGZyYW1lYm9yZGVyJTNEJTIyMCUyMiUyMGFsbG93JTNEJTIyYWNjZWxlcm9tZXRlciUzQiUyMGF1dG9wbGF5JTNCJTIwY2xpcGJvYXJkLXdyaXRlJTNCJTIwZW5jcnlwdGVkLW1lZGlhJTNCJTIwZ3lyb3Njb3BlJTNCJTIwcGljdHVyZS1pbi1waWN0dXJlJTNCJTIwd2ViLXNoYXJlJTIyJTIwYWxsb3dmdWxsc2NyZWVuJTNFJTNDJTJGaWZyYW1lJTNF[\/vc_raw_html][vc_column_text]<span style=\"color: #d2112d;\"><strong>Medallas de Honor Foment del Treball<\/strong><\/span><\/p>\n<p>En esta edici\u00f3n, Foment ha distinguido el presidente de FIATC Seguros,<strong> Joan Castells Trius<\/strong>, con la Medalla de Honor al Empresario del A\u00f1o como figura destacada del sector asegurador y empresarial por su ejecutoria al frente de la entidad de seguros. Con su liderazgo, FIATC, que era una peque\u00f1a compa\u00f1\u00eda centrada en el ramo del autom\u00f3vil, se ha convertido en la segunda mutua de ranking del Estado y la primera de Catalu\u00f1a.<\/p>\n<p>La Medalla de Honor a la Trayectoria Empresarial ha sido para <strong>Juan Echevarr\u00eda Puig<\/strong>, figura referente no solo en el mundo empresarial sino tambi\u00e9n en el \u00e1mbito docente, social e institucional. Foment del Treball reconoce a Echevarr\u00eda con una de sus m\u00e1ximas distinciones por la b\u00fasqueda incesante de la excelencia y el buen gobierno corporativo como l\u00edder empresarial de compa\u00f1\u00edas referentes como FECSA, Nissan Motor Ib\u00e9rica, EBRO-Kubota, o Cable y Televisi\u00f3n de Catalu\u00f1a (Menta), y, en especial, por su apuesta por la modernidad durante los a\u00f1os al frente de Mutua Universal, desde su llegada a la presidencia el 2004 hasta el 2022.[\/vc_column_text]<div class=\"flexslider wpb_content_element\"><ul class=\"slides\"><li><img src=\"https:\/\/www.foment.com\/wp-content\/uploads\/2023\/10\/photo1698697249-9.jpeg\" alt=\"\" \/><\/li><li><img src=\"https:\/\/www.foment.com\/wp-content\/uploads\/2023\/10\/photo1698697249-8.jpeg\" alt=\"\" \/><\/li><li><img src=\"https:\/\/www.foment.com\/wp-content\/uploads\/2023\/10\/photo1698697249-7.jpeg\" alt=\"\" \/><\/li><li><img src=\"https:\/\/www.foment.com\/wp-content\/uploads\/2023\/10\/photo1698697249-6.jpeg\" alt=\"\" \/><\/li><li><img src=\"https:\/\/www.foment.com\/wp-content\/uploads\/2023\/10\/photo1698701610-5.jpeg\" alt=\"\" \/><\/li><li><img src=\"https:\/\/www.foment.com\/wp-content\/uploads\/2023\/10\/photo1698701565-5.jpeg\" alt=\"\" \/><\/li><li><img src=\"https:\/\/www.foment.com\/wp-content\/uploads\/2023\/10\/photo1698701565-1.jpeg\" alt=\"\" \/><\/li><li><img src=\"https:\/\/www.foment.com\/wp-content\/uploads\/2023\/10\/photo1698698160-9.jpeg\" alt=\"\" \/><\/li><li><img src=\"https:\/\/www.foment.com\/wp-content\/uploads\/2023\/10\/photo1698698160-8.jpeg\" alt=\"\" \/><\/li><li><img src=\"https:\/\/www.foment.com\/wp-content\/uploads\/2023\/10\/photo1698701631-1.jpeg\" alt=\"\" \/><\/li><\/ul><\/div>[vc_column_text]<span style=\"color: #d2112d;\"><strong>XVI Premis Carles Ferrer Salat<\/strong><\/span><\/p>\n<p>El jurado de esta edici\u00f3n ha galardonado a siete empresas con los Premios Carles Ferrer Salat. Lo ha hecho en las categor\u00edas de Desarrollo Sostenible, Igualdad, Innovaci\u00f3n, Internacionalizaci\u00f3n, Responsabilidad Social y Pyme del A\u00f1o.<\/p>\n<ul>\n<li><strong>Desarrollo Sostenible \u2013 Transportes Generales de Olesa<\/strong><\/li>\n<li><strong>Igualdad \u2013 Randstad<\/strong><\/li>\n<li><strong>\u00a0Innovaci\u00f3n \u2013 Esbo Log\u00edstics<\/strong><\/li>\n<li><strong>Internacionalizaci\u00f3n \u2013 Moventia<\/strong><\/li>\n<li><strong>Responsabilidad Social (dos premios ex aequo) \u2013 Coca-Cola i ONG K9 Creixell<\/strong><\/li>\n<li><strong>Pyme del A\u00f1o \u2013 Vallformosa<\/strong><\/li>\n<\/ul>\n<p>En la categor\u00eda de <strong>Desarrollo Sostenible<\/strong> se reconoce a <strong>Transportes Generales de Olesa<\/strong>, empresa l\u00edder en el sector del transporte a la demanda, por el servicio Bus4.me, un sistema de transporte sensible a la demanda que aborda los retos de la movilidad, promueve la movilidad sostenible, reduce la contaminaci\u00f3n, mejora la accesibilidad y proporciona beneficios econ\u00f3micos y sociales a los usuarios y a las comunidades<\/p>\n<p>El premio a la categor\u00eda de <strong>Igualdad<\/strong>, se ha librado a <strong>Randstad<\/strong> por su firme compromiso en la aplicaci\u00f3n del principio de igualdad de oportunidades en todos y cada uno de los \u00e1mbitos en los cuales desarrolla su actividad. Para Randstad el impulso a la equidad, la igualdad y la diversidad, ocupa un lugar central en la estrategia de la compa\u00f1\u00eda. Foment del Treball ha querido reconocer el esfuerzo de Randstad para garantizar la inserci\u00f3n de todas las personas en sus procesos de selecci\u00f3n y en el desarrollo del talento, independientemente de su g\u00e9nero, identidad sexual, etnia, cultura, edad, religi\u00f3n, discapacidad o condici\u00f3n personal.<\/p>\n<p>En la categor\u00eda de <strong>Innovaci\u00f3n<\/strong>, Foment ha galardonado <strong>Esbo Log\u00edstics<\/strong>. La compa\u00f1\u00eda catalana de log\u00edstica ha sido galardonada con el premio Innovaci\u00f3n por la implementaci\u00f3n de un sistema rob\u00f3tico pionero en el sector log\u00edstico europeo que automatizar\u00e1 los procesos de almacenamiento y distribuci\u00f3n. Con este proyecto, Esbo Log\u00edsticos destaca su capacidad transformadora con la aplicaci\u00f3n de una tecnolog\u00eda que abre las puertas a un futuro de crecimiento sostenible reduciendo el riesgo laboral y el impacto medioambiental.<\/p>\n<p>El premio a la categor\u00eda<strong> Internacionalizaci\u00f3n<\/strong> se le ha concedido a <strong>Moventia<\/strong>, multinacional de origen familiar que este a\u00f1o celebra los 100 a\u00f1os de historia y que est\u00e1 presente en Arabia Saud\u00ed, Francia, Portugal, Polonia, Finlandia y Per\u00fa. Foment destaca las perspectivas de crecimiento de su divisi\u00f3n de movilidad compartida Moventis, que prev\u00e9 elevar del 15% al 25% el negocio al exterior, en el a\u00f1o 2023, acelerando su crecimiento en Francia y Arabia Saud\u00ed, especialmente. El galard\u00f3n es un reconocimiento al crecimiento pausado y sostenible del grupo empresarial que lo posiciona como uno de los actores principales del sector en el entorno internacional.<\/p>\n<p>Con el premio en la categor\u00eda <strong>Responsabilidad Social<\/strong>, el jurado ha reconocido ex-aequo a Coca-Cola y ONG K9 Creixell. De <strong>Coca-Cola<\/strong> se ha querido premiar su tarea en materia social que la convierten en un agente de impacto positivo que promueve la inclusi\u00f3n y el desarrollo en la sociedad con sus empleados y en las comunidades donde opera. Foment destaca la estrategia de sostenibilidad \u201cAvanzamos\u201d, para Europa Occidental, la cual supone un paso del compromiso a la acci\u00f3n para construir un mundo mejor, por las personas y por el planeta, a trav\u00e9s de sus marcas y de su cadena de valor. Dentro de este objetivo, hace unos a\u00f1os puso en marcha la plataforma Gira Mujeres, el prop\u00f3sito de la cual es impulsar y apoyar a j\u00f3venes y mujeres en su capacitaci\u00f3n y formaci\u00f3n, as\u00ed como en las habilidades y la confianza que necesitan para tener \u00e9xito, un objetivo todav\u00eda m\u00e1s relevante para trabajar por un futuro sostenible.<\/p>\n<p>En el caso del <strong>ONG K9 Creixell<\/strong>, una unidad canina de rescate y salvamento para ayudar en terremotos, estructuras colapsadas, tsunamis y avalanchas de lodo, Foment ha querido reconocer la tarea solidaria de esta organizaci\u00f3n que ha participado a 18 terremotos: Afganist\u00e1n, India, Ecuador, Argelia, T\u00fanez, Pakist\u00e1n, Indonesia, Filipinas, Marruecos, Per\u00fa, Hait\u00ed, Chile, Italia, Brasil, M\u00e9xico y Turqu\u00eda.<\/p>\n<p>Finalmente, la patronal ha otorgado el galard\u00f3n en la categor\u00eda de <strong>Pyme del A\u00f1o<\/strong> a <strong>Vallformosa<\/strong>. Se trata de una de las compa\u00f1\u00edas l\u00edderes del sector de vinos y espumosos, con m\u00e1s de 150 a\u00f1os de historia, ejemplo de renovaci\u00f3n y adaptaci\u00f3n a los nuevos tiempos. Foment quiere poner de relieve la tarea del equipo formado por m\u00e1s de 120 personas que trabajan en la compa\u00f1\u00eda situada en Vilob\u00ed del Pened\u00e8s, pero tambi\u00e9n una distinci\u00f3n a las m\u00e1s de 400 familias viticultoras que forman parte del Club Soy Valformosa. Un homenaje que reconoce y agradece el esfuerzo en toda la comunidad y a un modelo de negocio \u00fanico, donde no se tiene finca ni vi\u00f1a propia.[\/vc_column_text]<div class=\"flexslider wpb_content_element\"><ul class=\"slides\"><li><img src=\"https:\/\/www.foment.com\/wp-content\/uploads\/2023\/10\/photo1698701610.jpeg\" alt=\"\" \/><\/li><li><img src=\"https:\/\/www.foment.com\/wp-content\/uploads\/2023\/10\/photo1698701586-2.jpeg\" alt=\"\" \/><\/li><li><img src=\"https:\/\/www.foment.com\/wp-content\/uploads\/2023\/10\/photo1698703242.jpeg\" alt=\"\" \/><\/li><li><img src=\"https:\/\/www.foment.com\/wp-content\/uploads\/2023\/10\/photo1698701610-9.jpeg\" alt=\"\" \/><\/li><li><img src=\"https:\/\/www.foment.com\/wp-content\/uploads\/2023\/10\/photo1698701565-9.jpeg\" alt=\"\" \/><\/li><li><img src=\"https:\/\/www.foment.com\/wp-content\/uploads\/2023\/10\/photo1698701586.jpeg\" alt=\"\" \/><\/li><li><img src=\"https:\/\/www.foment.com\/wp-content\/uploads\/2023\/10\/photo1698701631-7.jpeg\" alt=\"\" \/><\/li><\/ul><\/div><div class=\"spacer\" style=\"height: 10px;\"><\/div>[\/vc_column][\/vc_row][vc_row text_align=\u00bbcenter\u00bb][vc_column width=\u00bb1\/6&#8243;][\/vc_column][vc_column text_align=\u00bbcenter\u00bb width=\u00bb2\/3&#8243;]<a href=\"https:\/\/www.foment.com\/wp-content\/uploads\/2023\/10\/Dossier-Premsa_XVI-Premis-i-Medalles-dHonor-de-Foment-del-Treball-1.pdf\" target=\"_self\" class=\"button color-3 large \" style=\"border-radius: 10px;\">DOSIER PREMIADOS<\/a><div class=\"spacer\" style=\"height: 10px;\"><\/div>[\/vc_column][vc_column width=\u00bb1\/6&#8243;][\/vc_column][\/vc_row][vc_row][vc_column][vc_column_text]<span style=\"color: #d2112d;\"><strong>Los valores de Ferrer Salat<\/strong><\/span><\/p>\n<p>Con los XVI Premios y Medallas de Honor Foment del Treball &#8211; Galardones Carles Ferrer Salat, que re\u00fanen los principales agentes del mundo empresarial y sociopol\u00edtico de Catalu\u00f1a, Foment del Treball quiere reconocer el futuro, el compromiso y la excelencia de los profesionales y las empresas catalanas que han destacado a lo largo de este a\u00f1o.<\/p>\n<p>Brillante empresario catal\u00e1n, Carles Ferrer Salat fue presidente de Foment en el momento del renacimiento de la patronal catalana con la llegada de la democracia: a la vez, fue tambi\u00e9n presidente fundador de la patronal espa\u00f1ola CEOE y posteriormente presidente de la gran patronal europea UNICE, hoy referida como Business Europe.<\/p>\n<p>Unos valores, los que representa Ferrer Salat, que identifican plenamente los de Foment del Treball: la patronal catalana, la organizaci\u00f3n empresarial m\u00e1s antigua de Europa con cerca de 250 a\u00f1os de historia, que ha encarnado el entusiasmo de catalanes emprendedores por el progreso de Catalu\u00f1a y de Espa\u00f1a.[\/vc_column_text][\/vc_column][\/vc_row]<\/p>\n<\/section>","protected":false},"excerpt":{"rendered":"<p>[vc_row][vc_column][vc_column_text] Los XVI Premios de Foment del Treball reconocen Transportes Generales de Olesa en la categor\u00eda de Desarrollo Sostenible; Randstad en Igualdad; Esbo Log\u00edsticos en Innovaci\u00f3n; Moventia en Internacionalizaci\u00f3n; dos premios ex aequo para Coca Cola y la entidad ONG K9 Creixell en Responsabilidad Social; y Vallformosa como Pyme del A\u00f1o Foment del Treball ha entregado estos galardones hoy en el TNC con la presencia del presidente de la Generalitat de Catalu\u00f1a, Pere Aragon\u00e8s; el ministro de Industria, Comercio y Turismo, H\u00e9ctor G\u00f3mez; la presidenta del Parlament de Catalu\u00f1a, Anna Erre y Sol\u00e0; y el alcalde de Barcelona, Jaume Collboni Foment del Treball distingue Joan Castells Trius, presidente de FIATC Seguros, con la Medalla de Honor al Empresario del A\u00f1o por su ejecutoria al frente de la entidad de seguros, posicionando la entidad como la segunda mutua de ranking del Estado y la primera de Catalu\u00f1a. Tambi\u00e9n otorga la Medalla por su Trayectoria Empresarial a Juan Echevarr\u00eda Puig, por la b\u00fasqueda incesante de la excelencia y el buen gobierno corporativo como l\u00edder empresarial de compa\u00f1\u00edas referentes como FECSA, Nissan Motor Ib\u00e9rica, EBRO-Kubota, o Cable y Televisi\u00f3n de Catalu\u00f1a (Menta), y, en especial, por su apuesta por la modernidad durante los [&hellip;]<\/p>\n","protected":false},"author":10,"featured_media":172228,"comment_status":"closed","ping_status":"closed","sticky":false,"template":"","format":"standard","meta":{"_links_to":"","_links_to_target":""},"categories":[114,127,5714],"tags":[247,763,4339,4340,4333],"acf":[],"wps_subtitle":"","_links":{"self":[{"href":"https:\/\/www.foment.com\/es\/wp-json\/wp\/v2\/posts\/172230"}],"collection":[{"href":"https:\/\/www.foment.com\/es\/wp-json\/wp\/v2\/posts"}],"about":[{"href":"https:\/\/www.foment.com\/es\/wp-json\/wp\/v2\/types\/post"}],"author":[{"embeddable":true,"href":"https:\/\/www.foment.com\/es\/wp-json\/wp\/v2\/users\/10"}],"replies":[{"embeddable":true,"href":"https:\/\/www.foment.com\/es\/wp-json\/wp\/v2\/comments?post=172230"}],"version-history":[{"count":8,"href":"https:\/\/www.foment.com\/es\/wp-json\/wp\/v2\/posts\/172230\/revisions"}],"predecessor-version":[{"id":176095,"href":"https:\/\/www.foment.com\/es\/wp-json\/wp\/v2\/posts\/172230\/revisions\/176095"}],"wp:featuredmedia":[{"embeddable":true,"href":"https:\/\/www.foment.com\/es\/wp-json\/wp\/v2\/media\/172228"}],"wp:attachment":[{"href":"https:\/\/www.foment.com\/es\/wp-json\/wp\/v2\/media?parent=172230"}],"wp:term":[{"taxonomy":"category","embeddable":true,"href":"https:\/\/www.foment.com\/es\/wp-json\/wp\/v2\/categories?post=172230"},{"taxonomy":"post_tag","embeddable":true,"href":"https:\/\/www.foment.com\/es\/wp-json\/wp\/v2\/tags?post=172230"}],"curies":[{"name":"wp","href":"https:\/\/api.w.org\/{rel}","templated":true}]}}