{"id":17325,"date":"2014-03-06T09:00:52","date_gmt":"2014-03-06T08:00:52","guid":{"rendered":"http:\/\/foment.itartech.com\/?p=17325"},"modified":"2016-12-04T14:02:03","modified_gmt":"2016-12-04T13:02:03","slug":"la-recuperacion-economica-impulsara-consumo-empleo-partir-del-2015","status":"publish","type":"post","link":"https:\/\/www.foment.com\/es\/la-recuperacion-economica-impulsara-consumo-empleo-partir-del-2015\/","title":{"rendered":"La recuperaci\u00f3n econ\u00f3mica impulsar\u00e1 el consumo y empleo a partir del 2015"},"content":{"rendered":"<section class=\"wpb-content-wrapper\"><p>[vc_row][vc_column width=\u00bb1\/1&#8243;][vc_column_text]La recuperaci\u00f3n econ\u00f3mica de Catalunya y Espa\u00f1a se traducir\u00e1 en t\u00e9rminos de empleo y consumo a partir del a\u00f1o 2015. El Informe de Coyuntura de Foment del Treball \u201cPanorama y S\u00edntesis de la Coyuntura Econ\u00f3mica\u201d que se ha presentado hoy en Barcelona apunta que las series estad\u00edsticas hist\u00f3ricas constatan que en las fases iniciales de otras etapas de recuperaci\u00f3n la percepci\u00f3n de reactivaci\u00f3n de la econom\u00eda no se produjo hasta pasado un per\u00edodo de varios meses. Foment del Treball apunta que para que la percepci\u00f3n de mejora de la econom\u00eda, que ya confirman los indicadores macroecon\u00f3micos, llegue al ciudadano es necesario actuar con reformas estructurales que aceleren el crecimiento.[\/vc_column_text][\/vc_column][\/vc_row][vc_row][vc_column width=\u00bb1\/1&#8243;]<div class=\"spacer\" style=\"height: 20px;\"><\/div><div class=\"single_image wpb_content_element align-center    \" data-animation=\"none\" data-delay=\"0\"><img width=\"600\" height=\"400\" src=\"https:\/\/www.foment.com\/wp-content\/uploads\/2014\/03\/Foment_del_Treball_2014.03.06_Adell_Guillermo_Informe_Conjuntura_Economica_1.png\" class=\"attachment-full\" alt=\"\" loading=\"lazy\" title=\"Ramon Adell apel\u00f3 tambi\u00e9n a que la Reforma Fiscal priorice la reducci\u00f3n del IRPF, del Impuesto de Sociedades y la lucha contra la econom\u00eda sumergida @Foment del Treball\" srcset=\"https:\/\/www.foment.com\/wp-content\/uploads\/2014\/03\/Foment_del_Treball_2014.03.06_Adell_Guillermo_Informe_Conjuntura_Economica_1.png 600w, https:\/\/www.foment.com\/wp-content\/uploads\/2014\/03\/Foment_del_Treball_2014.03.06_Adell_Guillermo_Informe_Conjuntura_Economica_1-300x200.png 300w\" sizes=\"(max-width: 600px) 100vw, 600px\" \/><span class=\"single_image_caption\">Ramon Adell apel\u00f3 tambi\u00e9n a que la Reforma Fiscal priorice la reducci\u00f3n del IRPF, del Impuesto de Sociedades y la lucha contra la econom\u00eda sumergida @Foment del Treball<\/span><\/div><div class=\"spacer\" style=\"height: 20px;\"><\/div>[\/vc_column][\/vc_row][vc_row][vc_column width=\u00bb1\/1&#8243;][vc_column_text]<\/p>\n<div>\n<div>\n<p>Entre estas reformas, el informe destaca que es \u201cimperativo avanzar en la reforma de la Administraci\u00f3n P\u00fablica, la reforma energ\u00e9tica y la reestructuraci\u00f3n del sistema financiero\u201d. El presidente de la Comisi\u00f3n de Econom\u00eda y Fiscalidad, Ramon Adell, apel\u00f3 tambi\u00e9n a que la Reforma Fiscal priorice la reducci\u00f3n del IRPF, del Impuesto de Sociedades y la lucha contra la econom\u00eda sumergida. En definitiva, el objetivo en los pr\u00f3ximos meses debe ser acelerar las palancas del crecimiento y conseguir que la recuperaci\u00f3n econ\u00f3mica se traduzca en mayor consumo y creaci\u00f3n puestos de trabajo. \u201cUna vez que la percepci\u00f3n de recuperaci\u00f3n econ\u00f3mica alcanza a la poblaci\u00f3n, se producen picos de crecimiento del consumo, superiores al repunte del PIB\u201d se\u00f1ala tambi\u00e9n el informe de coyuntura de Foment.<\/p>\n<div>Por su parte, el director de Estudios y \u00a0Econom\u00eda de Foment del Treball, Salvador Guillermo, plante\u00f3 una valoraci\u00f3n positiva sobre la recuperaci\u00f3n econ\u00f3mica de Espa\u00f1a, a partir de la reactivaci\u00f3n de los cr\u00e9ditos, el impulso de las exportaciones \u00a0y una previsi\u00f3n del crecimiento del PIB en 2015 cercana al 2%.<\/div>\n<p>&nbsp;<\/p>\n<div><strong class=\"ms-rteThemeForeColor-5-0 ms-rteFontSize-1\">\u00a0 \u00a0 \u00a0 \u00a0 \u00a0 \u00a0 \u00a0 \u00a0 \u00a0 \u00a0 \u00a0 \u00a0 \u00a0 \u00a0 \u00a0 \u00a0 \u00a0 \u00a0 \u00a0 \u00a0 \u00a0 \u00a0 \u00a0 \u00a0 \u00a0 \u00a0 \u00a0 \u00a0 \u00a0 \u00a0 \u00a0 \u00a0 \u00a0 \u00a0 \u00a0 \u00a0 \u00a0 \u00a0 \u00a0 \u00a0 \u00a0 \u00a0 \u00a0 \u00a0 \u00a0 \u00a0 \u00a0 \u00a0 \u00a0 \u00a0 \u00a0 \u00a0 \u00a0 \u00a0 \u00a0 \u00a0 \u00a0 \u00a0 \u00a0 \u00a0 \u00a0 \u00a0 \u00a0 \u00a0 \u00a0 \u00a0 \u00a0 \u00a0 \u00a0 \u00a0 \u00a0 \u00a0 \u00a0 \u00a0 \u00a0 \u00a0 \u00a0 \u00a0 \u00a0 \u00a0<\/strong><\/div>\n<\/div>\n<div><img loading=\"lazy\" class=\"ms-rtePosition-2 alignright\" src=\"\/wp-content\/uploads\/2016\/12\/Foment_del_Treball_2014.03.06_Portada_Informe_Conjuntura_Economica_2.png\" width=\"248\" height=\"346\" \/><\/div>\n<p>&nbsp;<\/p>\n<h3><span style=\"color: #c1002b;\"><strong>Demanda y actividad<\/strong><\/span><\/h3>\n<p>&nbsp;<\/p>\n<div>En el a\u00f1o 2013 el PIB en Catalunya registr\u00f3 un descenso del 0,6% que, aun siendo negativo, es sensiblemente menor a la contracci\u00f3n del 1,3% del a\u00f1o 2012. Se trata, por tanto, de un crecimiento interanual del 0,7% del PIB \u201clo que representa el primer dato positivo desde mediados de 2011\u201d. Tanto la industria como la agricultura ha vuelto a crecer (1,3 y 9,4% respectivamente), mientras que los servicios han pasado a terreno positivo (1,1%) y la construcci\u00f3n ha moderado su descenso (-4,7%) respecto al a\u00f1o anterior.<\/div>\n<p>&nbsp;<\/p>\n<div>El gasto en consumo final de los hogares ha crecido un 0,7% en el \u00faltimo trimestre del 2013, impulsado por la evoluci\u00f3n m\u00e1s favorable de la remuneraci\u00f3n de los asalariados, que en el \u00faltimo trimestre registr\u00f3 una reducci\u00f3n del 0,8%, muy inferior a la del 5,2% del segundo trimestre del mismo a\u00f1o.<\/div>\n<p>&nbsp;<\/p>\n<h3><strong><span style=\"color: #c1002b;\">Empleo, IPC y financiaci\u00f3n<\/span><br \/>\n<\/strong><\/h3>\n<p>&nbsp;<\/p>\n<div>En los \u00faltimos seis a\u00f1os en Catalunya se han destruido casi 680.000 puestos de trabajo, lo que representa una reducci\u00f3n del empleo del 19,4% desde el 2008. Es decir, se han perdido aproximadamente uno de cada cinco puestos de trabajo. Por sectores, es en la industria manufacturera donde se ha reducido de forma m\u00e1s acusada el empleo, un 20,2%.<\/div>\n<p>&nbsp;<\/p>\n<div>La evoluci\u00f3n de los precios ha sido relativamente estable durante todo el a\u00f1o. En el mes de enero, la variaci\u00f3n anual de precios ha sido positiva respecto al mismo mes del 2013, con un aumento en Espa\u00f1a del 0,2% y del 0,3% en Catalunya. Para el medio plazo se espera que la inflaci\u00f3n, tanto en Espa\u00f1a como en la zona euro, se mantenga en niveles bajos, puesto que la recuperaci\u00f3n econ\u00f3mica ser\u00e1 gradual.<\/div>\n<p>&nbsp;<\/p>\n<div>Las dificultades de acceso al cr\u00e9dito de las empresas persisten, con un descenso del 9,2% en el mes de diciembre, muy similar al de meses anteriores. En cualquier caso, se registra una reducci\u00f3n de los tipos de inter\u00e9s aplicados por las entidades de cr\u00e9dito a empresas para operaciones nuevas, al mismo tiempo que las series de nuevas operaciones de cr\u00e9dito en el mes de diciembre se\u00f1alan un repunte, tanto para empresas grandes (6,1%), como para las de menos tama\u00f1o, que subieron un 9,6%.<\/div>\n<p>&nbsp;<\/p>\n<h3><strong><span style=\"color: #c1002b;\">Exportaciones y turismo<\/span><br \/>\n<\/strong><\/h3>\n<p>&nbsp;<\/p>\n<div>Las exportaciones crecieron en Espa\u00f1a el 5,2%. En Catalunya permanecieron pr\u00e1cticamente estables a lo largo de todo el a\u00f1o y representaron el 24,9% del total. Los sectores bienes de equipo y autom\u00f3vil (que representan el 30% del total en Catalunya) han permanecido estables en cuanto a sus ventas al exterior. El impulso exportador en Catalunya proviene del sector qu\u00edmico y de manufacturas de consumo.<\/div>\n<p>&nbsp;<\/p>\n<div>Respecto a la actividad tur\u00edstica, 2013 ha sido un a\u00f1o de r\u00e9cords hist\u00f3ricos. Catalunya ha sido el principal destino y ha recibido a pr\u00e1cticamente la cuarta parte de los turistas que llegan a Espa\u00f1a. El gasto total de los visitantes a Catalunya aument\u00f3 un 13,4% respecto al 2012 y alcanza los 14.022 millones de euros.<\/div>\n<\/div>\n<p>[\/vc_column_text][\/vc_column][\/vc_row][vc_row][vc_column width=\u00bb1\/1&#8243;]<div class=\"spacer\" style=\"height: 20px;\"><\/div><a href=\"\/wp-content\/uploads\/2016\/08\/Foment_del_Treball_2014.03.06_Informe_Coyuntura__CAST.pdf\" target=\"_blank\" class=\"button color-2 small \" style=\"border-radius: 2px;\">Descarga la noticia en PDF<\/a>[\/vc_column][\/vc_row]<\/p>\n<\/section>","protected":false},"excerpt":{"rendered":"<p>[vc_row][vc_column width=\u00bb1\/1&#8243;][vc_column_text]La recuperaci\u00f3n econ\u00f3mica de Catalunya y Espa\u00f1a se traducir\u00e1 en t\u00e9rminos de empleo y consumo a partir del a\u00f1o 2015. El Informe de Coyuntura de Foment del Treball \u201cPanorama y S\u00edntesis de la Coyuntura Econ\u00f3mica\u201d que se ha presentado hoy en Barcelona apunta que las series estad\u00edsticas hist\u00f3ricas constatan que en las fases iniciales de otras etapas de recuperaci\u00f3n la percepci\u00f3n de reactivaci\u00f3n de la econom\u00eda no se produjo hasta pasado un per\u00edodo de varios meses. Foment del Treball apunta que para que la percepci\u00f3n de mejora de la econom\u00eda, que ya confirman los indicadores macroecon\u00f3micos, llegue al ciudadano es necesario actuar con reformas estructurales que aceleren el crecimiento.[\/vc_column_text][\/vc_column][\/vc_row][vc_row][vc_column width=\u00bb1\/1&#8243;][\/vc_column][\/vc_row][vc_row][vc_column width=\u00bb1\/1&#8243;][vc_column_text] Entre estas reformas, el informe destaca que es \u201cimperativo avanzar en la reforma de la Administraci\u00f3n P\u00fablica, la reforma energ\u00e9tica y la reestructuraci\u00f3n del sistema financiero\u201d. El presidente de la Comisi\u00f3n de Econom\u00eda y Fiscalidad, Ramon Adell, apel\u00f3 tambi\u00e9n a que la Reforma Fiscal priorice la reducci\u00f3n del IRPF, del Impuesto de Sociedades y la lucha contra la econom\u00eda sumergida. En definitiva, el objetivo en los pr\u00f3ximos meses debe ser acelerar las palancas del crecimiento y conseguir que la recuperaci\u00f3n econ\u00f3mica se traduzca en mayor consumo y creaci\u00f3n [&hellip;]<\/p>\n","protected":false},"author":24,"featured_media":18464,"comment_status":"closed","ping_status":"closed","sticky":false,"template":"","format":"standard","meta":{"_links_to":"","_links_to_target":""},"categories":[69],"tags":[],"acf":[],"wps_subtitle":"El Informe de Coyuntura de Foment del Treball \u201cPanorama y S\u00edntesis de la Coyuntura Econ\u00f3mica\u201d que se ha presentado hoy en Barcelona apunta que las series estad\u00edsticas hist\u00f3ricas constatan que en las fases iniciales de otras etapas de recuperaci\u00f3n la percepci\u00f3n de reactivaci\u00f3n de la econom\u00eda no se produjo hasta pasado un per\u00edodo de varios meses\u200b","_links":{"self":[{"href":"https:\/\/www.foment.com\/es\/wp-json\/wp\/v2\/posts\/17325"}],"collection":[{"href":"https:\/\/www.foment.com\/es\/wp-json\/wp\/v2\/posts"}],"about":[{"href":"https:\/\/www.foment.com\/es\/wp-json\/wp\/v2\/types\/post"}],"author":[{"embeddable":true,"href":"https:\/\/www.foment.com\/es\/wp-json\/wp\/v2\/users\/24"}],"replies":[{"embeddable":true,"href":"https:\/\/www.foment.com\/es\/wp-json\/wp\/v2\/comments?post=17325"}],"version-history":[{"count":0,"href":"https:\/\/www.foment.com\/es\/wp-json\/wp\/v2\/posts\/17325\/revisions"}],"wp:featuredmedia":[{"embeddable":true,"href":"https:\/\/www.foment.com\/es\/wp-json\/wp\/v2\/media\/18464"}],"wp:attachment":[{"href":"https:\/\/www.foment.com\/es\/wp-json\/wp\/v2\/media?parent=17325"}],"wp:term":[{"taxonomy":"category","embeddable":true,"href":"https:\/\/www.foment.com\/es\/wp-json\/wp\/v2\/categories?post=17325"},{"taxonomy":"post_tag","embeddable":true,"href":"https:\/\/www.foment.com\/es\/wp-json\/wp\/v2\/tags?post=17325"}],"curies":[{"name":"wp","href":"https:\/\/api.w.org\/{rel}","templated":true}]}}