{"id":173373,"date":"2023-11-16T16:14:02","date_gmt":"2023-11-16T15:14:02","guid":{"rendered":"https:\/\/www.foment.com\/?p=173373"},"modified":"2023-11-20T16:19:14","modified_gmt":"2023-11-20T15:19:14","slug":"como-inciden-en-la-empresa-los-ultimos-avances-cientificos-para-prevenir-el-cancer-de-prostata","status":"publish","type":"post","link":"https:\/\/www.foment.com\/es\/como-inciden-en-la-empresa-los-ultimos-avances-cientificos-para-prevenir-el-cancer-de-prostata\/","title":{"rendered":"\u00bfC\u00f3mo inciden en la empresa los \u00faltimos avances cient\u00edficos para prevenir el c\u00e1ncer de pr\u00f3stata?"},"content":{"rendered":"<section class=\"wpb-content-wrapper\"><p>[vc_row][vc_column][vc_column_text]<\/p>\n<p style=\"text-align: justify;\">El c\u00e1ncer de pr\u00f3stata es el m\u00e1s com\u00fan entre los hombres, pero el incremento de las determinaciones del Ant\u00edgeno Prost\u00e1tico Espec\u00edfico (PSA) ha favorecido la detecci\u00f3n y, por tanto, la incidencia. Adem\u00e1s, las nuevas terapias hormonales han demostrado que incrementan la supervivencia y mejoran la calidad de vida.<\/p>\n<p style=\"text-align: justify;\">Esta jornada se enmarca en la campa\u00f1a Enormemente invisible que se puso en marcha el junio pasado, con el apoyo de Janssen, con motivo del D\u00eda Mundial del C\u00e1ncer de Pr\u00f3stata para dar visibilidad a esta enfermedad.<\/p>\n<p style=\"text-align: justify;\">La campa\u00f1a tambi\u00e9n ha llegado a las farmacias de la provincia de Barcelona con la distribuci\u00f3n de folletos informativos sobre qu\u00e9 conviene hacer para prevenir el c\u00e1ncer de pr\u00f3stata.<\/p>\n<p>[\/vc_column_text][\/vc_column][\/vc_row][vc_row top_padding=\u00bb20&#8243;][vc_column width=\u00bb1\/1&#8243;][vc_column_text]<\/p>\n<h1><span style=\"color: #d2112d;\">V\u00eddeo de la jornada<\/span><\/h1>\n<p>[\/vc_column_text][vc_video link=\u00bbhttps:\/\/youtu.be\/lnGSztwLwzc\u00bb align=\u00bbcenter\u00bb][\/vc_column][\/vc_row][vc_row top_padding=\u00bb40&#8243;][vc_column width=\u00bb1\/1&#8243;][vc_column_text]<\/p>\n<h1><span style=\"color: #d2112d;\">Documentaci\u00f3n de la jornada<\/span><\/h1>\n<p>[\/vc_column_text][\/vc_column][\/vc_row][vc_row top_padding=\u00bb20&#8243;][vc_column width=\u00bb1\/3&#8243;][vc_column_text]<\/p>\n<h3>Programa<\/h3>\n<p>Programa de la jornada.[\/vc_column_text]<a href=\"https:\/\/fomentdeltreball.sharepoint.com\/:b:\/g\/EVMBdC7Imr1Ls1e-hreesxgBRAcn8Q_Qy8DW2lEYSua_Yg?e=3mFbY8\" target=\"_self\" class=\"button color-2 medium \" style=\"border-radius: 2px;\">Descargar<\/a>[\/vc_column][vc_column width=\u00bb1\/3&#8243;][vc_column_text]<\/p>\n<h3>Ponencia<\/h3>\n<p>Dr. Josep Alfons Espin\u00e0s[\/vc_column_text]<a href=\"https:\/\/www.foment.com\/wp-content\/uploads\/2023\/11\/1_PRL_oncolliga23.pdf\" target=\"_self\" class=\"button color-2 medium \" style=\"border-radius: 2px;\">Descargar<\/a>[\/vc_column][vc_column width=\u00bb1\/3&#8243;][vc_column_text]<\/p>\n<h3>Ponencia<\/h3>\n<p>Dr. Juan Manuel Corral[\/vc_column_text]<a href=\"https:\/\/www.foment.com\/wp-content\/uploads\/2023\/11\/2_PRL-oncolliga23.pdf\" target=\"_self\" class=\"button color-2 medium \" style=\"border-radius: 2px;\">Descargar<\/a>[\/vc_column][\/vc_row]<\/p>\n<\/section>","protected":false},"excerpt":{"rendered":"<p>[vc_row][vc_column][vc_column_text] El c\u00e1ncer de pr\u00f3stata es el m\u00e1s com\u00fan entre los hombres, pero el incremento de las determinaciones del Ant\u00edgeno Prost\u00e1tico Espec\u00edfico (PSA) ha favorecido la detecci\u00f3n y, por tanto, la incidencia. Adem\u00e1s, las nuevas terapias hormonales han demostrado que incrementan la supervivencia y mejoran la calidad de vida. Esta jornada se enmarca en la campa\u00f1a Enormemente invisible que se puso en marcha el junio pasado, con el apoyo de Janssen, con motivo del D\u00eda Mundial del C\u00e1ncer de Pr\u00f3stata para dar visibilidad a esta enfermedad. La campa\u00f1a tambi\u00e9n ha llegado a las farmacias de la provincia de Barcelona con la distribuci\u00f3n de folletos informativos sobre qu\u00e9 conviene hacer para prevenir el c\u00e1ncer de pr\u00f3stata. [\/vc_column_text][\/vc_column][\/vc_row][vc_row top_padding=\u00bb20&#8243;][vc_column width=\u00bb1\/1&#8243;][vc_column_text] V\u00eddeo de la jornada [\/vc_column_text][vc_video link=\u00bbhttps:\/\/youtu.be\/lnGSztwLwzc\u00bb align=\u00bbcenter\u00bb][\/vc_column][\/vc_row][vc_row top_padding=\u00bb40&#8243;][vc_column width=\u00bb1\/1&#8243;][vc_column_text] Documentaci\u00f3n de la jornada [\/vc_column_text][\/vc_column][\/vc_row][vc_row top_padding=\u00bb20&#8243;][vc_column width=\u00bb1\/3&#8243;][vc_column_text] Programa Programa de la jornada.[\/vc_column_text][\/vc_column][vc_column width=\u00bb1\/3&#8243;][vc_column_text] Ponencia Dr. Josep Alfons Espin\u00e0s[\/vc_column_text][\/vc_column][vc_column width=\u00bb1\/3&#8243;][vc_column_text] Ponencia Dr. Juan Manuel Corral[\/vc_column_text][\/vc_column][\/vc_row]<\/p>\n","protected":false},"author":15,"featured_media":172012,"comment_status":"closed","ping_status":"closed","sticky":false,"template":"","format":"standard","meta":{"_links_to":"","_links_to_target":""},"categories":[216],"tags":[985,417,1497],"acf":[],"wps_subtitle":"<strong>Fomento del Trabajo y la Fundaci\u00f3n Oncolliga organizaron la tercera jornada sobre el c\u00e1ncer de pr\u00f3stata. En este nuevo encuentro, se expusieron los \u00faltimos avances cient\u00edficos para prevenir esta enfermedad y como trabajan las empresas para difundirlos y aplicarlos a su personal.<\/strong>","_links":{"self":[{"href":"https:\/\/www.foment.com\/es\/wp-json\/wp\/v2\/posts\/173373"}],"collection":[{"href":"https:\/\/www.foment.com\/es\/wp-json\/wp\/v2\/posts"}],"about":[{"href":"https:\/\/www.foment.com\/es\/wp-json\/wp\/v2\/types\/post"}],"author":[{"embeddable":true,"href":"https:\/\/www.foment.com\/es\/wp-json\/wp\/v2\/users\/15"}],"replies":[{"embeddable":true,"href":"https:\/\/www.foment.com\/es\/wp-json\/wp\/v2\/comments?post=173373"}],"version-history":[{"count":5,"href":"https:\/\/www.foment.com\/es\/wp-json\/wp\/v2\/posts\/173373\/revisions"}],"predecessor-version":[{"id":173499,"href":"https:\/\/www.foment.com\/es\/wp-json\/wp\/v2\/posts\/173373\/revisions\/173499"}],"wp:featuredmedia":[{"embeddable":true,"href":"https:\/\/www.foment.com\/es\/wp-json\/wp\/v2\/media\/172012"}],"wp:attachment":[{"href":"https:\/\/www.foment.com\/es\/wp-json\/wp\/v2\/media?parent=173373"}],"wp:term":[{"taxonomy":"category","embeddable":true,"href":"https:\/\/www.foment.com\/es\/wp-json\/wp\/v2\/categories?post=173373"},{"taxonomy":"post_tag","embeddable":true,"href":"https:\/\/www.foment.com\/es\/wp-json\/wp\/v2\/tags?post=173373"}],"curies":[{"name":"wp","href":"https:\/\/api.w.org\/{rel}","templated":true}]}}