{"id":173461,"date":"2023-11-17T14:20:16","date_gmt":"2023-11-17T13:20:16","guid":{"rendered":"https:\/\/www.foment.com\/foment-participa-world-peace-forum\/"},"modified":"2023-11-17T14:28:10","modified_gmt":"2023-11-17T13:28:10","slug":"foment-participa-world-peace-forum","status":"publish","type":"post","link":"https:\/\/www.foment.com\/es\/foment-participa-world-peace-forum\/","title":{"rendered":"Foment del Treball participa al World Peace Forum"},"content":{"rendered":"<ul>\n<li>El acontecimiento recala en Barcelona los d\u00edas 23, 24 y 25 de noviembre, m\u00e1s de 50 conferencias, 200 ponentes, conciertos, exposiciones y actividades paralelas<\/li>\n<li>La patronal organizar\u00e1 una de las tablas de debate del programa y albergar\u00e1 unas 13 ponencias a su sede<\/li>\n<li>Foment se suma al proyecto con la voluntad de aportar sus reflexiones en un foro de trascendencia global como el WPF<\/li>\n<li>La vicepresidenta de Fomento Mar Alarc\u00f3n ha participado hoy a la presentaci\u00f3n del Forum que ha tenido lugar en el Ayuntamiento de Barcelona<\/li>\n<li>El WPF convierte Barcelona en capital internacional de la Pau<\/li>\n<\/ul>\n<p>La Schengen Peace Foundation con sede en Luxemburgo organiza anualmente e\u00f1 World Peace Forum (WPF), que <strong>este a\u00f1o se celebra en Barcelona, coordinado por la Fundaci\u00f3n Fomento Europeo en colaboraci\u00f3n con el Real C\u00edrculo Art\u00edstico, y con la participaci\u00f3n de entidades como Foment del Treball<\/strong>, Esade, la Cruz Roja, la Universitat de Barcelona, el Colegio Oficial de Arquitectos de Catalu\u00f1a, el Conservatorio del Liceo, entre otros.<\/p>\n<p>Hoy la vicepresidenta de Foment, <strong>Mar Alarc\u00f3n<\/strong>, ha participado en la presentaci\u00f3n del WPF con la teniente de alcalde, <strong>Maria Eug\u00e8nia Gay<\/strong>, el presidente del Foro, <strong>Josep F\u00e8lix Bentz<\/strong>, y otros representantes de organizaciones participantes de este acontecimiento que tal y como explica Bentz, <strong>\u201csurge de la sociedad civil, de las entidades, de los colectivos, de los acad\u00e9micos, de los artistas, para reivindicar su papel y su opini\u00f3n, en la construcci\u00f3n de la paz al mundo\u201d<\/strong>. Es por eso que desde la organizaci\u00f3n han apostado por la transversalidad de sus sedes \u2014Fomento, UB, Conservatorio del Liceo, COAC, Real C\u00edrculo Art\u00edstico\u2014 as\u00ed como por la diversidad de debates y acciones en torno a la paz.<\/p>\n<p>Foment del Treball se ha sumado al proyecto con la voluntad de aportar sus reflexiones en un foro de trascendencia global como el WPF. <strong>La patronal organizar\u00e1 una de las m\u00e1s de 50 conferencias del programa y albergar\u00e1 unas 13 ponencias en su sede<\/strong>.<\/p>\n<p>Entre las actividades del WPF tambi\u00e9n se incluyen <strong>exposiciones<\/strong> en el Real C\u00edrculo Art\u00edstico, el MNAC y el Palacio Martorell, <strong>conciertos<\/strong> en el Conservatorio del Liceo y en la Bas\u00edlica del Pi y el <strong>Mur de la Pau<\/strong>, situado al The River Museum, al cauce del Bes\u00f2s, en Santa Coloma de Gramenet, donde la organizaci\u00f3n ha habilitado un espacio para que la ciudadan\u00eda ponga de manifiesto sus lemas, textos e intervenciones art\u00edsticas en favor de la paz.<\/p>\n<p>Ponentes como <strong>Federico Mayor Zaragoza, Michael Collins, Ouided Bouchamaoui, Miguel Angel Moratinos, Audrey Azoulay, dialogar\u00e1n con artistas y activistas como TVBoy, Duvan o Boniface Mwani<\/strong>, en un conjunto de mesas redondas y propuestas que se pueden visualizar en el web: <a href=\"https:\/\/www.barcelonaworldpeaceforum.com\/program-november-23\/\">https:\/\/www.barcelonaworldpeaceforum.com\/program-november-23\/<\/a><\/p>\n<p>\u201cLa celebraci\u00f3n de este acontecimiento en Barcelona es una buena ocasi\u00f3n para <strong>poner en valor el compromiso de la ciudad y la gran riqueza asociativa y emprendedora de la ciudad<\/strong>, con actores sociales muy diversos y fuertes, implicados con la justicia social y la defensa de los derechos humanos\u201d ha resaltado Gay.<\/p>\n","protected":false},"excerpt":{"rendered":"<p>El acontecimiento recala en Barcelona los d\u00edas 23, 24 y 25 de noviembre, m\u00e1s de 50 conferencias, 200 ponentes, conciertos, exposiciones y actividades paralelas La patronal organizar\u00e1 una de las tablas de debate del programa y albergar\u00e1 unas 13 ponencias a su sede Foment se suma al proyecto con la voluntad de aportar sus reflexiones en un foro de trascendencia global como el WPF La vicepresidenta de Fomento Mar Alarc\u00f3n ha participado hoy a la presentaci\u00f3n del Forum que ha tenido lugar en el Ayuntamiento de Barcelona El WPF convierte Barcelona en capital internacional de la Pau La Schengen Peace Foundation con sede en Luxemburgo organiza anualmente e\u00f1 World Peace Forum (WPF), que este a\u00f1o se celebra en Barcelona, coordinado por la Fundaci\u00f3n Fomento Europeo en colaboraci\u00f3n con el Real C\u00edrculo Art\u00edstico, y con la participaci\u00f3n de entidades como Foment del Treball, Esade, la Cruz Roja, la Universitat de Barcelona, el Colegio Oficial de Arquitectos de Catalu\u00f1a, el Conservatorio del Liceo, entre otros. Hoy la vicepresidenta de Foment, Mar Alarc\u00f3n, ha participado en la presentaci\u00f3n del WPF con la teniente de alcalde, Maria Eug\u00e8nia Gay, el presidente del Foro, Josep F\u00e8lix Bentz, y otros representantes de organizaciones participantes de este [&hellip;]<\/p>\n","protected":false},"author":10,"featured_media":173458,"comment_status":"closed","ping_status":"closed","sticky":false,"template":"","format":"standard","meta":{"_links_to":"","_links_to_target":""},"categories":[114,5714],"tags":[8127,8128],"acf":[],"wps_subtitle":"","_links":{"self":[{"href":"https:\/\/www.foment.com\/es\/wp-json\/wp\/v2\/posts\/173461"}],"collection":[{"href":"https:\/\/www.foment.com\/es\/wp-json\/wp\/v2\/posts"}],"about":[{"href":"https:\/\/www.foment.com\/es\/wp-json\/wp\/v2\/types\/post"}],"author":[{"embeddable":true,"href":"https:\/\/www.foment.com\/es\/wp-json\/wp\/v2\/users\/10"}],"replies":[{"embeddable":true,"href":"https:\/\/www.foment.com\/es\/wp-json\/wp\/v2\/comments?post=173461"}],"version-history":[{"count":2,"href":"https:\/\/www.foment.com\/es\/wp-json\/wp\/v2\/posts\/173461\/revisions"}],"predecessor-version":[{"id":173463,"href":"https:\/\/www.foment.com\/es\/wp-json\/wp\/v2\/posts\/173461\/revisions\/173463"}],"wp:featuredmedia":[{"embeddable":true,"href":"https:\/\/www.foment.com\/es\/wp-json\/wp\/v2\/media\/173458"}],"wp:attachment":[{"href":"https:\/\/www.foment.com\/es\/wp-json\/wp\/v2\/media?parent=173461"}],"wp:term":[{"taxonomy":"category","embeddable":true,"href":"https:\/\/www.foment.com\/es\/wp-json\/wp\/v2\/categories?post=173461"},{"taxonomy":"post_tag","embeddable":true,"href":"https:\/\/www.foment.com\/es\/wp-json\/wp\/v2\/tags?post=173461"}],"curies":[{"name":"wp","href":"https:\/\/api.w.org\/{rel}","templated":true}]}}