{"id":173570,"date":"2023-11-20T17:08:11","date_gmt":"2023-11-20T16:08:11","guid":{"rendered":"https:\/\/www.foment.com\/?p=173570"},"modified":"2023-11-20T17:10:43","modified_gmt":"2023-11-20T16:10:43","slug":"la-jornada-reformar-el-mercado-interior-para-una-europa-mas-competitiva-pide-una-mayor-integracion-para-poder-tener-una-regulacion","status":"publish","type":"post","link":"https:\/\/www.foment.com\/es\/la-jornada-reformar-el-mercado-interior-para-una-europa-mas-competitiva-pide-una-mayor-integracion-para-poder-tener-una-regulacion\/","title":{"rendered":"La jornada \u2018Reformar el mercado interior para una Europa m\u00e1s competitiva\u2019 pide una mayor integraci\u00f3n para poder tener una regulaci\u00f3n"},"content":{"rendered":"<section class=\"wpb-content-wrapper\"><p>[vc_row][vc_column][vc_column_text]<\/p>\n<ul>\n<li><strong>Josep S\u00e1nchez Llibre ve \u00abimprescindible\u00bb un mercado interior fuerte en la UE y reclama una \u00abmayor armonizaci\u00f3n fiscal\u00bb<\/strong><\/li>\n<li><strong>Enrico Letta pide que la integraci\u00f3n europea se finalice en los pr\u00f3ximos cinco a\u00f1os<\/strong><\/li>\n<\/ul>\n<p>En el transcurso de la jornada econ\u00f3mica &#8216;<strong>Reformar el mercado interior para una Europa m\u00e1s competitiva<\/strong>&#8216; que ha acogido <strong>Foment del Treball<\/strong> se ha debatido sobre regulaci\u00f3n financiera, energ\u00e9tica, y de telecomunicaciones, comercio e industria. La jornada que ha sido presentada por el presidente de la Academia Europea Leadership, <strong>Josep Antoni Duran Lleida<\/strong>, ha tenido una mesa de clausura que ha reunido al presidente de Foment, <strong>Josep S\u00e1nchez Llibre<\/strong>, al exvicepresidente de la Comisi\u00f3n Europea, <strong>Joaqu\u00edn Almunia<\/strong> , al presidente de Banco Sabadell, <strong>Josep Oliu<\/strong>, y al ex primer ministro de la Rep\u00fablica de Italia, <strong>Enrico Letta<\/strong>. Precisamente Letta est\u00e1 elaborando un <strong>informe sobre la situaci\u00f3n del mercado \u00fanico europeo<\/strong> y entrevist\u00e1ndose con varios dirigentes empresariales y econ\u00f3micos de toda la UE.<\/p>\n<p>El presidente de Foment del Treball, <strong>Josep S\u00e1nchez Llibre<\/strong>, ha hecho referencia a \u201c<strong>la necesidad de regulaciones europeas en materias como finanzas, telecomunicaciones, y tambi\u00e9n energ\u00eda<\/strong>\u00ab. En este campo, el presidente S\u00e1nchez Llibre ha subrayado que \u00abse adecue la transici\u00f3n energ\u00e9tica con la transici\u00f3n energ\u00e9tica industrial para no lastrar la competitividad\u00bb. Tambi\u00e9n ha querido avisar que \u00abhay que valorar el impacto de las nuevas normativas en el desarrollo de la actividad econ\u00f3mica\u00bb, y ha a\u00f1adido que es \u00abimprescindible\u00bb tener un mercado fuerte interior en la UE, as\u00ed como una mayor \u00abarmonizaci\u00f3n fiscal\u00bb .<\/p>\n<p>Por su parte, <strong>Enrico Letta<\/strong>, ha pedido que la integraci\u00f3n europea se complete en \u00ab<strong>los pr\u00f3ximos cinco a\u00f1os<\/strong>\u00ab, ya que es, seg\u00fan sus palabras, urgente. Adem\u00e1s, Letta ha alertado de que <strong>Europa no tendr\u00e1 \u00e9xito en la competici\u00f3n con \u00abchinos, indios y americanos\u00bb<\/strong> si no est\u00e1 unida, y ha dicho que <strong>en la mesa global debe haber al menos un europeo<\/strong>, sin importar de qu\u00e9 nacionalidad sea . En este sentido, el ex primer ministro italiano tambi\u00e9n ha alertado del aumento de la fragmentaci\u00f3n que se est\u00e1 dando por las \u00abdecisiones nacionales de impulsar los subsidios y ayudas de estado\u00bb.<\/p>\n<p>El exvicepresidente de la Comisi\u00f3n Europea, <strong>Joaqu\u00edn Almunia<\/strong>, ha advertido que \u00ab<strong>tenemos muchas cosas por hacer y no tenemos 30 a\u00f1os<\/strong>\u00ab, que son los transcurridos desde que en 1993 empezara la integraci\u00f3n. Record\u00f3 que en los pr\u00f3ximos a\u00f1os habr\u00e1 que <strong>destinar cantidades ingentes de recursos a la transici\u00f3n energ\u00e9tica<\/strong>, la reconstrucci\u00f3n de Ucrania, la defensa y la pol\u00edtica industrial, entre otros. Todo ello en un club que ha augurado que pasar\u00e1 de los 27 a los 36 miembros. La integraci\u00f3n debe acelerarse en el \u00e1mbito bancario, de los capitales, de las telecomunicaciones o de la energ\u00eda, ha remachado Almunia.<\/p>\n<p>El presidente de Banco Sabadell, <strong>Josep Oliu<\/strong>, ha sugerido que \u201ca la hora de supervisar y regular el sistema financiero europeo, habr\u00eda que tratar de que las normas favorezcan que los bancos podamos cubrir todas las necesidades de financiaci\u00f3n de la econom\u00eda europea y estar en el servicio de las empresas que requieran nuestro soporte\u201d.<\/p>\n<p>[\/vc_column_text][vc_empty_space]<div class=\"flexslider wpb_content_element\"><ul class=\"slides\"><li><img src=\"https:\/\/www.foment.com\/wp-content\/uploads\/2023\/11\/photo1700483671-2.jpeg\" alt=\"\" \/><\/li><li><img src=\"https:\/\/www.foment.com\/wp-content\/uploads\/2023\/11\/photo1700483671-8.jpeg\" alt=\"\" \/><\/li><li><img src=\"https:\/\/www.foment.com\/wp-content\/uploads\/2023\/11\/Jornada_Mercat_Interior_x_EvaParey_021-scaled.jpg\" alt=\"\" \/><\/li><li><img src=\"https:\/\/www.foment.com\/wp-content\/uploads\/2023\/11\/Jornada_Mercat_Interior_x_EvaParey_012-scaled.jpg\" alt=\"\" \/><\/li><li><img src=\"https:\/\/www.foment.com\/wp-content\/uploads\/2023\/11\/photo1700478829-2.jpeg\" alt=\"\" \/><\/li><li><img src=\"https:\/\/www.foment.com\/wp-content\/uploads\/2023\/11\/photo1700478829-7.jpeg\" alt=\"\" \/><\/li><li><img src=\"https:\/\/www.foment.com\/wp-content\/uploads\/2023\/11\/photo1700478832-3.jpeg\" alt=\"\" \/><\/li><li><img src=\"https:\/\/www.foment.com\/wp-content\/uploads\/2023\/11\/photo1700478832-4.jpeg\" alt=\"\" \/><\/li><li><img src=\"https:\/\/www.foment.com\/wp-content\/uploads\/2023\/11\/photo1700482491-3.jpeg\" alt=\"\" \/><\/li><li><img src=\"https:\/\/www.foment.com\/wp-content\/uploads\/2023\/11\/photo1700482499-9.jpeg\" alt=\"\" \/><\/li><li><img src=\"https:\/\/www.foment.com\/wp-content\/uploads\/2023\/11\/photo1700482491-8.jpeg\" alt=\"\" \/><\/li><li><img src=\"https:\/\/www.foment.com\/wp-content\/uploads\/2023\/11\/photo1700485582.jpeg\" alt=\"\" \/><\/li><\/ul><\/div>[\/vc_column][\/vc_row]<\/p>\n<\/section>","protected":false},"excerpt":{"rendered":"<p>[vc_row][vc_column][vc_column_text] Josep S\u00e1nchez Llibre ve \u00abimprescindible\u00bb un mercado interior fuerte en la UE y reclama una \u00abmayor armonizaci\u00f3n fiscal\u00bb Enrico Letta pide que la integraci\u00f3n europea se finalice en los pr\u00f3ximos cinco a\u00f1os En el transcurso de la jornada econ\u00f3mica &#8216;Reformar el mercado interior para una Europa m\u00e1s competitiva&#8216; que ha acogido Foment del Treball se ha debatido sobre regulaci\u00f3n financiera, energ\u00e9tica, y de telecomunicaciones, comercio e industria. La jornada que ha sido presentada por el presidente de la Academia Europea Leadership, Josep Antoni Duran Lleida, ha tenido una mesa de clausura que ha reunido al presidente de Foment, Josep S\u00e1nchez Llibre, al exvicepresidente de la Comisi\u00f3n Europea, Joaqu\u00edn Almunia , al presidente de Banco Sabadell, Josep Oliu, y al ex primer ministro de la Rep\u00fablica de Italia, Enrico Letta. Precisamente Letta est\u00e1 elaborando un informe sobre la situaci\u00f3n del mercado \u00fanico europeo y entrevist\u00e1ndose con varios dirigentes empresariales y econ\u00f3micos de toda la UE. El presidente de Foment del Treball, Josep S\u00e1nchez Llibre, ha hecho referencia a \u201cla necesidad de regulaciones europeas en materias como finanzas, telecomunicaciones, y tambi\u00e9n energ\u00eda\u00ab. En este campo, el presidente S\u00e1nchez Llibre ha subrayado que \u00abse adecue la transici\u00f3n energ\u00e9tica con la transici\u00f3n energ\u00e9tica [&hellip;]<\/p>\n","protected":false},"author":281,"featured_media":173526,"comment_status":"closed","ping_status":"closed","sticky":false,"template":"","format":"standard","meta":{"_links_to":"","_links_to_target":""},"categories":[114,5714,1667],"tags":[1300],"acf":[],"wps_subtitle":"","_links":{"self":[{"href":"https:\/\/www.foment.com\/es\/wp-json\/wp\/v2\/posts\/173570"}],"collection":[{"href":"https:\/\/www.foment.com\/es\/wp-json\/wp\/v2\/posts"}],"about":[{"href":"https:\/\/www.foment.com\/es\/wp-json\/wp\/v2\/types\/post"}],"author":[{"embeddable":true,"href":"https:\/\/www.foment.com\/es\/wp-json\/wp\/v2\/users\/281"}],"replies":[{"embeddable":true,"href":"https:\/\/www.foment.com\/es\/wp-json\/wp\/v2\/comments?post=173570"}],"version-history":[{"count":3,"href":"https:\/\/www.foment.com\/es\/wp-json\/wp\/v2\/posts\/173570\/revisions"}],"predecessor-version":[{"id":173577,"href":"https:\/\/www.foment.com\/es\/wp-json\/wp\/v2\/posts\/173570\/revisions\/173577"}],"wp:featuredmedia":[{"embeddable":true,"href":"https:\/\/www.foment.com\/es\/wp-json\/wp\/v2\/media\/173526"}],"wp:attachment":[{"href":"https:\/\/www.foment.com\/es\/wp-json\/wp\/v2\/media?parent=173570"}],"wp:term":[{"taxonomy":"category","embeddable":true,"href":"https:\/\/www.foment.com\/es\/wp-json\/wp\/v2\/categories?post=173570"},{"taxonomy":"post_tag","embeddable":true,"href":"https:\/\/www.foment.com\/es\/wp-json\/wp\/v2\/tags?post=173570"}],"curies":[{"name":"wp","href":"https:\/\/api.w.org\/{rel}","templated":true}]}}