{"id":173572,"date":"2023-11-15T17:13:40","date_gmt":"2023-11-15T16:13:40","guid":{"rendered":"https:\/\/www.foment.com\/?p=173572"},"modified":"2023-11-21T11:20:06","modified_gmt":"2023-11-21T10:20:06","slug":"entidades-emocionalmente-saludables-claves-para-la-prevencion-y-atencion-de-la-salud-mental","status":"publish","type":"post","link":"https:\/\/www.foment.com\/es\/entidades-emocionalmente-saludables-claves-para-la-prevencion-y-atencion-de-la-salud-mental\/","title":{"rendered":"Entidades emocionalmente saludables: claves para la prevenci\u00f3n y atenci\u00f3n de la salud mental"},"content":{"rendered":"<section class=\"wpb-content-wrapper\"><p>[vc_row][vc_column][vc_column_text]<\/p>\n<p style=\"text-align: justify;\">En Espa\u00f1a, el estr\u00e9s y la ansiedad provocan casi el 30% de las bajas laborales y las situaciones de dificultad emocional se han ido incrementando en la poblaci\u00f3n lo que representa un alto coste laboral y social.<\/p>\n<p style=\"text-align: justify;\">El nuevo reto de las organizaciones consiste en invertir en salud psicol\u00f3gica y emocional tanto de sus equipos como de sus clientes. Se trata de una creciente demanda de la sociedad: cuidar la salud mental de todos, lo que se traduce en una nueva oportunidad y ventaja estrat\u00e9gica para las compa\u00f1\u00edas.<\/p>\n<p style=\"text-align: justify;\">Esta jornada permiti\u00f3 conocer algunos de los beneficios y experiencias que organizaciones e instituciones est\u00e1n llevando a cabo en el \u00e1mbito de la prevenci\u00f3n y salud mental tanto para sus empleados como para sus clientes.<\/p>\n<p>[\/vc_column_text][\/vc_column][\/vc_row][vc_row top_padding=\u00bb20&#8243;][vc_column width=\u00bb1\/1&#8243;][vc_column_text]<\/p>\n<h1><span style=\"color: #d2112d;\">V\u00eddeo de la jornada<\/span><\/h1>\n<p>[\/vc_column_text][vc_video link=\u00bbhttps:\/\/www.youtube.com\/watch?v=7ks4A2gr6JA\u00bb align=\u00bbcenter\u00bb][\/vc_column][\/vc_row]<\/p>\n<\/section>","protected":false},"excerpt":{"rendered":"<p>[vc_row][vc_column][vc_column_text] En Espa\u00f1a, el estr\u00e9s y la ansiedad provocan casi el 30% de las bajas laborales y las situaciones de dificultad emocional se han ido incrementando en la poblaci\u00f3n lo que representa un alto coste laboral y social. El nuevo reto de las organizaciones consiste en invertir en salud psicol\u00f3gica y emocional tanto de sus equipos como de sus clientes. Se trata de una creciente demanda de la sociedad: cuidar la salud mental de todos, lo que se traduce en una nueva oportunidad y ventaja estrat\u00e9gica para las compa\u00f1\u00edas. Esta jornada permiti\u00f3 conocer algunos de los beneficios y experiencias que organizaciones e instituciones est\u00e1n llevando a cabo en el \u00e1mbito de la prevenci\u00f3n y salud mental tanto para sus empleados como para sus clientes. [\/vc_column_text][\/vc_column][\/vc_row][vc_row top_padding=\u00bb20&#8243;][vc_column width=\u00bb1\/1&#8243;][vc_column_text] V\u00eddeo de la jornada [\/vc_column_text][vc_video link=\u00bbhttps:\/\/www.youtube.com\/watch?v=7ks4A2gr6JA\u00bb align=\u00bbcenter\u00bb][\/vc_column][\/vc_row]<\/p>\n","protected":false},"author":15,"featured_media":171518,"comment_status":"closed","ping_status":"closed","sticky":false,"template":"","format":"standard","meta":{"_links_to":"","_links_to_target":""},"categories":[216],"tags":[985,417,1497],"acf":[],"wps_subtitle":"<strong>Fomento del Trabajo y la Fundaci\u00f3n Salud y Persona organizaron esta jornada para dar a conocer algunos de los beneficios y experiencias que se est\u00e1n llevando a cabo en el \u00e1mbito de la prevenci\u00f3n y de la salud mental.<\/strong>","_links":{"self":[{"href":"https:\/\/www.foment.com\/es\/wp-json\/wp\/v2\/posts\/173572"}],"collection":[{"href":"https:\/\/www.foment.com\/es\/wp-json\/wp\/v2\/posts"}],"about":[{"href":"https:\/\/www.foment.com\/es\/wp-json\/wp\/v2\/types\/post"}],"author":[{"embeddable":true,"href":"https:\/\/www.foment.com\/es\/wp-json\/wp\/v2\/users\/15"}],"replies":[{"embeddable":true,"href":"https:\/\/www.foment.com\/es\/wp-json\/wp\/v2\/comments?post=173572"}],"version-history":[{"count":2,"href":"https:\/\/www.foment.com\/es\/wp-json\/wp\/v2\/posts\/173572\/revisions"}],"predecessor-version":[{"id":173581,"href":"https:\/\/www.foment.com\/es\/wp-json\/wp\/v2\/posts\/173572\/revisions\/173581"}],"wp:featuredmedia":[{"embeddable":true,"href":"https:\/\/www.foment.com\/es\/wp-json\/wp\/v2\/media\/171518"}],"wp:attachment":[{"href":"https:\/\/www.foment.com\/es\/wp-json\/wp\/v2\/media?parent=173572"}],"wp:term":[{"taxonomy":"category","embeddable":true,"href":"https:\/\/www.foment.com\/es\/wp-json\/wp\/v2\/categories?post=173572"},{"taxonomy":"post_tag","embeddable":true,"href":"https:\/\/www.foment.com\/es\/wp-json\/wp\/v2\/tags?post=173572"}],"curies":[{"name":"wp","href":"https:\/\/api.w.org\/{rel}","templated":true}]}}