{"id":174495,"date":"2023-11-23T21:07:29","date_gmt":"2023-11-23T20:07:29","guid":{"rendered":"https:\/\/www.foment.com\/world-peace-forum-reflexiona-a-foment-sobre-economia-com-a-imprescindible-per-aconseguir-pau-global\/"},"modified":"2023-11-23T23:14:31","modified_gmt":"2023-11-23T22:14:31","slug":"world-peace-forum-reflexiona-en-foment-sobre-economia-como-imprescindible-para-conseguir-paz-global","status":"publish","type":"post","link":"https:\/\/www.foment.com\/es\/world-peace-forum-reflexiona-en-foment-sobre-economia-como-imprescindible-para-conseguir-paz-global\/","title":{"rendered":"El World Peace Forum reflexiona en Foment sobre la econom\u00eda como imprescindible para conseguir la paz global"},"content":{"rendered":"<section class=\"wpb-content-wrapper\"><p>[vc_row][vc_column][vc_column_text]<\/p>\n<ul>\n<li>S\u00e1nchez Llibre reivindica el alma social de los empresarios y el compromiso por hacer de Barcelona la capital mundial de la paz: \u00abComo empresarios, entendemos que nuestro valor es fundamental para la sociedad del bienestar: generamos trabajo y riqueza que despu\u00e9s se debe repartir mediante criterios justos\u00bb.<\/li>\n<\/ul>\n<p>Foment del Treball como colaborador del World Peace Forum 2023, que hoy se ha inaugurado en Barcelona, ha celebrado una mesa de di\u00e1logo entre el exdirector de La Vanguardia y excorresponsal del diario en Londres y Washington, <strong>Llu\u00eds Foix<\/strong>,y el presidente ejecutivo del Instituto Europeo Mediterr\u00e1neo al Ministerio de Asuntos exteriores, Uni\u00f3n Europea y Cooperaci\u00f3n (IEMed), <strong>Senen Florensa<\/strong>, en el pasado embajador permanente de Espa\u00f1a ante Naciones Unidas y Organismos Internacionales en Viena, para habla sobre <em><strong>\u2018La econom\u00eda, imprescindible para conseguir la paz global\u2019<\/strong><\/em>.<\/p>\n<p>El presidente de Foment, <strong>Josep S\u00e1nchez Llibre, ha reivindicado el alma social de los empresarios<\/strong>, porque \u00abcomo empresarios, entendemos que nuestro valor es fundamental para la sociedad del bienestar: <strong>generamos trabajo y riqueza que despu\u00e9s se debe repartir mediante criterios justos<\/strong>\u00ab, ha subrayado. Adem\u00e1s, S\u00e1nchez Llibre ha expresado el compromiso de la patronal por hacer de Barcelona la capital internacional de la paz: \u00abDesde la perspectiva empresarial <strong>queremos poner nuestro granito de arena para que Barcelona se convierta en la capital mundial de la paz<\/strong>\u201d.<\/p>\n<p>Seg\u00fan el presidente del World Peace Forum, <strong>F\u00e8lix Bentz<\/strong>, se quiere <strong>aprovechar la transversalidad de voces que surgen de la sociedad civil para articular una respuesta ante los conflictos<\/strong>: \u201cLa intenci\u00f3n de este Forum es intentar dotar a nuestros representantes pol\u00edticos de una hoja de ruta para avanzar hac\u00eda un mundo en paz, de respeto y cordialidad\u201d.<\/p>\n<p>Tambi\u00e9n han participado en la bienvenida la presidenta de la Shengen Peace Foundation, <strong>Vicki Hansen<\/strong>, y el representante del WPF, <strong>Alferdo Rocafort Nicolau<\/strong>.<\/p>\n<p>Bajo la moderaci\u00f3n de <strong>Jordi Alberich<\/strong>, presidente de M&amp;A Fusiones y Adquisiciones, <strong>Senen Florensa y Llu\u00eds Foix han abordado los principales retos geopol\u00edticos de la econom\u00eda mundial y europea<\/strong>. \u201cNos encontramos ante un periodista y un diplom\u00e1tico que han vivido momentos muy diferentes y trascendentales. Los dos con una elevada sensibilidad para captar lo que acaba por suceder en las sociedades avanzadas\u201d, resaltaba Alberich.<\/p>\n<p>\u201cHemos vivido un proceso de globalizaci\u00f3n acelerada con d\u00e9cadas de luz y\u00a0sombra\u201d, contextualizaba Alberich, \u201cpero ahora ha vuelto el conflicto. <strong>Nos pens\u00e1bamos que internet democratizar\u00eda el mundo, y nos encontramos ante una creciente fractura de las clases sociales. La historia siempre vuelve, hay partes de la condici\u00f3n humana que ni siquiera internet cambiar\u00e1. Esto hay que tenerlo muy presente para dibujar un futuro de paz\u201d<\/strong>.<\/p>\n<p>A partir de esta reflexi\u00f3n, Florensa ha afirmado que la organizaci\u00f3n econ\u00f3mica es fundamental para que haya paz: <strong>\u201cEuropa est\u00e1 intentando impulsar un multilateralismo activo. Tenemos que avanzar hacia un multilateralismo a nivel global que funcione\u201d<\/strong>.<\/p>\n<p>El diplom\u00e1tico ha defendido una reformar del sistema de cooperaci\u00f3n econ\u00f3mica. \u201cLa representaci\u00f3n internacional hoy todav\u00eda se rige por el equilibrio de las grandes potencias del a\u00f1o 45. <strong>Sino no se lleva a cabo una reforma estructural para que se sientan integrados los pa\u00edses con econom\u00edas emergentes en el sistema internacional, veremos episodios de creciente tensi\u00f3n como estamos viendo en Ucrania y Gaza<\/strong>. En este sentido, Florensa ha aludido la capacidad negociadora de Keynes con los acuerdos de Bretton Woods como referente hist\u00f3rico para organizar una econom\u00eda orientada al mantenimiento de la paz.<\/p>\n<p>Por su parte, Foix ha expuesto que <strong>para conseguir la paz necesitamos una sociedad m\u00e1s justa y educada en un sistema de valores \u00e9ticos<\/strong>: \u201cPorque la sociedad m\u00e1s pr\u00f3spera no es la que genera m\u00e1s riqueza, sino aquella que tiene un sistema \u00e9tico m\u00e1s firme. Hay que saber c\u00f3mo aplicar el crecimiento econ\u00f3mico y hacerlo con sentido. Hemos perdido la cultura de la creaci\u00f3n, <strong>no hemos sabido pensar y administrar las cosas positivas que han ocurrido en Europa en los \u00faltimos a\u00f1os<\/strong>\u201d, ha a\u00f1adido.<\/p>\n<p>El periodista considera que el peso para afrontar estos retos est\u00e1 en los gobiernos: \u201cLa pol\u00edtica se hace en las instituciones, si la hacemos en la calle o levantamos muros, perderemos todo lo que hemos conseguido\u201d. La libertad es esencial explica Foix, porque <strong>\u201cun pa\u00eds si no es libre es esclavo, pero tenemos que tener presente que las democracias son tan imperfectas que est\u00e1n permanentemente en crisis\u00bb.<\/strong>[\/vc_column_text]<div class=\"flexslider wpb_content_element\"><ul class=\"slides\"><li><img src=\"https:\/\/www.foment.com\/wp-content\/uploads\/2023\/11\/WorldPeaceForum_x_EvaParey_012-scaled.jpg\" alt=\"\" \/><\/li><li><img src=\"https:\/\/www.foment.com\/wp-content\/uploads\/2023\/11\/WorldPeaceForum_x_EvaParey_005-scaled.jpg\" alt=\"\" \/><\/li><li><img src=\"https:\/\/www.foment.com\/wp-content\/uploads\/2023\/11\/WorldPeaceForum_x_EvaParey_021-scaled.jpg\" alt=\"\" \/><\/li><li><img src=\"https:\/\/www.foment.com\/wp-content\/uploads\/2023\/11\/WorldPeaceForum_x_EvaParey_018-scaled.jpg\" alt=\"\" \/><\/li><li><img src=\"https:\/\/www.foment.com\/wp-content\/uploads\/2023\/11\/WorldPeaceForum_x_EvaParey_024-scaled.jpg\" alt=\"\" \/><\/li><li><img src=\"https:\/\/www.foment.com\/wp-content\/uploads\/2023\/11\/WorldPeaceForum_x_EvaParey_028-scaled.jpg\" alt=\"\" \/><\/li><li><img src=\"https:\/\/www.foment.com\/wp-content\/uploads\/2023\/11\/WorldPeaceForum_x_EvaParey_035-scaled.jpg\" alt=\"\" \/><\/li><li><img src=\"https:\/\/www.foment.com\/wp-content\/uploads\/2023\/11\/WorldPeaceForum_x_EvaParey_031-scaled.jpg\" alt=\"\" \/><\/li><li><img src=\"https:\/\/www.foment.com\/wp-content\/uploads\/2023\/11\/WorldPeaceForum_x_EvaParey_038-scaled.jpg\" alt=\"\" \/><\/li><li><img src=\"https:\/\/www.foment.com\/wp-content\/uploads\/2023\/11\/WorldPeaceForum_x_EvaParey_041-scaled.jpg\" alt=\"\" \/><\/li><li><img src=\"https:\/\/www.foment.com\/wp-content\/uploads\/2023\/11\/WorldPeaceForum_x_EvaParey_045-scaled.jpg\" alt=\"\" \/><\/li><li><img src=\"https:\/\/www.foment.com\/wp-content\/uploads\/2023\/11\/WorldPeaceForum_x_EvaParey_044-scaled.jpg\" alt=\"\" \/><\/li><li><img src=\"https:\/\/www.foment.com\/wp-content\/uploads\/2023\/11\/WorldPeaceForum_x_EvaParey_023-scaled.jpg\" alt=\"\" \/><\/li><\/ul><\/div>[\/vc_column][\/vc_row]<\/p>\n<\/section>","protected":false},"excerpt":{"rendered":"<p>[vc_row][vc_column][vc_column_text] S\u00e1nchez Llibre reivindica el alma social de los empresarios y el compromiso por hacer de Barcelona la capital mundial de la paz: \u00abComo empresarios, entendemos que nuestro valor es fundamental para la sociedad del bienestar: generamos trabajo y riqueza que despu\u00e9s se debe repartir mediante criterios justos\u00bb. Foment del Treball como colaborador del World Peace Forum 2023, que hoy se ha inaugurado en Barcelona, ha celebrado una mesa de di\u00e1logo entre el exdirector de La Vanguardia y excorresponsal del diario en Londres y Washington, Llu\u00eds Foix,y el presidente ejecutivo del Instituto Europeo Mediterr\u00e1neo al Ministerio de Asuntos exteriores, Uni\u00f3n Europea y Cooperaci\u00f3n (IEMed), Senen Florensa, en el pasado embajador permanente de Espa\u00f1a ante Naciones Unidas y Organismos Internacionales en Viena, para habla sobre \u2018La econom\u00eda, imprescindible para conseguir la paz global\u2019. El presidente de Foment, Josep S\u00e1nchez Llibre, ha reivindicado el alma social de los empresarios, porque \u00abcomo empresarios, entendemos que nuestro valor es fundamental para la sociedad del bienestar: generamos trabajo y riqueza que despu\u00e9s se debe repartir mediante criterios justos\u00ab, ha subrayado. Adem\u00e1s, S\u00e1nchez Llibre ha expresado el compromiso de la patronal por hacer de Barcelona la capital internacional de la paz: \u00abDesde la perspectiva empresarial queremos [&hellip;]<\/p>\n","protected":false},"author":10,"featured_media":174454,"comment_status":"closed","ping_status":"closed","sticky":false,"template":"","format":"standard","meta":{"_links_to":"","_links_to_target":""},"categories":[114,5714],"tags":[2997,8145,8127],"acf":[],"wps_subtitle":"","_links":{"self":[{"href":"https:\/\/www.foment.com\/es\/wp-json\/wp\/v2\/posts\/174495"}],"collection":[{"href":"https:\/\/www.foment.com\/es\/wp-json\/wp\/v2\/posts"}],"about":[{"href":"https:\/\/www.foment.com\/es\/wp-json\/wp\/v2\/types\/post"}],"author":[{"embeddable":true,"href":"https:\/\/www.foment.com\/es\/wp-json\/wp\/v2\/users\/10"}],"replies":[{"embeddable":true,"href":"https:\/\/www.foment.com\/es\/wp-json\/wp\/v2\/comments?post=174495"}],"version-history":[{"count":4,"href":"https:\/\/www.foment.com\/es\/wp-json\/wp\/v2\/posts\/174495\/revisions"}],"predecessor-version":[{"id":174504,"href":"https:\/\/www.foment.com\/es\/wp-json\/wp\/v2\/posts\/174495\/revisions\/174504"}],"wp:featuredmedia":[{"embeddable":true,"href":"https:\/\/www.foment.com\/es\/wp-json\/wp\/v2\/media\/174454"}],"wp:attachment":[{"href":"https:\/\/www.foment.com\/es\/wp-json\/wp\/v2\/media?parent=174495"}],"wp:term":[{"taxonomy":"category","embeddable":true,"href":"https:\/\/www.foment.com\/es\/wp-json\/wp\/v2\/categories?post=174495"},{"taxonomy":"post_tag","embeddable":true,"href":"https:\/\/www.foment.com\/es\/wp-json\/wp\/v2\/tags?post=174495"}],"curies":[{"name":"wp","href":"https:\/\/api.w.org\/{rel}","templated":true}]}}