{"id":174680,"date":"2023-11-27T13:01:21","date_gmt":"2023-11-27T12:01:21","guid":{"rendered":"https:\/\/www.foment.com\/?p=174680"},"modified":"2023-11-27T19:20:32","modified_gmt":"2023-11-27T18:20:32","slug":"josep-sanchez-llibre-pide-establecer-complicidades-politicas-para-favorecer-la-economia-productiva","status":"publish","type":"post","link":"https:\/\/www.foment.com\/es\/josep-sanchez-llibre-pide-establecer-complicidades-politicas-para-favorecer-la-economia-productiva\/","title":{"rendered":"Josep S\u00e1nchez Llibre pide establecer complicidades pol\u00edticas para favorecer la econom\u00eda productiva"},"content":{"rendered":"<section class=\"wpb-content-wrapper\"><p>[vc_row][vc_column][vc_column_text]<\/p>\n<ul>\n<li><strong>El presidente de Foment del Treball participa en una jornada del Partido Popular Europeo sobre Seguridad Jur\u00eddica y Crecimiento<\/strong><\/li>\n<li><strong>S\u00e1nchez Llibre ha lamentado que \u201clos fondos europeos no han llegado a las empresas y al tejido productivo espa\u00f1ol, se han quedado en las administraciones p\u00fablicas\u201d<\/strong><\/li>\n<\/ul>\n<p>El Partido Popular Europeo se ha reunido en Barcelona para celebrar una jornada de reflexi\u00f3n con el t\u00edtulo <em>\u2018Road to Recovery\u2019 <\/em>que ha tratado sobre <strong>la necesidad de la seguridad jur\u00eddica para el crecimiento econ\u00f3mico, as\u00ed como cu\u00e1l debe ser el papel de las autoridades locales en el plan de recuperaci\u00f3n europeo<\/strong>.<\/p>\n<p>En una de las mesas ha participado el presidente de Foment del Treball, <strong>Josep S\u00e1nchez Llibre<\/strong>, quien ha lamentado que <strong>\u201clos fondos europeos no han llegado a las empresas y al tejido productivo espa\u00f1ol, se han quedado en las administraciones p\u00fablicas\u201d<\/strong>, ha dicho al mismo tiempo que ha pedido <strong>establecer complicidades pol\u00edticas para favorecer la econom\u00eda productiva<\/strong>.<\/p>\n<p>S\u00e1nchez Llibre ha expresado preocupaci\u00f3n por el pacto PSOE-Sumar, <strong>\u201cporque es un pacto que va directo a menguar la competitividad de las compa\u00f1\u00edas\u201d<\/strong>. El acuerdo plantea dinamitar la negociaci\u00f3n colectiva, implementar por ley las 37,5 horas semanales obligatorias, la existencia de una presi\u00f3n fiscal muy peligrosa, y una modificaci\u00f3n de aspectos trascendentales como un nuevo Estatuto de los Trabajadores, ha explicado el l\u00edder patronal, quien se\u00f1ala <strong>que \u201ces necesario equilibrar estos efectos en el Parlamento espa\u00f1ol\u201d<\/strong>.<\/p>\n<p>Para el presidente de Foment, <strong>\u201ces necesario un crecimiento sostenible que garantice inversiones y que genere beneficios que puedan redistribuirse para una mejor cohesi\u00f3n social\u201d<\/strong> que se ha visto atacada por las \u00faltimas crisis, ha manifestado.<\/p>\n<p>S\u00e1nchez Llibre ha criticado la tendencia de los \u00faltimos gobiernos a legislar mediante decreto ley: <strong>\u201cLos empresarios queremos certeza y estabilidad con la legislaci\u00f3n. Un aumento de normas genera inseguridad. La incertidumbre no ayuda, hace que tengamos que tengamos que estar siempre en alerta\u201d<\/strong>. En este sentido, el presidente de Foment se ha mostrado sorprendido con el pacto de investidura entre el PSOE y el PNV, seg\u00fan el cual el PSOE se compromete a que el PNV tenga conocimiento de todos los decretos ley de esta legislatura.<\/p>\n<p><strong>\u201cUn Gobierno <em>business friendly<\/em> es aquel que garantiza la estabilidad jur\u00eddica\u201d<\/strong>, ha defendido, a la vez que ha reivindicado la acci\u00f3n de lobby patronal: <strong>\u201cSer\u00eda bueno que los empresarios podamos influir en el Parlamento con la complicidad de algunos grupos pol\u00edticos\u201d.<\/strong><\/p>\n<p>En la reuni\u00f3n de hoy han asistido el presidente del grupo Popular en el Parlamento Europeo, <strong>Manfred Weber<\/strong>; la vicepresidenta del grupo Popular en el Parlamento Europeo, <strong>Dolors Montserrat<\/strong>; el ministro de Asuntos Exteriores italiano, <strong>Antonio Tajani<\/strong>; el presidente del Arag\u00f3n, <strong>Jorge Azc\u00f3n<\/strong>; el alcalde de Madrid, <strong>Jos\u00e9 Lu\u00eds Mart\u00ednez Almeida<\/strong>; el presidente del PP, <strong>Alberto N\u00fa\u00f1ez Feij\u00f3o<\/strong>; entre otros dirigentes populares europeos.[\/vc_column_text][vc_tweetmeme type=\u00bbfollow\u00bb follow_user=\u00bbFomentTreball\u00bb show_followers_count=\u00bbtrue\u00bb large_button=\u00bbtrue\u00bb css_animation=\u00bbbounceIn\u00bb][\/vc_column][\/vc_row]<\/p>\n<\/section>","protected":false},"excerpt":{"rendered":"<p>[vc_row][vc_column][vc_column_text] El presidente de Foment del Treball participa en una jornada del Partido Popular Europeo sobre Seguridad Jur\u00eddica y Crecimiento S\u00e1nchez Llibre ha lamentado que \u201clos fondos europeos no han llegado a las empresas y al tejido productivo espa\u00f1ol, se han quedado en las administraciones p\u00fablicas\u201d El Partido Popular Europeo se ha reunido en Barcelona para celebrar una jornada de reflexi\u00f3n con el t\u00edtulo \u2018Road to Recovery\u2019 que ha tratado sobre la necesidad de la seguridad jur\u00eddica para el crecimiento econ\u00f3mico, as\u00ed como cu\u00e1l debe ser el papel de las autoridades locales en el plan de recuperaci\u00f3n europeo. En una de las mesas ha participado el presidente de Foment del Treball, Josep S\u00e1nchez Llibre, quien ha lamentado que \u201clos fondos europeos no han llegado a las empresas y al tejido productivo espa\u00f1ol, se han quedado en las administraciones p\u00fablicas\u201d, ha dicho al mismo tiempo que ha pedido establecer complicidades pol\u00edticas para favorecer la econom\u00eda productiva. S\u00e1nchez Llibre ha expresado preocupaci\u00f3n por el pacto PSOE-Sumar, \u201cporque es un pacto que va directo a menguar la competitividad de las compa\u00f1\u00edas\u201d. El acuerdo plantea dinamitar la negociaci\u00f3n colectiva, implementar por ley las 37,5 horas semanales obligatorias, la existencia de una presi\u00f3n fiscal muy [&hellip;]<\/p>\n","protected":false},"author":281,"featured_media":174670,"comment_status":"closed","ping_status":"closed","sticky":false,"template":"","format":"standard","meta":{"_links_to":"","_links_to_target":""},"categories":[114,69,5714,1667],"tags":[3805],"acf":[],"wps_subtitle":"","_links":{"self":[{"href":"https:\/\/www.foment.com\/es\/wp-json\/wp\/v2\/posts\/174680"}],"collection":[{"href":"https:\/\/www.foment.com\/es\/wp-json\/wp\/v2\/posts"}],"about":[{"href":"https:\/\/www.foment.com\/es\/wp-json\/wp\/v2\/types\/post"}],"author":[{"embeddable":true,"href":"https:\/\/www.foment.com\/es\/wp-json\/wp\/v2\/users\/281"}],"replies":[{"embeddable":true,"href":"https:\/\/www.foment.com\/es\/wp-json\/wp\/v2\/comments?post=174680"}],"version-history":[{"count":4,"href":"https:\/\/www.foment.com\/es\/wp-json\/wp\/v2\/posts\/174680\/revisions"}],"predecessor-version":[{"id":174725,"href":"https:\/\/www.foment.com\/es\/wp-json\/wp\/v2\/posts\/174680\/revisions\/174725"}],"wp:featuredmedia":[{"embeddable":true,"href":"https:\/\/www.foment.com\/es\/wp-json\/wp\/v2\/media\/174670"}],"wp:attachment":[{"href":"https:\/\/www.foment.com\/es\/wp-json\/wp\/v2\/media?parent=174680"}],"wp:term":[{"taxonomy":"category","embeddable":true,"href":"https:\/\/www.foment.com\/es\/wp-json\/wp\/v2\/categories?post=174680"},{"taxonomy":"post_tag","embeddable":true,"href":"https:\/\/www.foment.com\/es\/wp-json\/wp\/v2\/tags?post=174680"}],"curies":[{"name":"wp","href":"https:\/\/api.w.org\/{rel}","templated":true}]}}