{"id":174728,"date":"2023-11-29T17:20:47","date_gmt":"2023-11-29T16:20:47","guid":{"rendered":"https:\/\/www.foment.com\/?p=174728"},"modified":"2023-11-30T11:24:12","modified_gmt":"2023-11-30T10:24:12","slug":"jornada-de-prl-herramienta-de-validacion-de-competencias-del-tecnico-de-prl","status":"publish","type":"post","link":"https:\/\/www.foment.com\/es\/jornada-de-prl-herramienta-de-validacion-de-competencias-del-tecnico-de-prl\/","title":{"rendered":"Jornada de PRL. Herramienta de validaci\u00f3n de competencias del t\u00e9cnico de PRL"},"content":{"rendered":"<section class=\"wpb-content-wrapper\"><p>[vc_row][vc_column][vc_single_image image=\u00bb153796&#8243; img_size=\u00bbfull\u00bb alignment=\u00bbcenter\u00bb][vc_column_text]<\/p>\n<p style=\"text-align: justify;\">Estamos en un momento cr\u00edtico para la profesi\u00f3n del t\u00e9cnico de PRL donde se debe dar el salto que permita garantizar un posicionamiento estrat\u00e9gico de los profesionales de la seguridad en las organizaciones.<\/p>\n<p style=\"text-align: justify;\">Nuestro entorno social y laboral es cada vez m\u00e1s complejo y requiere del desarrollo y la consolidaci\u00f3n de un conjunto de habilidades que permita a los profesionales adaptarse y sacar el m\u00e1ximo rendimiento a sus capacidades t\u00e9cnicas e interpersonales, generar influencia y convertirse en facilitadores del cambio.<\/p>\n<p style=\"text-align: justify;\">Durante la jornada se present\u00f3 la <strong>\u201cherramienta de validaci\u00f3n de competencias del t\u00e9cnico de PRL\u201d<\/strong> un instrumento que permite el autodiagn\u00f3stico y que facilita un plan de mejora en el desempe\u00f1o preventivo de los profesionales del sector. Este proyecto, parte de una iniciativa del \u00d3rgano Directivo del F\u00f3rum de PRL de Foment del Treball, que en el a\u00f1o 2021 particip\u00f3 en la elaboraci\u00f3n del dossier <strong>\u201cretos i futuro del profesional de HSE\u201d<\/strong>, para conocer cu\u00e1l es el Rol que ha de tener el profesional de la seguridad y salud laboral del futuro y cu\u00e1les ser\u00e1n las competencias clave y las habilidades m\u00e1s demandadas.<\/p>\n<p>[\/vc_column_text][\/vc_column][\/vc_row][vc_row top_padding=\u00bb40&#8243;][vc_column width=\u00bb1\/1&#8243;][vc_column_text]<\/p>\n<h1><span style=\"color: #d2112d;\">Presentaci\u00f3n<\/span><\/h1>\n<p>[\/vc_column_text][vc_video link=\u00bbhttps:\/\/youtu.be\/WiXzJHoxt40&#8243; align=\u00bbcenter\u00bb][\/vc_column][\/vc_row][vc_row top_padding=\u00bb40&#8243;][vc_column width=\u00bb1\/1&#8243;][vc_column_text]<\/p>\n<h1><span style=\"color: #d2112d;\">Documentaci\u00f3n relacionada<\/span><\/h1>\n<p>[\/vc_column_text][\/vc_column][\/vc_row][vc_row top_padding=\u00bb20&#8243;][vc_column width=\u00bb2\/3&#8243;][vc_column_text]<\/p>\n<h3 style=\"text-align: left;\">Herramienta de validaci\u00f3n de competencias del t\u00e9cnico de PRL<\/h3>\n<p style=\"text-align: justify;\">Esta herramienta de autodiagn\u00f3stico permite la evaluaci\u00f3n de competencias transversales y espec\u00edficas para los profesionales de PRL, como la negociaci\u00f3n, el liderazgo y la influencia entre otras con el objetivo final de proporcionar informaci\u00f3n clave para el desempe\u00f1o del profesional de seguridad y salud.<\/p>\n<p style=\"text-align: justify;\">Al finalizar el cuestionario se puede descargar un informe en PDF con un conjunto de pautas y recomendaciones en funci\u00f3n de las respuestas obtenidas en el cuestionario.[\/vc_column_text][\/vc_column][vc_column text_align=\u00bbcenter\u00bb width=\u00bb1\/3&#8243;][vc_single_image image=\u00bb174747&#8243; img_size=\u00bbfull\u00bb]<a href=\"https:\/\/www.foment.com\/es\/items\/herramienta-de-validacion-de-competencias-del-tecnico-de-prl\/\" target=\"_self\" class=\"button color-2 small \" style=\"border-radius: 2px;\">Descargar<\/a>[\/vc_column][\/vc_row][vc_row top_padding=\u00bb40&#8243;][vc_column width=\u00bb2\/3&#8243;][vc_column_text]<\/p>\n<h3 style=\"text-align: left;\">Retos y futuro del profesional HSE<\/h3>\n<p style=\"text-align: justify;\">Para analizar el presente y futuro del profesional de seguridad y salud dentro de las organizaciones, Foment del Treball llev\u00f3 a cabo una sesi\u00f3n de trabajo con responsables de prevenci\u00f3n de grandes compa\u00f1\u00edas, en la que se reflexion\u00f3 sobre el rol del profesional de seguridad y salud.<\/p>\n<p style=\"text-align: justify;\">En este documento se muestran las diferentes visiones y conclusiones extra\u00eddas de esta sesi\u00f3n de trabajo y se anticipan cu\u00e1les ser\u00e1n las habilidades m\u00e1s solicitadas para estos profesionales.<\/p>\n<p>[\/vc_column_text][\/vc_column][vc_column text_align=\u00bbcenter\u00bb width=\u00bb1\/3&#8243;][vc_single_image image=\u00bb138853&#8243; img_size=\u00bbfull\u00bb]<a href=\"https:\/\/www.foment.com\/es\/items\/retos-y-futuro-del-profesional-hse\/\" target=\"_self\" class=\"button color-2 small \" style=\"border-radius: 2px;\">Descargar<\/a>[\/vc_column][\/vc_row][vc_row top_padding=\u00bb40&#8243;][vc_column width=\u00bb1\/1&#8243;][vc_column_text]<\/p>\n<h1><span style=\"color: #d2112d;\">Documentaci\u00f3n de la jornada<\/span><\/h1>\n<p>[\/vc_column_text][\/vc_column][\/vc_row][vc_row bg_color=\u00bb#ffffff\u00bb top_padding=\u00bb20&#8243;][vc_column text_align=\u00bbcenter\u00bb width=\u00bb1\/3&#8243;][vc_column_text]<\/p>\n<h3 style=\"text-align: left;\">Ponencia<\/h3>\n<p style=\"text-align: justify;\">Sra. Ana Maria Arnal.<br \/>\nConsultora Factor Humano. Prevencontrol.<\/p>\n<p>[\/vc_column_text]<a href=\"https:\/\/www.foment.com\/wp-content\/uploads\/2023\/11\/PonenciaPRL_competencias1.pdf\" target=\"_self\" class=\"button color-2 small \" style=\"border-radius: 2px;\">Descargar<\/a>[\/vc_column][vc_column text_align=\u00bbcenter\u00bb width=\u00bb1\/3&#8243;][vc_column_text]<\/p>\n<h3 style=\"text-align: left;\">Ponencia<\/h3>\n<p style=\"text-align: justify;\">Sra. Placer Vieco.<br \/>\nConsultora Factor Humano. Prevencontrol.<\/p>\n<p>[\/vc_column_text]<a href=\"https:\/\/www.foment.com\/wp-content\/uploads\/2023\/11\/PonenciaPRL_competencias2.pdf\" target=\"_self\" class=\"button color-2 small \" style=\"border-radius: 2px;\">Descargar<\/a>[\/vc_column][vc_column width=\u00bb1\/3&#8243;][vc_column_text]<\/p>\n<h3 style=\"text-align: left;\">Ponencia<\/h3>\n<p style=\"text-align: justify;\">Sr. \u00d3scar Mart\u00ednez.<br \/>\nResponsable de Unidad. Comsa.<\/p>\n<p>[\/vc_column_text]<a href=\"https:\/\/www.foment.com\/wp-content\/uploads\/2023\/11\/PonenciaPRL_competencias3.pdf\" target=\"_self\" class=\"button color-2 small \" style=\"border-radius: 2px;\">Descargar<\/a>[\/vc_column][\/vc_row]<\/p>\n<\/section>","protected":false},"excerpt":{"rendered":"<p>[vc_row][vc_column][vc_single_image image=\u00bb153796&#8243; img_size=\u00bbfull\u00bb alignment=\u00bbcenter\u00bb][vc_column_text] Estamos en un momento cr\u00edtico para la profesi\u00f3n del t\u00e9cnico de PRL donde se debe dar el salto que permita garantizar un posicionamiento estrat\u00e9gico de los profesionales de la seguridad en las organizaciones. Nuestro entorno social y laboral es cada vez m\u00e1s complejo y requiere del desarrollo y la consolidaci\u00f3n de un conjunto de habilidades que permita a los profesionales adaptarse y sacar el m\u00e1ximo rendimiento a sus capacidades t\u00e9cnicas e interpersonales, generar influencia y convertirse en facilitadores del cambio. Durante la jornada se present\u00f3 la \u201cherramienta de validaci\u00f3n de competencias del t\u00e9cnico de PRL\u201d un instrumento que permite el autodiagn\u00f3stico y que facilita un plan de mejora en el desempe\u00f1o preventivo de los profesionales del sector. Este proyecto, parte de una iniciativa del \u00d3rgano Directivo del F\u00f3rum de PRL de Foment del Treball, que en el a\u00f1o 2021 particip\u00f3 en la elaboraci\u00f3n del dossier \u201cretos i futuro del profesional de HSE\u201d, para conocer cu\u00e1l es el Rol que ha de tener el profesional de la seguridad y salud laboral del futuro y cu\u00e1les ser\u00e1n las competencias clave y las habilidades m\u00e1s demandadas. [\/vc_column_text][\/vc_column][\/vc_row][vc_row top_padding=\u00bb40&#8243;][vc_column width=\u00bb1\/1&#8243;][vc_column_text] Presentaci\u00f3n [\/vc_column_text][vc_video link=\u00bbhttps:\/\/youtu.be\/WiXzJHoxt40&#8243; align=\u00bbcenter\u00bb][\/vc_column][\/vc_row][vc_row top_padding=\u00bb40&#8243;][vc_column width=\u00bb1\/1&#8243;][vc_column_text] Documentaci\u00f3n relacionada [\/vc_column_text][\/vc_column][\/vc_row][vc_row top_padding=\u00bb20&#8243;][vc_column [&hellip;]<\/p>\n","protected":false},"author":15,"featured_media":172377,"comment_status":"closed","ping_status":"closed","sticky":false,"template":"","format":"standard","meta":{"_links_to":"","_links_to_target":""},"categories":[6578,216],"tags":[985,417,1497],"acf":[],"wps_subtitle":"<strong>Actividad realizada en el marco del proyecto de incentivo y promoci\u00f3n de la seguridad y salud laboral como estrategia de competitividad de las empresas catalanas<\/strong>","_links":{"self":[{"href":"https:\/\/www.foment.com\/es\/wp-json\/wp\/v2\/posts\/174728"}],"collection":[{"href":"https:\/\/www.foment.com\/es\/wp-json\/wp\/v2\/posts"}],"about":[{"href":"https:\/\/www.foment.com\/es\/wp-json\/wp\/v2\/types\/post"}],"author":[{"embeddable":true,"href":"https:\/\/www.foment.com\/es\/wp-json\/wp\/v2\/users\/15"}],"replies":[{"embeddable":true,"href":"https:\/\/www.foment.com\/es\/wp-json\/wp\/v2\/comments?post=174728"}],"version-history":[{"count":20,"href":"https:\/\/www.foment.com\/es\/wp-json\/wp\/v2\/posts\/174728\/revisions"}],"predecessor-version":[{"id":175055,"href":"https:\/\/www.foment.com\/es\/wp-json\/wp\/v2\/posts\/174728\/revisions\/175055"}],"wp:featuredmedia":[{"embeddable":true,"href":"https:\/\/www.foment.com\/es\/wp-json\/wp\/v2\/media\/172377"}],"wp:attachment":[{"href":"https:\/\/www.foment.com\/es\/wp-json\/wp\/v2\/media?parent=174728"}],"wp:term":[{"taxonomy":"category","embeddable":true,"href":"https:\/\/www.foment.com\/es\/wp-json\/wp\/v2\/categories?post=174728"},{"taxonomy":"post_tag","embeddable":true,"href":"https:\/\/www.foment.com\/es\/wp-json\/wp\/v2\/tags?post=174728"}],"curies":[{"name":"wp","href":"https:\/\/api.w.org\/{rel}","templated":true}]}}