{"id":175271,"date":"2023-12-04T11:26:14","date_gmt":"2023-12-04T10:26:14","guid":{"rendered":"https:\/\/www.foment.com\/sector-turistic-emmiralla-cap-a-turisme-sostenible-digital-i-desestacionallitzat\/"},"modified":"2023-12-04T12:44:25","modified_gmt":"2023-12-04T11:44:25","slug":"sector-turistico-pone-rumbo-hacia-turisme-sostenible-digital-y-desestacionalizado","status":"publish","type":"post","link":"https:\/\/www.foment.com\/es\/sector-turistico-pone-rumbo-hacia-turisme-sostenible-digital-y-desestacionalizado\/","title":{"rendered":"El sector tur\u00edstico pone rumbo hacia un turismo sostenible, digital y desestacionalizado"},"content":{"rendered":"<section class=\"wpb-content-wrapper\"><p>[vc_row][vc_column][vc_column_text]<\/p>\n<ul>\n<li>Nuevo Desayuno de Turismo organizado por Foment y el CETT-UB Barcelona School of Tourism, Hospitality and Gastronomy<\/li>\n<\/ul>\n<p>Foment del Treball y el CETT-UB Barcelona School of Tourism, Hospitality and Gastronomy han celebrado una nueva jornada del ciclo Desayunos Turismo para analizar los <strong>desaf\u00edos del sector tur\u00edstico en Catalu\u00f1a para promover un destino responsable, sostenible, innovador y conectado<\/strong>.<\/p>\n<p>Diferentes representantes de la industria tur\u00edstica en Catalu\u00f1a han abordado cuestiones cruciales e imprescindibles para el sector como la <strong>mejora de la movilidad y conectividad nacional e internacional, la gesti\u00f3n de la estacionalidad, la profesionalizaci\u00f3n, y la necesidad de mejorar la imagen de la actividad tur\u00edstica<\/strong> mediante campa\u00f1as de sensibilizaci\u00f3n y pedagog\u00eda, que expliquen la contribuci\u00f3n econ\u00f3mica y social del turismo en la ciudad y para sus ciudadanos.<\/p>\n<p>Todos ellos han coincidido en que se debe avanzar hacia un turismo sostenible, digital y desestacionalizado. \u201cEste es el \u00fanico camino para poder crecer en calidad. <strong>La desestacionalizaci\u00f3n ya no es una opci\u00f3n sino una necesidad clave para conseguir plantillas m\u00e1s estables y retener el talento laboral<\/strong>\u201d, ha destacado el presidente de la Comisi\u00f3n de Turismo y Servicios de Foment, <strong>Miquel Gotanegra<\/strong>, en la inauguraci\u00f3n del acto.<\/p>\n<p>En este sentido, el director de la C\u00e1tedra UB-CETT de Turismo, Hoteler\u00eda y Gastronom\u00eda, el Dr. <strong>Eugeni Os\u00e1car<\/strong>, ha se\u00f1alado que \u201c<strong>Catalu\u00f1a debe continuar siendo un destino de referencia mundial<\/strong>\u201d, ahora bien, matizaba, \u201clos cambios globales a nivel ambiental, econ\u00f3mico y social comportan una adaptaci\u00f3n o cambio. As\u00ed pues, la transformaci\u00f3n del turismo en Catalu\u00f1a pasa por una <strong>nueva estrategia tur\u00edstica que se base en la sostenibilidad, la responsabilidad social y el equilibrio territorial<\/strong>\u201d defend\u00eda Os\u00e1car, moderador del coloquio.<\/p>\n<p>La mesa sobre <strong><em>\u2018Retos estrat\u00e9gicos del turismo en Catalu\u00f1a\u2019<\/em><\/strong>, ha contado con el vicepresidente ejecutivo de Catalonia Hoteles &amp; resuertes, <strong>Guillermo Vallet<\/strong>; el presidente de ACAVe (Asociaci\u00f3n Corporativa de Agencias de Viajes Especializadas), <strong>Jordi Mart\u00ed<\/strong>; el director del Camping La Ballena Alegre, <strong>Toni Castellar<\/strong>; y el presidente de FEDERATUR (Federaci\u00f3n Catalana de Apartamentos Tur\u00edsitics), David Riba.<\/p>\n<p>Desde FEDERATUR, <strong>Riba<\/strong> ha manifestado que \u201c<strong>Catalu\u00f1a tiene situarse al frente en el esfuerzo por el turismo sostenible, inversi\u00f3n en el talento de sus profesionales y en tecnolog\u00eda dentro del \u00e1mbito tur\u00edstico<\/strong>\u201d.<\/p>\n<p>Seg\u00fan <strong>Mart\u00ed<\/strong> de ACAVe, <strong>el gran reto es integrar la sostenibilidad no solo en las infraestructuras, equipaciones y procedimientos, sino sobretodo en el dise\u00f1o de la oferta<\/strong>: \u201cLos consumidores est\u00e1n cada vez m\u00e1s sensibilizados por esta realidad y tenemos que esperar que este criterio sea capital en los pr\u00f3ximos a\u00f1os\u201d, ha expresado.<\/p>\n<p>Para el l\u00edder empresarial de Catalonia Hoteles &amp; resuertes \u201c<strong>la tasa tur\u00edstica tendr\u00eda que ser una herramienta que nos ayude a financiar los retos del sector<\/strong>: Desestacionalizar, descentralizar y reconversi\u00f3n de destinos maduros\u201d, ha precisado <strong>Vallet<\/strong>.<\/p>\n<p>Por su parte, <strong>Castellar<\/strong>, del Camping La Ballena Alegre, ha defendido que \u201cel reto es dirigir las empresas desde la conciencia de que somos parte del problema y de la soluci\u00f3n, y que <strong>nuestra responsabilidad va m\u00e1s all\u00e1 de una cuenta de resultados. Hay que dejar un legado<\/strong>\u201d.<\/p>\n<p>En el acto tambi\u00e9n ha participado el coordinador del Plan de Cercan\u00edas, <strong>Pere Macias i Arnau<\/strong>, para trasladar las aportaciones del ferrocarril al turismo: \u201c<strong>La disponibilidad y la eficiencia de las infraestructuras constituye un ingrediente indispensable para el desarrollo del sector tur\u00edstico y para su competitividad<\/strong>\u201d, ha dicho Macias en este aspecto.<\/p>\n<p>Mientras que la subdirectora general de desarrollo tur\u00edstico territorial de la Direcci\u00f3n General de Turismo de la Generalitat de Catalu\u00f1a, <strong>Carme Rubi\u00f3<\/strong>, ha cerrado el encuentro confirmando que \u201ccomo administraci\u00f3n p\u00fablica ya estamos empezando a trabajar para<strong> acelerar el proceso de un modelo tur\u00edstico ambientalmente m\u00e1s responsable, socialmente m\u00e1s justo, territorialmente m\u00e1s equilibrado y m\u00e1s innovador<\/strong>, y seguiremos haci\u00e9ndotelo los pr\u00f3ximos a\u00f1os en forma de subvenciones y pr\u00e9stamos\u201d, a\u00f1ad\u00eda Rubi\u00f3.[\/vc_column_text]<div class=\"flexslider wpb_content_element\"><ul class=\"slides\"><li><img src=\"https:\/\/www.foment.com\/wp-content\/uploads\/2023\/12\/DSC_0580-scaled.jpg\" alt=\"\" \/><\/li><li><img src=\"https:\/\/www.foment.com\/wp-content\/uploads\/2023\/12\/DSC_0576-1-scaled.jpg\" alt=\"\" \/><\/li><li><img src=\"https:\/\/www.foment.com\/wp-content\/uploads\/2023\/12\/DSC_0582-scaled.jpg\" alt=\"\" \/><\/li><li><img src=\"https:\/\/www.foment.com\/wp-content\/uploads\/2023\/12\/DSC_0596-scaled.jpg\" alt=\"\" \/><\/li><li><img src=\"https:\/\/www.foment.com\/wp-content\/uploads\/2023\/12\/DSC_0603-scaled.jpg\" alt=\"\" \/><\/li><li><img src=\"https:\/\/www.foment.com\/wp-content\/uploads\/2023\/12\/DSC_0609-scaled.jpg\" alt=\"\" \/><\/li><li><img src=\"https:\/\/www.foment.com\/wp-content\/uploads\/2023\/12\/DSC_0613-scaled.jpg\" alt=\"\" \/><\/li><li><img src=\"https:\/\/www.foment.com\/wp-content\/uploads\/2023\/12\/DSC_0621-scaled.jpg\" alt=\"\" \/><\/li><li><img src=\"https:\/\/www.foment.com\/wp-content\/uploads\/2023\/12\/DSC_0663-scaled.jpg\" alt=\"\" \/><\/li><li><img src=\"https:\/\/www.foment.com\/wp-content\/uploads\/2023\/12\/DSC_0680-scaled.jpg\" alt=\"\" \/><\/li><li><img src=\"https:\/\/www.foment.com\/wp-content\/uploads\/2023\/12\/DSC_0681-scaled.jpg\" alt=\"\" \/><\/li><li><img src=\"https:\/\/www.foment.com\/wp-content\/uploads\/2023\/12\/DSC_0620-scaled.jpg\" alt=\"\" \/><\/li><li><img src=\"https:\/\/www.foment.com\/wp-content\/uploads\/2023\/12\/DSC_0706-scaled.jpg\" alt=\"\" \/><\/li><li><img src=\"https:\/\/www.foment.com\/wp-content\/uploads\/2023\/12\/DSC_0725-scaled.jpg\" alt=\"\" \/><\/li><li><img src=\"https:\/\/www.foment.com\/wp-content\/uploads\/2023\/12\/DSC_0714-scaled.jpg\" alt=\"\" \/><\/li><\/ul><\/div>[vc_column_text]<span style=\"color: #d2112d;\"><strong>Desayunos de Turismo del CETT y Foment<\/strong><\/span><\/p>\n<p>Los Desayunos de Turismo de Foment y el CETT-UB son encuentros cuatrimestrales para directivos, mandos intermedios y profesionales expertos de empresas y administraciones p\u00fablicas en las cuales se abordan temas ligados al desarrollo del turismo, la hoteler\u00eda y la gastronom\u00eda.<\/p>\n<p>El objetivo es la generaci\u00f3n de un espacio id\u00f3neo que fomente el networking, el intercambio de experiencias y la promoci\u00f3n de l\u00edneas de actuaci\u00f3n que beneficien el sector.[\/vc_column_text][\/vc_column][\/vc_row]<\/p>\n<\/section>","protected":false},"excerpt":{"rendered":"<p>[vc_row][vc_column][vc_column_text] Nuevo Desayuno de Turismo organizado por Foment y el CETT-UB Barcelona School of Tourism, Hospitality and Gastronomy Foment del Treball y el CETT-UB Barcelona School of Tourism, Hospitality and Gastronomy han celebrado una nueva jornada del ciclo Desayunos Turismo para analizar los desaf\u00edos del sector tur\u00edstico en Catalu\u00f1a para promover un destino responsable, sostenible, innovador y conectado. Diferentes representantes de la industria tur\u00edstica en Catalu\u00f1a han abordado cuestiones cruciales e imprescindibles para el sector como la mejora de la movilidad y conectividad nacional e internacional, la gesti\u00f3n de la estacionalidad, la profesionalizaci\u00f3n, y la necesidad de mejorar la imagen de la actividad tur\u00edstica mediante campa\u00f1as de sensibilizaci\u00f3n y pedagog\u00eda, que expliquen la contribuci\u00f3n econ\u00f3mica y social del turismo en la ciudad y para sus ciudadanos. Todos ellos han coincidido en que se debe avanzar hacia un turismo sostenible, digital y desestacionalizado. \u201cEste es el \u00fanico camino para poder crecer en calidad. La desestacionalizaci\u00f3n ya no es una opci\u00f3n sino una necesidad clave para conseguir plantillas m\u00e1s estables y retener el talento laboral\u201d, ha destacado el presidente de la Comisi\u00f3n de Turismo y Servicios de Foment, Miquel Gotanegra, en la inauguraci\u00f3n del acto. En este sentido, el director de la [&hellip;]<\/p>\n","protected":false},"author":10,"featured_media":175258,"comment_status":"closed","ping_status":"closed","sticky":false,"template":"","format":"standard","meta":{"_links_to":"","_links_to_target":""},"categories":[114,5714,1665],"tags":[8160,8161],"acf":[],"wps_subtitle":"","_links":{"self":[{"href":"https:\/\/www.foment.com\/es\/wp-json\/wp\/v2\/posts\/175271"}],"collection":[{"href":"https:\/\/www.foment.com\/es\/wp-json\/wp\/v2\/posts"}],"about":[{"href":"https:\/\/www.foment.com\/es\/wp-json\/wp\/v2\/types\/post"}],"author":[{"embeddable":true,"href":"https:\/\/www.foment.com\/es\/wp-json\/wp\/v2\/users\/10"}],"replies":[{"embeddable":true,"href":"https:\/\/www.foment.com\/es\/wp-json\/wp\/v2\/comments?post=175271"}],"version-history":[{"count":3,"href":"https:\/\/www.foment.com\/es\/wp-json\/wp\/v2\/posts\/175271\/revisions"}],"predecessor-version":[{"id":175289,"href":"https:\/\/www.foment.com\/es\/wp-json\/wp\/v2\/posts\/175271\/revisions\/175289"}],"wp:featuredmedia":[{"embeddable":true,"href":"https:\/\/www.foment.com\/es\/wp-json\/wp\/v2\/media\/175258"}],"wp:attachment":[{"href":"https:\/\/www.foment.com\/es\/wp-json\/wp\/v2\/media?parent=175271"}],"wp:term":[{"taxonomy":"category","embeddable":true,"href":"https:\/\/www.foment.com\/es\/wp-json\/wp\/v2\/categories?post=175271"},{"taxonomy":"post_tag","embeddable":true,"href":"https:\/\/www.foment.com\/es\/wp-json\/wp\/v2\/tags?post=175271"}],"curies":[{"name":"wp","href":"https:\/\/api.w.org\/{rel}","templated":true}]}}