{"id":17571,"date":"2014-04-02T09:00:29","date_gmt":"2014-04-02T07:00:29","guid":{"rendered":"http:\/\/foment.itartech.com\/?p=17571"},"modified":"2016-12-01T15:57:51","modified_gmt":"2016-12-01T14:57:51","slug":"datos-positivos-paro-afiliacion-la-seguridad-social-marzo-apuntan-al-cambio-tendencia","status":"publish","type":"post","link":"https:\/\/www.foment.com\/es\/datos-positivos-paro-afiliacion-la-seguridad-social-marzo-apuntan-al-cambio-tendencia\/","title":{"rendered":"Datos positivos de paro y afiliaci\u00f3n a la Seguridad Social en marzo que apuntan al cambio de tendencia"},"content":{"rendered":"<section class=\"wpb-content-wrapper\"><p>[vc_row][vc_column width=\u00bb1\/1&#8243;][vc_column_text]El n\u00famero de parados registrados en Catalu\u00f1a ha descendido en 5.119 personas (-0,81%) respecto el mes anterior. En t\u00e9rminos interanuales, el n\u00famero de desempleados est\u00e1 por debajo en 39.583 personas del registrado en el mes de marzo de 2013 (-5,96%). Catalu\u00f1a suma nuevamente un descenso del paro en t\u00e9rminos interanuales, que se inici\u00f3 en el mes de julio 2013. \u00a0Respecto a la contrataci\u00f3n, se han efectuado m\u00e1s contratos que el mes anterior, y se mantiene la \u00a0dualidad entre los contratos temporales que representan el 86,62%, y los indefinidos que representan el 13,38% del total de contratos realizados en este mes. En Catalu\u00f1a, el n\u00famero de afiliados a la Seguridad Social se ha situado en el mes de marzo de 2014 en \u00a02.878.037 ocupados, lo que supone 18.342 ocupados m\u00e1s respecto el mes de febrero de 2014 (0,64%), y 20.114 ocupados m\u00e1s respecto el mes de marzo de 2013 (0,70%).<\/p>\n<div>Foment del Treball considera que los datos de paro y de afiliaci\u00f3n a la Seguridad Social del mes de marzo merecen una valoraci\u00f3n positiva y contin\u00faan en la senda del cambio de tendencia que se ha ido constatado en los \u00faltimos meses. No obstante, dado el grave problema de desempleo existente en nuestro pa\u00eds y para consolidar la reactivaci\u00f3n econ\u00f3mica y de crecimiento del empleo no deber\u00eda haber una relajaci\u00f3n en cuanto a la adopci\u00f3n de las medidas a\u00fan pendientes, en cuanto a costes y flexibilidad interna, que faciliten la contrataci\u00f3n por parte de las empresas.<\/div>\n<p>&nbsp;<\/p>\n<div>La cifra del paro registrado en Catalu\u00f1a se sit\u00faa en 624.467 personas desempleadas. Puede observarse que este mes de marzo de 2014 el descenso del n\u00famero de parados ha presentado un comportamiento mejor que en el mes de marzo de 2013 donde se registr\u00f3 a nivel mensual un descenso de 1.126 personas aun coincidiendo con la festividad de Semana Santa.<\/div>\n<p>&nbsp;<\/p>\n<div>Si bien es cierto que a\u00fan deben analizarse con prudencia los diferentes datos mensuales del paro, podemos observar en t\u00e9rminos interanuales como desde el mes de julio de 2013 la situaci\u00f3n es mejor a la del a\u00f1o anterior. En este sentido, hemos pasado de una tasa interanual en el mes de enero de 2013 del 4,52% a una tasa del -5,96% en el mes de marzo de 2014. As\u00ed, en t\u00e9rminos interanuales, el paro registrado se ha reducido en un -5,96%, es decir, ha descendido en -39.583 el n\u00famero de personas desempleadas respecto del mismo mes del a\u00f1o anterior.<\/div>\n<div><\/div>\n<p>[\/vc_column_text][\/vc_column][\/vc_row][vc_row][vc_column width=\u00bb1\/1&#8243;]<div class=\"spacer\" style=\"height: 20px;\"><\/div><div class=\"single_image wpb_content_element align-center    \" data-animation=\"none\" data-delay=\"0\"><img width=\"600\" height=\"387\" src=\"https:\/\/www.foment.com\/wp-content\/uploads\/2014\/04\/Foment_del_Treball_Paro_Marzo_Interanual_CAST.png\" class=\"attachment-full\" alt=\"\" loading=\"lazy\" title=\"\" srcset=\"https:\/\/www.foment.com\/wp-content\/uploads\/2014\/04\/Foment_del_Treball_Paro_Marzo_Interanual_CAST.png 600w, https:\/\/www.foment.com\/wp-content\/uploads\/2014\/04\/Foment_del_Treball_Paro_Marzo_Interanual_CAST-300x194.png 300w\" sizes=\"(max-width: 600px) 100vw, 600px\" \/><\/div><div class=\"spacer\" style=\"height: 20px;\"><\/div>[\/vc_column][\/vc_row][vc_row][vc_column width=\u00bb1\/1&#8243;][vc_column_text]<\/p>\n<div>Por sectores, en este mes, al igual que en el mes de febrero, \u00a0ha habido un descenso del desempleo respecto del mes anterior en todos los sectores, excepto en agricultura y sin empleo anterior: agricultura en 605 personas, industria en -1.479, construcci\u00f3n -1.169, colectivo sin empleo anterior 946 y servicios -4.022 personas.<\/div>\n<p>&nbsp;<\/p>\n<div>Respecto al n\u00famero de contratos, en Catalunya, en este mes se han realizado 175.114 contratos registrados, de los cuales \u00a0el 13,38% (23.434 contratos) lo han sido de car\u00e1cter indefinido, y el resto (86,62%, es decir, 151.680) han sido temporales.<\/div>\n<p>&nbsp;<\/p>\n<div>\u00a0A nivel estatal el paro registrado ha descendido \u00a0en 16.620 personas en relaci\u00f3n al mes anterior (-0,35%). La cifra de paro a nivel estatal se sit\u00faa en el mes de marzo de 2014 en 4.795.866 personas \u00a0(-4,75% en t\u00e9rminos anuales).<\/div>\n<p>[\/vc_column_text][\/vc_column][\/vc_row][vc_row][vc_column width=\u00bb1\/1&#8243;]<div class=\"spacer\" style=\"height: 20px;\"><\/div><a href=\"\/wp-content\/uploads\/2016\/09\/Foment_del_Treball_2014.04.02_Paro_registrado_marzo_CAST.pdf\" target=\"_blank\" class=\"button color-2 small \" style=\"border-radius: 2px;\">Descarga la noticia en PDF<\/a>[\/vc_column][\/vc_row]<\/p>\n<\/section>","protected":false},"excerpt":{"rendered":"<p>[vc_row][vc_column width=\u00bb1\/1&#8243;][vc_column_text]El n\u00famero de parados registrados en Catalu\u00f1a ha descendido en 5.119 personas (-0,81%) respecto el mes anterior. En t\u00e9rminos interanuales, el n\u00famero de desempleados est\u00e1 por debajo en 39.583 personas del registrado en el mes de marzo de 2013 (-5,96%). Catalu\u00f1a suma nuevamente un descenso del paro en t\u00e9rminos interanuales, que se inici\u00f3 en el mes de julio 2013. \u00a0Respecto a la contrataci\u00f3n, se han efectuado m\u00e1s contratos que el mes anterior, y se mantiene la \u00a0dualidad entre los contratos temporales que representan el 86,62%, y los indefinidos que representan el 13,38% del total de contratos realizados en este mes. En Catalu\u00f1a, el n\u00famero de afiliados a la Seguridad Social se ha situado en el mes de marzo de 2014 en \u00a02.878.037 ocupados, lo que supone 18.342 ocupados m\u00e1s respecto el mes de febrero de 2014 (0,64%), y 20.114 ocupados m\u00e1s respecto el mes de marzo de 2013 (0,70%). Foment del Treball considera que los datos de paro y de afiliaci\u00f3n a la Seguridad Social del mes de marzo merecen una valoraci\u00f3n positiva y contin\u00faan en la senda del cambio de tendencia que se ha ido constatado en los \u00faltimos meses. No obstante, dado el grave problema de desempleo [&hellip;]<\/p>\n","protected":false},"author":24,"featured_media":0,"comment_status":"closed","ping_status":"closed","sticky":false,"template":"","format":"standard","meta":{"_links_to":"","_links_to_target":""},"categories":[73],"tags":[],"acf":[],"wps_subtitle":"Dado el grave problema de desempleo existente en nuestro pa\u00eds y para consolidar la reactivaci\u00f3n econ\u00f3mica y de crecimiento del empleo no deber\u00eda haber una relajaci\u00f3n en cuanto a la adopci\u00f3n de las medidas a\u00fan pendientes, en cuanto a costes y flexibilidad interna, que faciliten la contrataci\u00f3n por parte de las empresas","_links":{"self":[{"href":"https:\/\/www.foment.com\/es\/wp-json\/wp\/v2\/posts\/17571"}],"collection":[{"href":"https:\/\/www.foment.com\/es\/wp-json\/wp\/v2\/posts"}],"about":[{"href":"https:\/\/www.foment.com\/es\/wp-json\/wp\/v2\/types\/post"}],"author":[{"embeddable":true,"href":"https:\/\/www.foment.com\/es\/wp-json\/wp\/v2\/users\/24"}],"replies":[{"embeddable":true,"href":"https:\/\/www.foment.com\/es\/wp-json\/wp\/v2\/comments?post=17571"}],"version-history":[{"count":0,"href":"https:\/\/www.foment.com\/es\/wp-json\/wp\/v2\/posts\/17571\/revisions"}],"wp:attachment":[{"href":"https:\/\/www.foment.com\/es\/wp-json\/wp\/v2\/media?parent=17571"}],"wp:term":[{"taxonomy":"category","embeddable":true,"href":"https:\/\/www.foment.com\/es\/wp-json\/wp\/v2\/categories?post=17571"},{"taxonomy":"post_tag","embeddable":true,"href":"https:\/\/www.foment.com\/es\/wp-json\/wp\/v2\/tags?post=17571"}],"curies":[{"name":"wp","href":"https:\/\/api.w.org\/{rel}","templated":true}]}}