{"id":176173,"date":"2023-12-27T12:37:10","date_gmt":"2023-12-27T11:37:10","guid":{"rendered":"https:\/\/www.foment.com\/amb-hivern-es-refreden-inflacio-i-creixement\/"},"modified":"2023-12-27T13:45:21","modified_gmt":"2023-12-27T12:45:21","slug":"con-invierno-se-enfrian-inflacion-y-crecimiento","status":"publish","type":"post","link":"https:\/\/www.foment.com\/es\/con-invierno-se-enfrian-inflacion-y-crecimiento\/","title":{"rendered":"Ante el invierno se enfr\u00edan la inflaci\u00f3n y el crecimiento"},"content":{"rendered":"<section class=\"wpb-content-wrapper\"><p>[vc_row][vc_column][vc_column_text]<\/p>\n<ul>\n<li>El proceso de reducci\u00f3n de la inflaci\u00f3n se acompa\u00f1a con una desaceleraci\u00f3n econ\u00f3mica, con previsiones de bajo crecimiento para el 2024<\/li>\n<li>El fuerte incremento de los tipos de inter\u00e9s explica la importante disminuci\u00f3n del cr\u00e9dito tanto a empresas como familias<\/li>\n<li>Se dan ya p\u00e9rdidas de competitividad v\u00eda precios (diferencial positivo de precios) que se agrava por el aumento de los costes laborales<\/li>\n<li>Contin\u00faa una demanda externa muy ap\u00e1tica<\/li>\n<li>Preocupaci\u00f3n por el fuerte aumento de la presi\u00f3n fiscal en el per\u00edodo 2019-2022, de 2,9 puntos de PIB, a diferencia de la Eurozona que fue de s\u00f3lo 0,2 puntos de Debe modularse el d\u00e9ficit p\u00fablico pero sobre todo por el lado del gasto<\/li>\n<\/ul>\n<p>La econom\u00eda mundial se desacelera, especialmente la europea, con una fuerte moderaci\u00f3n de los intercambios comerciales, tendencia que se refleja en las recientes correcciones a la baja de las previsiones de crecimiento para este a\u00f1o y el 2024. Esta es una de las consideraciones del <a href=\"https:\/\/www.foment.com\/wp-content\/uploads\/2023\/12\/Informe-Coyuntura-Diciembre-2023-castellano.pdf\">Informe de Coyuntura Econ\u00f3mica<\/a> de Foment del Treball, que han presentado el presidente de la Comisi\u00f3n de Econom\u00eda y Fiscalidad de Foment, <strong>Valent\u00ed Pich<\/strong>, y el director de Estudios y Econom\u00eda de Foment, <strong>Salvador Guillermo<\/strong>.<\/p>\n<p>En este contexto el informe indica que <strong>la pol\u00edtica monetaria mantendr\u00e1 los tipos de inter\u00e9s de referencia en niveles elevados a medida que se consolidan las expectativas de reducci\u00f3n de la inflaci\u00f3n<\/strong>. Se espera que los tipos comiencen a reducirse en la segunda mitad de 2024.<\/p>\n<p><strong>Europa es la zona m\u00e1s afectada por el bajo crecimiento econ\u00f3mico<\/strong>, mientras que EE. UU. y China muestran un perfil m\u00e1s din\u00e1mico en el tercer trimestre, aunque la econom\u00eda asi\u00e1tica contin\u00faa presentando problemas en su sector inmobiliario.<\/p>\n<p>Por otra parte, <strong>se contiene la inflaci\u00f3n en Europa, con un registro de 2,4% en noviembre<\/strong>. Aunque las nuevas tensiones geopol\u00edticas, en caso de aumentar, podr\u00edan presionar el precio del petr\u00f3leo o presentar problemas en la log\u00edstica internacional. No obstante, se espera un reunte puntual de la inflaci\u00f3n algunos meses por efectos escal\u00f3n.<\/p>\n<p><strong>La econom\u00eda espa\u00f1ola modera muy suavemente el avance del empleo <\/strong>(0,4% 2T y 0,3% 3T) que mantiene a\u00fan un buen ritmo de crecimiento seg\u00fan la EPA, aunque m\u00e1s moderado seg\u00fan los datos de afiliaci\u00f3n a la Seguridad Social.<\/p>\n<p>En cuanto a las previsiones para Espa\u00f1a, la Comisi\u00f3n Europea proyecta que <strong>el crecimiento del PIB sea del 2,4% en 2023, del 1,7% en 2024 y del 2,0% en 2025<\/strong>. La inflaci\u00f3n se moderar\u00eda este a\u00f1o (+3,6%) y en 2024 (+3,4%), para aproximarse al 2,0% en 2025 (+2,1%). Por su parte, el Banco de Espa\u00f1a estima que el PIB espa\u00f1ol crezca a tasas del 2,4%, del 1,6%, del 1,9% y del 1,7% en 2023, 2024, 2025 y 2026, respectivamente.<\/p>\n<p>Cabe destacar, <strong>la p\u00e9rdida de competitividad v\u00eda precios, ya que el IPC de Espa\u00f1a (+3,5%) supera el europeo (+2,9%)<\/strong>, adem\u00e1s de una reducci\u00f3n de la productividad que elevar\u00e1 los CLU.<\/p>\n<p>En lo que a financiaci\u00f3n del sector privado de la econom\u00eda espa\u00f1ola se refiere, la destinada a hogares e ISFLSH se contrajo, nuevamente, en septiembre; un 2,0%, tendencia contractiva que se observa desde el mes de febrero. El cr\u00e9dito a la vivienda descendi\u00f3 un 3,1%, mientras que el destinado a consumo aument\u00f3 un 4,0%.<\/p>\n<p>Por otra parte, en el caso de las sociedades no financieras, en septiembre, tambi\u00e9n se registr\u00f3 un descenso, el m\u00e1s elevado de los recientemente observados, de 4,2%, con ca\u00eddas consecutivas desde el mes de diciembre de 2022.<\/p>\n<p>Finalmente, <strong>es importante se\u00f1alar que se ha de mejorar la sostenibilidad de las finanzas p\u00fablicas<\/strong>. Hasta septiembre el d\u00e9ficit p\u00fablico de la Administraci\u00f3n Central se ha situado en el 1,61% del PIB, frente al 1,29% de igual per\u00edodo de 2022. Las CC. AA. han mejorado su d\u00e9ficit y, por lo tanto, reducido el conjunto del consolidado al 1,56% en 2023, frente al 1,76% de los primeros nueve meses de 2022.<\/p>\n<p>La expansi\u00f3n del gasto p\u00fablico debe moderarse, pues \u00e9ste se ha financiado con un fuerte incremento de la presi\u00f3n fiscal en Espa\u00f1a. As\u00ed, desde 2019 a 2022 ha crecido 0,2 puntos del PIB en la UE, 0,5 puntos en la eurozona, mientras que, en Espa\u00f1a, ha sido de 2,9 puntos del PIB. <strong>Ese fuerte aumento de la presi\u00f3n fiscal se ha dado en la imposici\u00f3n sobre la renta (1,9 puntos del PIB) <\/strong>y, especialmente, en la imposici\u00f3n sobre sociedades, que ha aumentado en un 28,5% su peso sobre el PIB, y en el IRPF en un 15%.<\/p>\n<p>Los ingresos p\u00fablicos, en el 2023, han moderado fuertemente su crecimiento en el IRPF un 9,6% hasta octubre y el IVA 0,9%, y un 1,7% los impuestos especiales. <strong>El total de impuestos recaudados ha aumentado un 5,2% (un -6,2% para el Estado)<\/strong>.<\/p>\n<p>En cuanto al sector exterior, se observa una reducci\u00f3n de las exportaciones e importaciones de bienes y servicios en los \u00faltimos meses.<\/p>\n<p>En los primeros nueve meses de 2023, el saldo de la cuenta corriente y de capital para la econom\u00eda espa\u00f1ola -que determina una capacidad de financiaci\u00f3n- fue de 38.700 millones de euros, frente al saldo de 8.600 millones de igual per\u00edodo de 2022.<\/p>\n<p><strong>El saldo comercial deficitario fue de 29.596,4 millones de euros, en los nueve primeros meses, frente al d\u00e9ficit de 53.437,1 de igual per\u00edodo de 2022<\/strong>. El d\u00e9ficit energ\u00e9tico baj\u00f3 de los 40.056,6 millones de euros hasta los 24.878,2, mientras que el saldo no energ\u00e9tico present\u00f3 un balance negativo de 4.7018,2 millones de euros, frente al d\u00e9ficit de 13.380,5 millones del mismo per\u00edodo del a\u00f1o pasado.<\/p>\n<p>Los sectores cuyas exportaciones a nivel del conjunto de Espa\u00f1a crecieron m\u00e1s fueron el de alimentos, bienes de equipo y autom\u00f3vil. En Catalu\u00f1a, se observ\u00f3 la misma din\u00e1mica en alimentos y bienes de equipo, aunque el comportamiento de otros sectores no fue similar.[\/vc_column_text]<div class=\"flexslider wpb_content_element\"><ul class=\"slides\"><li><img src=\"https:\/\/www.foment.com\/wp-content\/uploads\/2023\/12\/CRM-scaled.jpg\" alt=\"\" \/><\/li><li><img src=\"https:\/\/www.foment.com\/wp-content\/uploads\/2023\/12\/DSC_0914-scaled.jpg\" alt=\"\" \/><\/li><li><img src=\"https:\/\/www.foment.com\/wp-content\/uploads\/2023\/12\/DSC_0922-scaled.jpg\" alt=\"\" \/><\/li><li><img src=\"https:\/\/www.foment.com\/wp-content\/uploads\/2023\/12\/DSC_0885-scaled.jpg\" alt=\"\" \/><\/li><li><img src=\"https:\/\/www.foment.com\/wp-content\/uploads\/2023\/12\/DSC_0921-scaled.jpg\" alt=\"\" \/><\/li><li><img src=\"https:\/\/www.foment.com\/wp-content\/uploads\/2023\/12\/DSC_0889-scaled.jpg\" alt=\"\" \/><\/li><li><img src=\"https:\/\/www.foment.com\/wp-content\/uploads\/2023\/12\/DSC_0915-scaled.jpg\" alt=\"\" \/><\/li><li><img src=\"https:\/\/www.foment.com\/wp-content\/uploads\/2023\/12\/DSC_0898-scaled.jpg\" alt=\"\" \/><\/li><li><img src=\"https:\/\/www.foment.com\/wp-content\/uploads\/2023\/12\/DSC_0916-scaled.jpg\" alt=\"\" \/><\/li><li><img src=\"https:\/\/www.foment.com\/wp-content\/uploads\/2023\/12\/DSC_0905-scaled.jpg\" alt=\"\" \/><\/li><li><img src=\"https:\/\/www.foment.com\/wp-content\/uploads\/2023\/12\/DSC_0896-scaled.jpg\" alt=\"\" \/><\/li><li><img src=\"https:\/\/www.foment.com\/wp-content\/uploads\/2023\/12\/DSC_0903-scaled.jpg\" alt=\"\" \/><\/li><li><img src=\"https:\/\/www.foment.com\/wp-content\/uploads\/2023\/12\/DSC_0884-scaled.jpg\" alt=\"\" \/><\/li><\/ul><\/div>[vc_raw_html]JTNDaWZyYW1lJTIwd2lkdGglM0QlMjI1NjAlMjIlMjBoZWlnaHQlM0QlMjIzMTUlMjIlMjBzcmMlM0QlMjJodHRwcyUzQSUyRiUyRnd3dy55b3V0dWJlLmNvbSUyRmVtYmVkJTJGeElKQXVOLTZGT1klM0ZzaSUzREpuOWtMOS1HN0lGaDFieHQlMjIlMjB0aXRsZSUzRCUyMllvdVR1YmUlMjB2aWRlbyUyMHBsYXllciUyMiUyMGZyYW1lYm9yZGVyJTNEJTIyMCUyMiUyMGFsbG93JTNEJTIyYWNjZWxlcm9tZXRlciUzQiUyMGF1dG9wbGF5JTNCJTIwY2xpcGJvYXJkLXdyaXRlJTNCJTIwZW5jcnlwdGVkLW1lZGlhJTNCJTIwZ3lyb3Njb3BlJTNCJTIwcGljdHVyZS1pbi1waWN0dXJlJTNCJTIwd2ViLXNoYXJlJTIyJTIwYWxsb3dmdWxsc2NyZWVuJTNFJTNDJTJGaWZyYW1lJTNF[\/vc_raw_html][\/vc_column][\/vc_row]<\/p>\n<\/section>","protected":false},"excerpt":{"rendered":"<p>[vc_row][vc_column][vc_column_text] El proceso de reducci\u00f3n de la inflaci\u00f3n se acompa\u00f1a con una desaceleraci\u00f3n econ\u00f3mica, con previsiones de bajo crecimiento para el 2024 El fuerte incremento de los tipos de inter\u00e9s explica la importante disminuci\u00f3n del cr\u00e9dito tanto a empresas como familias Se dan ya p\u00e9rdidas de competitividad v\u00eda precios (diferencial positivo de precios) que se agrava por el aumento de los costes laborales Contin\u00faa una demanda externa muy ap\u00e1tica Preocupaci\u00f3n por el fuerte aumento de la presi\u00f3n fiscal en el per\u00edodo 2019-2022, de 2,9 puntos de PIB, a diferencia de la Eurozona que fue de s\u00f3lo 0,2 puntos de Debe modularse el d\u00e9ficit p\u00fablico pero sobre todo por el lado del gasto La econom\u00eda mundial se desacelera, especialmente la europea, con una fuerte moderaci\u00f3n de los intercambios comerciales, tendencia que se refleja en las recientes correcciones a la baja de las previsiones de crecimiento para este a\u00f1o y el 2024. Esta es una de las consideraciones del Informe de Coyuntura Econ\u00f3mica de Foment del Treball, que han presentado el presidente de la Comisi\u00f3n de Econom\u00eda y Fiscalidad de Foment, Valent\u00ed Pich, y el director de Estudios y Econom\u00eda de Foment, Salvador Guillermo. En este contexto el informe indica que la [&hellip;]<\/p>\n","protected":false},"author":10,"featured_media":176130,"comment_status":"closed","ping_status":"closed","sticky":false,"template":"","format":"standard","meta":{"_links_to":"","_links_to_target":""},"categories":[114,69,5714],"tags":[404],"acf":[],"wps_subtitle":"","_links":{"self":[{"href":"https:\/\/www.foment.com\/es\/wp-json\/wp\/v2\/posts\/176173"}],"collection":[{"href":"https:\/\/www.foment.com\/es\/wp-json\/wp\/v2\/posts"}],"about":[{"href":"https:\/\/www.foment.com\/es\/wp-json\/wp\/v2\/types\/post"}],"author":[{"embeddable":true,"href":"https:\/\/www.foment.com\/es\/wp-json\/wp\/v2\/users\/10"}],"replies":[{"embeddable":true,"href":"https:\/\/www.foment.com\/es\/wp-json\/wp\/v2\/comments?post=176173"}],"version-history":[{"count":4,"href":"https:\/\/www.foment.com\/es\/wp-json\/wp\/v2\/posts\/176173\/revisions"}],"predecessor-version":[{"id":176180,"href":"https:\/\/www.foment.com\/es\/wp-json\/wp\/v2\/posts\/176173\/revisions\/176180"}],"wp:featuredmedia":[{"embeddable":true,"href":"https:\/\/www.foment.com\/es\/wp-json\/wp\/v2\/media\/176130"}],"wp:attachment":[{"href":"https:\/\/www.foment.com\/es\/wp-json\/wp\/v2\/media?parent=176173"}],"wp:term":[{"taxonomy":"category","embeddable":true,"href":"https:\/\/www.foment.com\/es\/wp-json\/wp\/v2\/categories?post=176173"},{"taxonomy":"post_tag","embeddable":true,"href":"https:\/\/www.foment.com\/es\/wp-json\/wp\/v2\/tags?post=176173"}],"curies":[{"name":"wp","href":"https:\/\/api.w.org\/{rel}","templated":true}]}}