{"id":17641,"date":"2014-04-29T09:00:54","date_gmt":"2014-04-29T07:00:54","guid":{"rendered":"http:\/\/foment.itartech.com\/?p=17641"},"modified":"2016-12-19T11:44:10","modified_gmt":"2016-12-19T10:44:10","slug":"encuentro-la-administracion-tributaria-conocer-las-principales-lineas-trabajo-este-ano","status":"publish","type":"post","link":"https:\/\/www.foment.com\/es\/encuentro-la-administracion-tributaria-conocer-las-principales-lineas-trabajo-este-ano\/","title":{"rendered":"Encuentro con la Administraci\u00f3n Tributaria para conocer las principales l\u00edneas de trabajo de este a\u00f1o"},"content":{"rendered":"<section class=\"wpb-content-wrapper\"><p>[vc_row][vc_column width=\u00bb1\/1&#8243;][vc_column_text]Conocer de primera mano las directrices generales del Plan Anual de Control Tributario y Aduanero de 2014 ha sido posible con el encuentro organizado por Foment entre empresarios y altos responsables de la Agencia Estatal de la Administraci\u00f3n Tributaria (AEAT). El Director del Departamento de Inspecci\u00f3n Financiera y Tributaria de la AEAT,<strong> Luis Mar\u00eda S\u00e1nchez Gonz\u00e1lez<\/strong>; y el Subdirector General de Ordenaci\u00f3n Legal y Asistencia Jur\u00eddica de la AEAT, <strong>Marcos \u00c1lvarez Suso<\/strong>, han explicitado a los empresarios reunidos este 29 de abril en Foment las principales l\u00edneas de trabajo que acometer\u00e1 la AEAT este a\u00f1o.[\/vc_column_text][\/vc_column][\/vc_row][vc_row][vc_column width=\u00bb1\/1&#8243;]<div class=\"spacer\" style=\"height: 20px;\"><\/div><div class=\"single_image wpb_content_element align-center    \" data-animation=\"none\" data-delay=\"0\"><img width=\"600\" height=\"400\" src=\"https:\/\/www.foment.com\/wp-content\/uploads\/2014\/04\/Foment_del_Treball_Debat_Fiscal_Inspeccio_2014_sanchez.png\" class=\"attachment-full\" alt=\"\" loading=\"lazy\" title=\"El Director del Departamento de Inspecci\u00f3n Financiera y Tributaria de la AEAT, Luis Mar\u00eda S\u00e1nchez Gonz\u00e1lez \u00a9 Llu\u00eds Pecoust\u00e1n\" srcset=\"https:\/\/www.foment.com\/wp-content\/uploads\/2014\/04\/Foment_del_Treball_Debat_Fiscal_Inspeccio_2014_sanchez.png 600w, https:\/\/www.foment.com\/wp-content\/uploads\/2014\/04\/Foment_del_Treball_Debat_Fiscal_Inspeccio_2014_sanchez-300x200.png 300w\" sizes=\"(max-width: 600px) 100vw, 600px\" \/><span class=\"single_image_caption\"> El Director del Departamento de Inspecci\u00f3n Financiera y Tributaria de la AEAT, Luis Mar\u00eda S\u00e1nchez Gonz\u00e1lez\n\u00a9 Llu\u00eds Pecoust\u00e1n<\/span><\/div><div class=\"spacer\" style=\"height: 20px;\"><\/div>[\/vc_column][\/vc_row][vc_row][vc_column width=\u00bb1\/1&#8243;][vc_column_text]<\/p>\n<div>La Direcci\u00f3n General de la Agencia Estatal de Administraci\u00f3n Tributaria public\u00f3 a finales de marzo las directrices generales del Plan Anual de Control Tributario y Aduanero. Seg\u00fan la norma publicada y las explicaciones dadas por los altos responsables en su visita a Foment, las novedades para el a\u00f1o 2014 se centran b\u00e1sicamente en el desarrollo de actuaciones presenciales para el an\u00e1lisis de la facturaci\u00f3n y los medios de pago, con el objetivo de verificar la limitaci\u00f3n de los pagos en efectivo, y la explotaci\u00f3n de la informaci\u00f3n obtenida mediante la presentaci\u00f3n del modelo 720, detectando posibles rentas de estos bienes y asegurando la correcta tributaci\u00f3n.<\/div>\n<p>&nbsp;<\/p>\n<div>Por otro lado, es voluntad de la AEAT este 2014 controlar las solicitudes de aplazamientos para evitar dilaciones o retrasos injustificados en el pago de las deudas tributarias, e implantar nuevos controles y l\u00edneas de actuaci\u00f3n para garantizar la correcta gesti\u00f3n del Impuesto sobre los Gases Fluorados de efecto invernadero. Asimismo, la administraci\u00f3n pretende hacer un seguimiento de la implantaci\u00f3n de nuevas v\u00edas de presentaci\u00f3n, mediante medios telem\u00e1ticos, reduciendo de esta manera al m\u00e1ximo la presentaci\u00f3n en soporte papel.<\/div>\n<p>[\/vc_column_text][\/vc_column][\/vc_row][vc_row][vc_column width=\u00bb1\/1&#8243;]<div class=\"spacer\" style=\"height: 20px;\"><\/div><div class=\"single_image wpb_content_element align-center    \" data-animation=\"none\" data-delay=\"0\"><img width=\"600\" height=\"400\" src=\"https:\/\/www.foment.com\/wp-content\/uploads\/2014\/04\/Foment_del_Treball_Debat_Fiscal_Inspeccio_2014_alvarez.png\" class=\"attachment-full\" alt=\"\" loading=\"lazy\" title=\"El subdirector general de Ordenaci\u00f3n Legal y Asistencia Jur\u00eddica de la AEAT, Marcos \u00c1lvarez Suso\u200b \u00a9 Llu\u00eds Pecoust\u00e1n\" srcset=\"https:\/\/www.foment.com\/wp-content\/uploads\/2014\/04\/Foment_del_Treball_Debat_Fiscal_Inspeccio_2014_alvarez.png 600w, https:\/\/www.foment.com\/wp-content\/uploads\/2014\/04\/Foment_del_Treball_Debat_Fiscal_Inspeccio_2014_alvarez-300x200.png 300w\" sizes=\"(max-width: 600px) 100vw, 600px\" \/><span class=\"single_image_caption\">El subdirector general de Ordenaci\u00f3n Legal y Asistencia Jur\u00eddica de la AEAT, Marcos \u00c1lvarez Suso\u200b \u00a9 Llu\u00eds Pecoust\u00e1n<\/span><\/div><div class=\"spacer\" style=\"height: 20px;\"><\/div>[\/vc_column][\/vc_row][vc_row][vc_column width=\u00bb1\/1&#8243;][vc_column_text]<\/p>\n<div>\n<div>Asimismo, algunas novedades introducidas en el ejercicio anterior contin\u00faan presentes este a\u00f1o y la Administraci\u00f3n sigue actuando en la prevenci\u00f3n y control para detectar actividades ocultas: las actividades empresariales contin\u00faan sin objeto de seguimiento especial, as\u00ed como tambi\u00e9n los reg\u00edmenes de estimaci\u00f3n objetiva.<\/div>\n<p>&nbsp;<\/p>\n<div>El Presidente del Consejo General de Colegios de Economistas, <strong>Valent\u00ed Pich<\/strong>, que ha moderado el debate final de la jornada, ha pedido a la Administraci\u00f3n que explicite los criterios aplicados con la misma rapidez con que han de actuar los contribuyentes. Por su parte, el Presidente de la Comisi\u00f3n de Econom\u00eda y Fiscalidad de Foment del Treball, <strong>Ramon Adell<\/strong>, ha apelado a la importancia de la responsabilidad empresarial en el campo tributario y la buena convivencia que ha de haber entre este colectivo y la Administraci\u00f3n.<\/div>\n<\/div>\n<p>&nbsp;<\/p>\n<h3><strong>Debates Fiscales<\/strong><\/h3>\n<p>&nbsp;<\/p>\n<div>El ciclo de Debates Fiscales de Foment del Treball ayuda no s\u00f3lo a transmitir conocimiento e informaci\u00f3n fiscal, sino tambi\u00e9n a permitir un punto de conexi\u00f3n y de encuentro entre los expertos fiscales del mundo universitario y profesionales con los fiscalistas de las empresas. La proliferaci\u00f3n de normas fiscales que modifiquen de forma peri\u00f3dica el ordenamiento tributario dificulta el acceso del mundo de la empresa en general y de los directivos en particular al conocimiento y comprensi\u00f3n de una materia compleja por ella misma. El ciclo de Debates Fiscales cuenta con el patrocinio de\u00a0<strong>Gas Natural Fenosa<\/strong>.<\/div>\n<p>&nbsp;<\/p>\n<div>El programa de Debates Fiscales pretende favorecer el intercambio y conocimiento de las novedades y principales cuestiones que afectan la fiscalidad y, mediante la \u00a0l\u00ednea espec\u00edfica de\u00a0<strong>Encuentros con la Administraci\u00f3n<\/strong>, un conocimiento entre los expertos fiscalistas y los principales dirigentes de la AEAT. El producto final es un espacio de debate empresarial para poner en com\u00fan informaci\u00f3n de actualidad e inter\u00e9s para las empresas, profesionales y expertos del \u00e1mbito fiscal mediante el formato de jornadas o seminarios. En las 4 sesiones celebradas en 2013, hubo 409 inscritos y 272 asistentes \u2013equivalentes a 68 asistentes por sesi\u00f3n. En total, la media de satisfacci\u00f3n entre los asistentes fue de 4,37 sobre 5. Entre las motivaciones para asistir, destac\u00f3 especialmente la tem\u00e1tica (81%)<\/div>\n<p>[\/vc_column_text][\/vc_column][\/vc_row][vc_row][vc_column width=\u00bb1\/1&#8243;]<div class=\"spacer\" style=\"height: 20px;\"><\/div><a href=\"\/wp-content\/uploads\/2016\/09\/Foment_del_Treball_2014.04.29__Debat_Fiscal_Insepccion_2014_CAST.pdf\" target=\"_blank\" class=\"button color-2 small \" style=\"border-radius: 2px;\">Descarga la noticia en PDF<\/a>[\/vc_column][\/vc_row]<\/p>\n<\/section>","protected":false},"excerpt":{"rendered":"<p>[vc_row][vc_column width=\u00bb1\/1&#8243;][vc_column_text]Conocer de primera mano las directrices generales del Plan Anual de Control Tributario y Aduanero de 2014 ha sido posible con el encuentro organizado por Foment entre empresarios y altos responsables de la Agencia Estatal de la Administraci\u00f3n Tributaria (AEAT). El Director del Departamento de Inspecci\u00f3n Financiera y Tributaria de la AEAT, Luis Mar\u00eda S\u00e1nchez Gonz\u00e1lez; y el Subdirector General de Ordenaci\u00f3n Legal y Asistencia Jur\u00eddica de la AEAT, Marcos \u00c1lvarez Suso, han explicitado a los empresarios reunidos este 29 de abril en Foment las principales l\u00edneas de trabajo que acometer\u00e1 la AEAT este a\u00f1o.[\/vc_column_text][\/vc_column][\/vc_row][vc_row][vc_column width=\u00bb1\/1&#8243;][\/vc_column][\/vc_row][vc_row][vc_column width=\u00bb1\/1&#8243;][vc_column_text] La Direcci\u00f3n General de la Agencia Estatal de Administraci\u00f3n Tributaria public\u00f3 a finales de marzo las directrices generales del Plan Anual de Control Tributario y Aduanero. Seg\u00fan la norma publicada y las explicaciones dadas por los altos responsables en su visita a Foment, las novedades para el a\u00f1o 2014 se centran b\u00e1sicamente en el desarrollo de actuaciones presenciales para el an\u00e1lisis de la facturaci\u00f3n y los medios de pago, con el objetivo de verificar la limitaci\u00f3n de los pagos en efectivo, y la explotaci\u00f3n de la informaci\u00f3n obtenida mediante la presentaci\u00f3n del modelo 720, detectando posibles rentas de estos bienes y asegurando [&hellip;]<\/p>\n","protected":false},"author":24,"featured_media":18595,"comment_status":"closed","ping_status":"closed","sticky":false,"template":"","format":"standard","meta":{"_links_to":"","_links_to_target":""},"categories":[208,69],"tags":[],"acf":[],"wps_subtitle":"\u200bInformaci\u00f3n y debate sobre las directrices generales del Plan Anual de Control Tributario y Aduanero de 2014","_links":{"self":[{"href":"https:\/\/www.foment.com\/es\/wp-json\/wp\/v2\/posts\/17641"}],"collection":[{"href":"https:\/\/www.foment.com\/es\/wp-json\/wp\/v2\/posts"}],"about":[{"href":"https:\/\/www.foment.com\/es\/wp-json\/wp\/v2\/types\/post"}],"author":[{"embeddable":true,"href":"https:\/\/www.foment.com\/es\/wp-json\/wp\/v2\/users\/24"}],"replies":[{"embeddable":true,"href":"https:\/\/www.foment.com\/es\/wp-json\/wp\/v2\/comments?post=17641"}],"version-history":[{"count":0,"href":"https:\/\/www.foment.com\/es\/wp-json\/wp\/v2\/posts\/17641\/revisions"}],"wp:featuredmedia":[{"embeddable":true,"href":"https:\/\/www.foment.com\/es\/wp-json\/wp\/v2\/media\/18595"}],"wp:attachment":[{"href":"https:\/\/www.foment.com\/es\/wp-json\/wp\/v2\/media?parent=17641"}],"wp:term":[{"taxonomy":"category","embeddable":true,"href":"https:\/\/www.foment.com\/es\/wp-json\/wp\/v2\/categories?post=17641"},{"taxonomy":"post_tag","embeddable":true,"href":"https:\/\/www.foment.com\/es\/wp-json\/wp\/v2\/tags?post=17641"}],"curies":[{"name":"wp","href":"https:\/\/api.w.org\/{rel}","templated":true}]}}