{"id":176437,"date":"2024-01-08T14:04:42","date_gmt":"2024-01-08T13:04:42","guid":{"rendered":"https:\/\/www.foment.com\/foment-valora-positivament-creacio-taula-dialeg-barcelona-perque-demostra-ciutat-vol-tornar-a-ser-referent\/"},"modified":"2024-01-08T15:57:15","modified_gmt":"2024-01-08T14:57:15","slug":"foment-valora-positivamente-creacion-mesa-dialogo-barcelona-para-demostrar-ciudad-quiere-volver-a-ser-referente","status":"publish","type":"post","link":"https:\/\/www.foment.com\/es\/foment-valora-positivamente-creacion-mesa-dialogo-barcelona-para-demostrar-ciudad-quiere-volver-a-ser-referente\/","title":{"rendered":"Foment del Treball valora positivamente la creaci\u00f3n de la Mesa de Di\u00e1logo de Barcelona para \u201cdemostrar que la ciudad quiere volver a ser un referente\u201d"},"content":{"rendered":"<section class=\"wpb-content-wrapper\"><p>[vc_row][vc_column][vc_column_text]<\/p>\n<ul>\n<li><strong>Josep S\u00e1nchez Llibre indica que con este tipo de iniciativas \u00abBarcelona vuelve a ser un faro a nivel internacional\u00bb<\/strong><\/li>\n<li><strong>Se trata de un espacio pionero en Barcelona que involucra a los principales sindicatos y organizaciones empresariales en temas de ciudad que van m\u00e1s all\u00e1 del \u00e1mbito estrictamente laboral<\/strong><\/li>\n<\/ul>\n<p>Foment del Treball ha participado hoy de la creaci\u00f3n de la Mesa de Di\u00e1logo Social de Barcelona que es un espacio de di\u00e1logo social entre el Ayuntamiento de la capital catalana, los sindicatos y la patronal.<\/p>\n<p>Con voluntad de di\u00e1logo permanente, <strong>la Mesa abordar\u00e1 de forma conjunta algunos de los retos globales como el progreso econ\u00f3mico sostenible o las pol\u00edticas sociales enfocadas a mejorar la calidad de vida de la ciudadan\u00eda<\/strong>. Algunos de los \u00e1mbitos de actuaci\u00f3n clave de la Mesa ser\u00e1n el impulso a la diversificaci\u00f3n de la econom\u00eda productiva de la ciudad, la lucha contra la precariedad laboral, la generaci\u00f3n y retenci\u00f3n de talento, el impulso al emprendimiento, la digitalizaci\u00f3n , la garant\u00eda del derecho a la vivienda, la movilidad sostenible, la transici\u00f3n energ\u00e9tica o la inclusi\u00f3n social.<\/p>\n<p>El presidente de Foment del Treball, <strong>Josep S\u00e1nchez Llibre<\/strong>, ha felicitado al alcalde Jaume Collboni por la iniciativa y ha valorado muy positivamente que <strong>\u201cesta iniciativa demuestra que la ciudad quiere volver a ser un referente en crecimiento, competitividad y derechos sociales \u201d<\/strong>. Para el dirigente patronal la creaci\u00f3n de la Mesa de Di\u00e1logo Social es un elemento positivo porque <strong>\u00abBarcelona quiere volver a ser un faro para otras ciudades de Europa en varios campos\u00bb<\/strong>.<\/p>\n<p>Se trata de <strong>un espacio pionero en Barcelona que involucra a los principales sindicatos y organizaciones empresariales en temas de ciudad que van m\u00e1s all\u00e1 del \u00e1mbito estrictamente laboral<\/strong>.<\/p>\n<p>La Mesa est\u00e1 presidida por el alcalde, los concejales de Econom\u00eda y de Promoci\u00f3n Econ\u00f3mica y Social, los presidentes de Foment del Treball y Pimec, y los secretarios generales de CCOO y UGT. Tambi\u00e9n se constituye una comisi\u00f3n de seguimiento, que tendr\u00e1 un representante de cada una de las organizaciones implicadas y del consistorio, y que ser\u00e1 la que llevar\u00e1 el d\u00eda a d\u00eda de las materias abordadas. Los miembros de esta comisi\u00f3n y los grupos de trabajo que puedan apoyar redactar\u00e1n, en el plazo de seis meses, el reglamento de funcionamiento de la nueva Mesa y elaborar\u00e1n un mapa de los \u00e1mbitos y espacios de participaci\u00f3n, representaci\u00f3n y di\u00e1logo social de la ciudad y de su interacci\u00f3n con la Mesa.[\/vc_column_text]<div class=\"single_image wpb_content_element align-left    \" data-animation=\"none\" data-delay=\"0\"><img width=\"1600\" height=\"900\" src=\"https:\/\/www.foment.com\/wp-content\/uploads\/2024\/01\/WhatsApp-Image-2024-01-08-at-12.56.56.jpeg\" class=\"attachment-full\" alt=\"Taula de Di\u00e0leg de Barcelona\" loading=\"lazy\" title=\"WhatsApp Image 2024-01-08 at 12.56.56\" srcset=\"https:\/\/www.foment.com\/wp-content\/uploads\/2024\/01\/WhatsApp-Image-2024-01-08-at-12.56.56.jpeg 1600w, https:\/\/www.foment.com\/wp-content\/uploads\/2024\/01\/WhatsApp-Image-2024-01-08-at-12.56.56-300x169.jpeg 300w, https:\/\/www.foment.com\/wp-content\/uploads\/2024\/01\/WhatsApp-Image-2024-01-08-at-12.56.56-1024x576.jpeg 1024w, https:\/\/www.foment.com\/wp-content\/uploads\/2024\/01\/WhatsApp-Image-2024-01-08-at-12.56.56-768x432.jpeg 768w, https:\/\/www.foment.com\/wp-content\/uploads\/2024\/01\/WhatsApp-Image-2024-01-08-at-12.56.56-1536x864.jpeg 1536w, https:\/\/www.foment.com\/wp-content\/uploads\/2024\/01\/WhatsApp-Image-2024-01-08-at-12.56.56-1000x563.jpeg 1000w\" sizes=\"(max-width: 1600px) 100vw, 1600px\" \/><\/div>[\/vc_column][\/vc_row]<\/p>\n<\/section>","protected":false},"excerpt":{"rendered":"<p>[vc_row][vc_column][vc_column_text] Josep S\u00e1nchez Llibre indica que con este tipo de iniciativas \u00abBarcelona vuelve a ser un faro a nivel internacional\u00bb Se trata de un espacio pionero en Barcelona que involucra a los principales sindicatos y organizaciones empresariales en temas de ciudad que van m\u00e1s all\u00e1 del \u00e1mbito estrictamente laboral Foment del Treball ha participado hoy de la creaci\u00f3n de la Mesa de Di\u00e1logo Social de Barcelona que es un espacio de di\u00e1logo social entre el Ayuntamiento de la capital catalana, los sindicatos y la patronal. Con voluntad de di\u00e1logo permanente, la Mesa abordar\u00e1 de forma conjunta algunos de los retos globales como el progreso econ\u00f3mico sostenible o las pol\u00edticas sociales enfocadas a mejorar la calidad de vida de la ciudadan\u00eda. Algunos de los \u00e1mbitos de actuaci\u00f3n clave de la Mesa ser\u00e1n el impulso a la diversificaci\u00f3n de la econom\u00eda productiva de la ciudad, la lucha contra la precariedad laboral, la generaci\u00f3n y retenci\u00f3n de talento, el impulso al emprendimiento, la digitalizaci\u00f3n , la garant\u00eda del derecho a la vivienda, la movilidad sostenible, la transici\u00f3n energ\u00e9tica o la inclusi\u00f3n social. El presidente de Foment del Treball, Josep S\u00e1nchez Llibre, ha felicitado al alcalde Jaume Collboni por la iniciativa y ha valorado [&hellip;]<\/p>\n","protected":false},"author":10,"featured_media":176432,"comment_status":"closed","ping_status":"closed","sticky":false,"template":"","format":"standard","meta":{"_links_to":"","_links_to_target":""},"categories":[114,73],"tags":[1846,1484,8192,8191],"acf":[],"wps_subtitle":"","_links":{"self":[{"href":"https:\/\/www.foment.com\/es\/wp-json\/wp\/v2\/posts\/176437"}],"collection":[{"href":"https:\/\/www.foment.com\/es\/wp-json\/wp\/v2\/posts"}],"about":[{"href":"https:\/\/www.foment.com\/es\/wp-json\/wp\/v2\/types\/post"}],"author":[{"embeddable":true,"href":"https:\/\/www.foment.com\/es\/wp-json\/wp\/v2\/users\/10"}],"replies":[{"embeddable":true,"href":"https:\/\/www.foment.com\/es\/wp-json\/wp\/v2\/comments?post=176437"}],"version-history":[{"count":5,"href":"https:\/\/www.foment.com\/es\/wp-json\/wp\/v2\/posts\/176437\/revisions"}],"predecessor-version":[{"id":176453,"href":"https:\/\/www.foment.com\/es\/wp-json\/wp\/v2\/posts\/176437\/revisions\/176453"}],"wp:featuredmedia":[{"embeddable":true,"href":"https:\/\/www.foment.com\/es\/wp-json\/wp\/v2\/media\/176432"}],"wp:attachment":[{"href":"https:\/\/www.foment.com\/es\/wp-json\/wp\/v2\/media?parent=176437"}],"wp:term":[{"taxonomy":"category","embeddable":true,"href":"https:\/\/www.foment.com\/es\/wp-json\/wp\/v2\/categories?post=176437"},{"taxonomy":"post_tag","embeddable":true,"href":"https:\/\/www.foment.com\/es\/wp-json\/wp\/v2\/tags?post=176437"}],"curies":[{"name":"wp","href":"https:\/\/api.w.org\/{rel}","templated":true}]}}