{"id":176459,"date":"2024-01-08T16:03:25","date_gmt":"2024-01-08T15:03:25","guid":{"rendered":"https:\/\/www.foment.com\/foment-es-posiciona-en-contra-proposta-ministeri-de-sanitat-per-autobaixes\/"},"modified":"2024-01-08T16:22:15","modified_gmt":"2024-01-08T15:22:15","slug":"foment-se-posiciona-en-contra-propuesta-ministerio-de-sanidad-para-autobajas","status":"publish","type":"post","link":"https:\/\/www.foment.com\/es\/foment-se-posiciona-en-contra-propuesta-ministerio-de-sanidad-para-autobajas\/","title":{"rendered":"Foment del Treball se posiciona en contra de la propuesta del Ministerio de Sanidad por las \u201cautobajas\u201d"},"content":{"rendered":"<ul>\n<li><strong>La patronal catalana lamenta la iniciativa del Gobierno por la que los trabajadores se puedan conceder una baja sin tener que acudir a un centro de atenci\u00f3n primaria<\/strong><\/li>\n<li><strong>La falta de cobertura jur\u00eddica y la falta de garant\u00edas para los trabajadores son dos de los principales problemas de la medida<\/strong><\/li>\n<\/ul>\n<p>Ante las informaciones p\u00fablicas de la ministra de Sanidad manifestando que ha propuesto al Consejo Interterritorial del Sistema Nacional de Salud que los empleados puedan realizar una \u201cautobaja\u201d de tres d\u00edas, sin tener que acudir a un centro de atenci\u00f3n primaria, por parte de Foment manifestamos las siguientes consideraciones:<\/p>\n<ol>\n<li>La concesi\u00f3n de bajas sin un chequeo m\u00e9dico de la persona afectada no tiene ning\u00fan tipo de cobertura jur\u00eddica y supone una falta de garant\u00edas para las personas trabajadoras que no reciben la atenci\u00f3n m\u00e9dica necesaria, y para las empresas, que deber\u00edan asumir determinados supuestos fraudulentos.<\/li>\n<li>El absentismo laboral emerge como uno de los principales problemas en la gesti\u00f3n de las relaciones laborales dentro de nuestras empresas, que implica elevados costes, p\u00e9rdida de productividad y competencia. Este fen\u00f3meno se sit\u00faa como un reto actual y de gran preocupaci\u00f3n para las empresas, ya que actualmente sufrimos unos elevados \u00edndices de absentismo y en constante crecimiento en los \u00faltimos a\u00f1os. La participaci\u00f3n activa de las mutuas, entre otras medidas, es considerada esencial para abordar de forma integral esta problem\u00e1tica.<\/li>\n<li>Asimismo, reclamamos al Gobierno central y a la Generalitat de Catalu\u00f1a la activaci\u00f3n permanente de los espacios de di\u00e1logo y concertaci\u00f3n social para consensuar las medidas a adoptar en el futuro inmediato en un \u00e1mbito tan sensible para las empresas.<\/li>\n<\/ol>\n","protected":false},"excerpt":{"rendered":"<p>La patronal catalana lamenta la iniciativa del Gobierno por la que los trabajadores se puedan conceder una baja sin tener que acudir a un centro de atenci\u00f3n primaria La falta de cobertura jur\u00eddica y la falta de garant\u00edas para los trabajadores son dos de los principales problemas de la medida Ante las informaciones p\u00fablicas de la ministra de Sanidad manifestando que ha propuesto al Consejo Interterritorial del Sistema Nacional de Salud que los empleados puedan realizar una \u201cautobaja\u201d de tres d\u00edas, sin tener que acudir a un centro de atenci\u00f3n primaria, por parte de Foment manifestamos las siguientes consideraciones: La concesi\u00f3n de bajas sin un chequeo m\u00e9dico de la persona afectada no tiene ning\u00fan tipo de cobertura jur\u00eddica y supone una falta de garant\u00edas para las personas trabajadoras que no reciben la atenci\u00f3n m\u00e9dica necesaria, y para las empresas, que deber\u00edan asumir determinados supuestos fraudulentos. El absentismo laboral emerge como uno de los principales problemas en la gesti\u00f3n de las relaciones laborales dentro de nuestras empresas, que implica elevados costes, p\u00e9rdida de productividad y competencia. Este fen\u00f3meno se sit\u00faa como un reto actual y de gran preocupaci\u00f3n para las empresas, ya que actualmente sufrimos unos elevados \u00edndices de absentismo y [&hellip;]<\/p>\n","protected":false},"author":10,"featured_media":176457,"comment_status":"closed","ping_status":"closed","sticky":false,"template":"","format":"standard","meta":{"_links_to":"","_links_to_target":""},"categories":[114,73],"tags":[4633,4648,8195,8196],"acf":[],"wps_subtitle":"","_links":{"self":[{"href":"https:\/\/www.foment.com\/es\/wp-json\/wp\/v2\/posts\/176459"}],"collection":[{"href":"https:\/\/www.foment.com\/es\/wp-json\/wp\/v2\/posts"}],"about":[{"href":"https:\/\/www.foment.com\/es\/wp-json\/wp\/v2\/types\/post"}],"author":[{"embeddable":true,"href":"https:\/\/www.foment.com\/es\/wp-json\/wp\/v2\/users\/10"}],"replies":[{"embeddable":true,"href":"https:\/\/www.foment.com\/es\/wp-json\/wp\/v2\/comments?post=176459"}],"version-history":[{"count":4,"href":"https:\/\/www.foment.com\/es\/wp-json\/wp\/v2\/posts\/176459\/revisions"}],"predecessor-version":[{"id":176465,"href":"https:\/\/www.foment.com\/es\/wp-json\/wp\/v2\/posts\/176459\/revisions\/176465"}],"wp:featuredmedia":[{"embeddable":true,"href":"https:\/\/www.foment.com\/es\/wp-json\/wp\/v2\/media\/176457"}],"wp:attachment":[{"href":"https:\/\/www.foment.com\/es\/wp-json\/wp\/v2\/media?parent=176459"}],"wp:term":[{"taxonomy":"category","embeddable":true,"href":"https:\/\/www.foment.com\/es\/wp-json\/wp\/v2\/categories?post=176459"},{"taxonomy":"post_tag","embeddable":true,"href":"https:\/\/www.foment.com\/es\/wp-json\/wp\/v2\/tags?post=176459"}],"curies":[{"name":"wp","href":"https:\/\/api.w.org\/{rel}","templated":true}]}}