{"id":176505,"date":"2024-01-09T13:33:40","date_gmt":"2024-01-09T12:33:40","guid":{"rendered":"https:\/\/www.foment.com\/?p=176505"},"modified":"2024-01-09T13:33:40","modified_gmt":"2024-01-09T12:33:40","slug":"foment-del-treball-rechaza-que-el-retorno-de-las-empresas-deba-basarse-en-sanciones-o-incentivos-a-las-companias","status":"publish","type":"post","link":"https:\/\/www.foment.com\/es\/foment-del-treball-rechaza-que-el-retorno-de-las-empresas-deba-basarse-en-sanciones-o-incentivos-a-las-companias\/","title":{"rendered":"Foment del Treball rechaza que el retorno de las empresas deba basarse en sanciones o incentivos a las compa\u00f1\u00edas"},"content":{"rendered":"<ul>\n<li><strong>La patronal catalana se\u00f1ala que la normalidad institucional y la creaci\u00f3n de un clima econ\u00f3mico favorable son el contexto necesario<\/strong><\/li>\n<\/ul>\n<p>Ante las informaciones de que el partido Junts per Catalunya pide que las empresas que se marcharon en el a\u00f1o 2017 \u201cpuedan ser sancionadas\u201d, Foment del Treball quiere mostrar su rechazo a este tipo de propuestas. No es una pol\u00edtica econ\u00f3mica aceptable. Como ya ha dicho varias veces el presidente Josep S\u00e1nchez Llibre, Foment rechaza que el regreso de las empresas deba basarse en sanciones o incentivos a las compa\u00f1\u00edas. Es m\u00e1s, la patronal catalana tambi\u00e9n se muestra contraria a las propuestas de Junts per Catalunya referentes a que las empresas que vuelvan o aquellas que mantuvieron su sede en Catalunya se puedan beneficiar de \u201cincentivos fiscales\u201d.<\/p>\n<p>Foment del Treball mantiene la tesis de que la normalidad institucional y la creaci\u00f3n de un clima econ\u00f3mico favorable son el contexto necesario para favorecer el retorno de aquellas empresas que se marcharon si es que lo consideran necesario.<\/p>\n","protected":false},"excerpt":{"rendered":"<p>La patronal catalana se\u00f1ala que la normalidad institucional y la creaci\u00f3n de un clima econ\u00f3mico favorable son el contexto necesario Ante las informaciones de que el partido Junts per Catalunya pide que las empresas que se marcharon en el a\u00f1o 2017 \u201cpuedan ser sancionadas\u201d, Foment del Treball quiere mostrar su rechazo a este tipo de propuestas. No es una pol\u00edtica econ\u00f3mica aceptable. Como ya ha dicho varias veces el presidente Josep S\u00e1nchez Llibre, Foment rechaza que el regreso de las empresas deba basarse en sanciones o incentivos a las compa\u00f1\u00edas. Es m\u00e1s, la patronal catalana tambi\u00e9n se muestra contraria a las propuestas de Junts per Catalunya referentes a que las empresas que vuelvan o aquellas que mantuvieron su sede en Catalunya se puedan beneficiar de \u201cincentivos fiscales\u201d. Foment del Treball mantiene la tesis de que la normalidad institucional y la creaci\u00f3n de un clima econ\u00f3mico favorable son el contexto necesario para favorecer el retorno de aquellas empresas que se marcharon si es que lo consideran necesario.<\/p>\n","protected":false},"author":281,"featured_media":176502,"comment_status":"closed","ping_status":"closed","sticky":false,"template":"","format":"standard","meta":{"_links_to":"","_links_to_target":""},"categories":[114,5714],"tags":[2728],"acf":[],"wps_subtitle":"","_links":{"self":[{"href":"https:\/\/www.foment.com\/es\/wp-json\/wp\/v2\/posts\/176505"}],"collection":[{"href":"https:\/\/www.foment.com\/es\/wp-json\/wp\/v2\/posts"}],"about":[{"href":"https:\/\/www.foment.com\/es\/wp-json\/wp\/v2\/types\/post"}],"author":[{"embeddable":true,"href":"https:\/\/www.foment.com\/es\/wp-json\/wp\/v2\/users\/281"}],"replies":[{"embeddable":true,"href":"https:\/\/www.foment.com\/es\/wp-json\/wp\/v2\/comments?post=176505"}],"version-history":[{"count":1,"href":"https:\/\/www.foment.com\/es\/wp-json\/wp\/v2\/posts\/176505\/revisions"}],"predecessor-version":[{"id":176506,"href":"https:\/\/www.foment.com\/es\/wp-json\/wp\/v2\/posts\/176505\/revisions\/176506"}],"wp:featuredmedia":[{"embeddable":true,"href":"https:\/\/www.foment.com\/es\/wp-json\/wp\/v2\/media\/176502"}],"wp:attachment":[{"href":"https:\/\/www.foment.com\/es\/wp-json\/wp\/v2\/media?parent=176505"}],"wp:term":[{"taxonomy":"category","embeddable":true,"href":"https:\/\/www.foment.com\/es\/wp-json\/wp\/v2\/categories?post=176505"},{"taxonomy":"post_tag","embeddable":true,"href":"https:\/\/www.foment.com\/es\/wp-json\/wp\/v2\/tags?post=176505"}],"curies":[{"name":"wp","href":"https:\/\/api.w.org\/{rel}","templated":true}]}}