{"id":17666,"date":"2014-04-29T09:00:17","date_gmt":"2014-04-29T07:00:17","guid":{"rendered":"http:\/\/foment.itartech.com\/?p=17666"},"modified":"2016-09-05T17:37:08","modified_gmt":"2016-09-05T15:37:08","slug":"reunion-fidem-analizar-la-actualidad-economica-del-pais-desde-punto-vista-las-mujeres-empresarias%e2%80%8b","status":"publish","type":"post","link":"https:\/\/www.foment.com\/es\/reunion-fidem-analizar-la-actualidad-economica-del-pais-desde-punto-vista-las-mujeres-empresarias%e2%80%8b\/","title":{"rendered":"Reuni\u00f3n con Fidem para analizar la actualidad econ\u00f3mica del pa\u00eds desde el punto de vista de las mujeres empresarias\u200b"},"content":{"rendered":"<section class=\"wpb-content-wrapper\"><p>[vc_row][vc_column width=\u00bb1\/1&#8243;][vc_column_text]El presidente de Foment\u00a0del Treball, Joaquim Gay de Montell\u00e0, ha mantenido una reuni\u00f3n con representantes de la Fundaci\u00f3n Internacional de la Mujer Emprendedora (Fidem), encabezadas por su presidenta, M\u00aa \u00c1ngeles Tejada, para anlitzar la actualidad econ\u00f3mica y empresarial del pa\u00eds y estrechar los lazos de colaboraci\u00f3n entre ambas entidades.[\/vc_column_text][\/vc_column][\/vc_row][vc_row][vc_column width=\u00bb1\/1&#8243;]<div class=\"spacer\" style=\"height: 20px;\"><\/div><div class=\"single_image wpb_content_element align-center    \" data-animation=\"none\" data-delay=\"0\"><img width=\"600\" height=\"295\" src=\"https:\/\/www.foment.com\/wp-content\/uploads\/2014\/04\/Foment_del_Treball_Fidem_2.png\" class=\"attachment-full\" alt=\"\" loading=\"lazy\" title=\"\u00a9 Foment del Treball\" srcset=\"https:\/\/www.foment.com\/wp-content\/uploads\/2014\/04\/Foment_del_Treball_Fidem_2.png 600w, https:\/\/www.foment.com\/wp-content\/uploads\/2014\/04\/Foment_del_Treball_Fidem_2-300x148.png 300w\" sizes=\"(max-width: 600px) 100vw, 600px\" \/><span class=\"single_image_caption\">\u00a9 Foment del Treball<\/span><\/div><div class=\"spacer\" style=\"height: 20px;\"><\/div>[\/vc_column][\/vc_row][vc_row][vc_column width=\u00bb1\/1&#8243;][vc_column_text]Fidem, Fundaci\u00f3n Internacional de la Mujer Emprendedora, es una entidad sin \u00e1nimo de lucro formada por mujeres empresarias de diferentes \u00e1mbitos que, conocedoras de las dificultades que hoy en d\u00eda encuentran las mujeres emprendedoras para compaginar familia y empresa, quieren lograr por ellas apoyo y financiaci\u00f3n para poder ser competitivas en un mercado cada vez m\u00e1s dif\u00edcil. Fidem trabaja para ayudar en sus proyectos de empresa a todas aquellas mujeres que a pesar de su iniciativa y esfuerzo, se encuentran limitadas a la hora de llevar a cabo sus objetivos. La Fundaci\u00f3n promociona mujeres emprendedoras y asociaciones de empresarias con el \u00e1nimo de unir esfuerzos y crear una red internacional de mujeres europeas. Hoy, Fidem ha conseguido ser un verdadero<em> lobby <\/em>de mujeres empresarias que no s\u00f3lo quieren entrar en los \u00f3rganos de poder econ\u00f3mico, sino que tambi\u00e9n lucha decididamente para abrir puertas a otras y para ayudar y apoyar a todas aquellas mujeres que comienzan una empresa.[\/vc_column_text][\/vc_column][\/vc_row]<\/p>\n<\/section>","protected":false},"excerpt":{"rendered":"<p>[vc_row][vc_column width=\u00bb1\/1&#8243;][vc_column_text]El presidente de Foment\u00a0del Treball, Joaquim Gay de Montell\u00e0, ha mantenido una reuni\u00f3n con representantes de la Fundaci\u00f3n Internacional de la Mujer Emprendedora (Fidem), encabezadas por su presidenta, M\u00aa \u00c1ngeles Tejada, para anlitzar la actualidad econ\u00f3mica y empresarial del pa\u00eds y estrechar los lazos de colaboraci\u00f3n entre ambas entidades.[\/vc_column_text][\/vc_column][\/vc_row][vc_row][vc_column width=\u00bb1\/1&#8243;][\/vc_column][\/vc_row][vc_row][vc_column width=\u00bb1\/1&#8243;][vc_column_text]Fidem, Fundaci\u00f3n Internacional de la Mujer Emprendedora, es una entidad sin \u00e1nimo de lucro formada por mujeres empresarias de diferentes \u00e1mbitos que, conocedoras de las dificultades que hoy en d\u00eda encuentran las mujeres emprendedoras para compaginar familia y empresa, quieren lograr por ellas apoyo y financiaci\u00f3n para poder ser competitivas en un mercado cada vez m\u00e1s dif\u00edcil. Fidem trabaja para ayudar en sus proyectos de empresa a todas aquellas mujeres que a pesar de su iniciativa y esfuerzo, se encuentran limitadas a la hora de llevar a cabo sus objetivos. La Fundaci\u00f3n promociona mujeres emprendedoras y asociaciones de empresarias con el \u00e1nimo de unir esfuerzos y crear una red internacional de mujeres europeas. Hoy, Fidem ha conseguido ser un verdadero lobby de mujeres empresarias que no s\u00f3lo quieren entrar en los \u00f3rganos de poder econ\u00f3mico, sino que tambi\u00e9n lucha decididamente para abrir puertas a otras y para ayudar y [&hellip;]<\/p>\n","protected":false},"author":24,"featured_media":18606,"comment_status":"closed","ping_status":"closed","sticky":false,"template":"","format":"standard","meta":{"_links_to":"","_links_to_target":""},"categories":[69],"tags":[],"acf":[],"wps_subtitle":"","_links":{"self":[{"href":"https:\/\/www.foment.com\/es\/wp-json\/wp\/v2\/posts\/17666"}],"collection":[{"href":"https:\/\/www.foment.com\/es\/wp-json\/wp\/v2\/posts"}],"about":[{"href":"https:\/\/www.foment.com\/es\/wp-json\/wp\/v2\/types\/post"}],"author":[{"embeddable":true,"href":"https:\/\/www.foment.com\/es\/wp-json\/wp\/v2\/users\/24"}],"replies":[{"embeddable":true,"href":"https:\/\/www.foment.com\/es\/wp-json\/wp\/v2\/comments?post=17666"}],"version-history":[{"count":0,"href":"https:\/\/www.foment.com\/es\/wp-json\/wp\/v2\/posts\/17666\/revisions"}],"wp:featuredmedia":[{"embeddable":true,"href":"https:\/\/www.foment.com\/es\/wp-json\/wp\/v2\/media\/18606"}],"wp:attachment":[{"href":"https:\/\/www.foment.com\/es\/wp-json\/wp\/v2\/media?parent=17666"}],"wp:term":[{"taxonomy":"category","embeddable":true,"href":"https:\/\/www.foment.com\/es\/wp-json\/wp\/v2\/categories?post=17666"},{"taxonomy":"post_tag","embeddable":true,"href":"https:\/\/www.foment.com\/es\/wp-json\/wp\/v2\/tags?post=17666"}],"curies":[{"name":"wp","href":"https:\/\/api.w.org\/{rel}","templated":true}]}}