{"id":17677,"date":"2015-09-16T09:00:56","date_gmt":"2015-09-16T07:00:56","guid":{"rendered":"http:\/\/foment.itartech.com\/?p=17677"},"modified":"2017-05-24T13:45:47","modified_gmt":"2017-05-24T11:45:47","slug":"grupo-celsa-refuerza-compromiso-la-formacion-profesional-dual-apoyo-foment","status":"publish","type":"post","link":"https:\/\/www.foment.com\/es\/grupo-celsa-refuerza-compromiso-la-formacion-profesional-dual-apoyo-foment\/","title":{"rendered":"Grupo Celsa refuerza su compromiso con la Formaci\u00f3n Profesional Dual con el apoyo de Foment"},"content":{"rendered":"<section class=\"wpb-content-wrapper\"><p>[vc_row][vc_column width=\u00bb1\/1&#8243;][vc_column_text]Grupo Celsa ha reforzado su apuesta por la Formaci\u00f3n Profesional con la presentaci\u00f3n esta ma\u00f1ana en Barcelona de su programa de FP Dual ante m\u00e1s de 50 personas. Despu\u00e9s de los buenos resultados obtenidos con la implantaci\u00f3n de este sistema en la planta de Cantabria (Global Steel Wire) y del Reino Unido (Celsa Steel UK), donde ya han pasado casi 20 alumnos desde el 2011, recientemente se ha implementado en la sede de Polonia, donde han empezado a colaborar 48 alumnos, y, ahora, en Barcelona. El acto, que ha contado con la presencia del Conseller d&#8217;Empresa i Ocupaci\u00f3, Felip Puig, ha servido tambi\u00e9n para anunciar la adhesi\u00f3n de Celsa a la Alianza, una red de empresas e instituciones comprometidas con la Formaci\u00f3n Profesional Dual en Espa\u00f1a, impulsada por la Fundaci\u00f3n Bertelsmann, conjuntamente con la Fundaci\u00f3n Princesa de Girona, la CEOE-CEPYME y la C\u00e1mara de Comercio de Espa\u00f1a.<\/p>\n<p>La presentaci\u00f3n ha empezado con un debate en el que se han valorado los beneficios de este sistema educativo. S\u00f2nia Mora, del departamento de Ensenyament de la Generalitat de Catalunya, ha descrito la FP Dual como la alternancia de los alumnos entre \u201cla formaci\u00f3n en un centro y su actividad en una empresa\u201d. Tambi\u00e9n ha explicado que el principal objetivo de este sistema es que el alumno tenga una mejor formaci\u00f3n y facilitar su integraci\u00f3n laboral. Por su parte, Guillem Salvans, Project Manager de la Fundaci\u00f3n Bertelsmann, ha asegurado que lo primero que se necesita para garantizar el \u00e9xito de la FP Dual es un cambio de mentalidad de las empresas formadoras en relaci\u00f3n al coste-beneficio de la colaboraci\u00f3n de los alumnos. Es b\u00e1sica una \u201crelaci\u00f3n privilegiada entre un centro educativo y una empresa\u201d para garantizar \u201cque se cumpla el plan de aprendizaje\u201d. Por su parte, Carles Turon, director acad\u00e9mico de Planeta De Agostini Formaci\u00f3n, ha remarcado su papel formativo con el que a\u00fanan \u201cel mundo de la empresa con el mundo de la formaci\u00f3n, lo que nos permite tener muy claras las necesidades de las empresas actuales\u201d.[\/vc_column_text][vc_column_text]Iris Molina, responsable del Departamento de Conocimiento y FP, de Foment del Treball Nacional, ha destacado como principal valor para las empresas que apuestan por la FP Dual la capacidad de este modelo educativo\u00a0 para \u201cpoder adaptar la formaci\u00f3n que reciben los aprendices a sus necesidades y a las del sistema productivo. Hay cierto desajuste entre la velocidad a la que avanza el mercado laboral y la del sistema educativo, y esta es o debe ser una v\u00eda m\u00e1s r\u00e1pida de adaptaci\u00f3n de los curr\u00edculos a lo que demanda el mercado laboral en cada momento\u201d.<\/p>\n<p>Tras el debate, Francesc Rubiralta, presidente del Grupo Celsa, ha dado la bienvenida a los dos estudiantes que el pasado 1 de septiembre se incorporaron a la compa\u00f1\u00eda para complementar su formaci\u00f3n. Rubiralta ha remarcado que \u00abapostamos por los j\u00f3venes porque confiamos en que su visi\u00f3n y su trabajo nos puedan ayudar\u00bb. Tambi\u00e9n ha asegurado que esta colaboraci\u00f3n \u00abpermite crear cantera en la empresa para que en un futuro los dirigentes conozcan bien nuestra filosof\u00eda\u00bb. Ha entregado a los dos j\u00f3venes un tr\u00edptico de presentaci\u00f3n de la empresa, con sus valores, y ha remarcado la importancia de la humildad, la honestidad, la perseverancia, la pasi\u00f3n y la importancia del trabajo en equipo.<\/p>\n<p>Antes de finalizar el acto, Javier Ech\u00e1varri, director general de Celsa Barcelona, ha dado paso a los dos estudiantes de la Escola Xaloc, el primer centro educativo que se ha unido a la FP Dual, al que pronto se le unir\u00e1 la Escola Salesians de Sarri\u00e0. Est\u00e1 previsto que en abril del 2016 Celsa Barcelona cuente con la colaboraci\u00f3n de alumnos de este centro.<\/p>\n<p>La presentaci\u00f3n la ha cerrado Felip Puig, que ha destacado que \u201cCelsa es una empresa que nos ayuda a mantener un proyecto industrial de primer nivel\u201d. Sobre la FP, el Conseller tambi\u00e9n ha se\u00f1alado que los referentes son muy positivos y ha definido a los dos alumnos como \u201cun exponente por la apuesta por reformar el sistema de educaci\u00f3n y su adaptaci\u00f3n a la realidad y las necesidades del d\u00eda a d\u00eda\u201d.[\/vc_column_text][\/vc_column][\/vc_row]<\/p>\n<\/section>","protected":false},"excerpt":{"rendered":"<p>[vc_row][vc_column width=\u00bb1\/1&#8243;][vc_column_text]Grupo Celsa ha reforzado su apuesta por la Formaci\u00f3n Profesional con la presentaci\u00f3n esta ma\u00f1ana en Barcelona de su programa de FP Dual ante m\u00e1s de 50 personas. Despu\u00e9s de los buenos resultados obtenidos con la implantaci\u00f3n de este sistema en la planta de Cantabria (Global Steel Wire) y del Reino Unido (Celsa Steel UK), donde ya han pasado casi 20 alumnos desde el 2011, recientemente se ha implementado en la sede de Polonia, donde han empezado a colaborar 48 alumnos, y, ahora, en Barcelona. El acto, que ha contado con la presencia del Conseller d&#8217;Empresa i Ocupaci\u00f3, Felip Puig, ha servido tambi\u00e9n para anunciar la adhesi\u00f3n de Celsa a la Alianza, una red de empresas e instituciones comprometidas con la Formaci\u00f3n Profesional Dual en Espa\u00f1a, impulsada por la Fundaci\u00f3n Bertelsmann, conjuntamente con la Fundaci\u00f3n Princesa de Girona, la CEOE-CEPYME y la C\u00e1mara de Comercio de Espa\u00f1a. La presentaci\u00f3n ha empezado con un debate en el que se han valorado los beneficios de este sistema educativo. S\u00f2nia Mora, del departamento de Ensenyament de la Generalitat de Catalunya, ha descrito la FP Dual como la alternancia de los alumnos entre \u201cla formaci\u00f3n en un centro y su actividad en una [&hellip;]<\/p>\n","protected":false},"author":24,"featured_media":17682,"comment_status":"closed","ping_status":"closed","sticky":false,"template":"","format":"standard","meta":{"_links_to":"","_links_to_target":""},"categories":[113,556],"tags":[580,557],"acf":[],"wps_subtitle":"Despu\u00e9s de la implementaci\u00f3n de este modelo educativo en su planta de Cantabria desde el 2011, en UK y la reciente implantaci\u00f3n en Polonia, la unidad de negocio de Celsa Barcelona tambi\u00e9n formaliza su apuesta por la Formaci\u00f3n Profesional Dual. Adem\u00e1s, la compa\u00f1\u00eda se ha adherido a la Alianza, una red de empresas e instituciones comprometidas con la FP Dual en Espa\u00f1a.","_links":{"self":[{"href":"https:\/\/www.foment.com\/es\/wp-json\/wp\/v2\/posts\/17677"}],"collection":[{"href":"https:\/\/www.foment.com\/es\/wp-json\/wp\/v2\/posts"}],"about":[{"href":"https:\/\/www.foment.com\/es\/wp-json\/wp\/v2\/types\/post"}],"author":[{"embeddable":true,"href":"https:\/\/www.foment.com\/es\/wp-json\/wp\/v2\/users\/24"}],"replies":[{"embeddable":true,"href":"https:\/\/www.foment.com\/es\/wp-json\/wp\/v2\/comments?post=17677"}],"version-history":[{"count":0,"href":"https:\/\/www.foment.com\/es\/wp-json\/wp\/v2\/posts\/17677\/revisions"}],"wp:featuredmedia":[{"embeddable":true,"href":"https:\/\/www.foment.com\/es\/wp-json\/wp\/v2\/media\/17682"}],"wp:attachment":[{"href":"https:\/\/www.foment.com\/es\/wp-json\/wp\/v2\/media?parent=17677"}],"wp:term":[{"taxonomy":"category","embeddable":true,"href":"https:\/\/www.foment.com\/es\/wp-json\/wp\/v2\/categories?post=17677"},{"taxonomy":"post_tag","embeddable":true,"href":"https:\/\/www.foment.com\/es\/wp-json\/wp\/v2\/tags?post=17677"}],"curies":[{"name":"wp","href":"https:\/\/api.w.org\/{rel}","templated":true}]}}