{"id":177070,"date":"2024-01-23T16:59:02","date_gmt":"2024-01-23T15:59:02","guid":{"rendered":"https:\/\/www.foment.com\/?p=177070"},"modified":"2024-01-23T17:22:53","modified_gmt":"2024-01-23T16:22:53","slug":"foment-reclama-alcanzar-un-mayor-peso-del-sector-industrial-en-la-economia-catalana-de-un-25-para-2030","status":"publish","type":"post","link":"https:\/\/www.foment.com\/es\/foment-reclama-alcanzar-un-mayor-peso-del-sector-industrial-en-la-economia-catalana-de-un-25-para-2030\/","title":{"rendered":"Foment reclama alcanzar un mayor peso del sector industrial en la econom\u00eda catalana de un 25% para 2030"},"content":{"rendered":"<section class=\"wpb-content-wrapper\"><p>[vc_row][vc_column][vc_column_text]<\/p>\n<ul>\n<li><strong>El 7\u00ba Industrial Meeting de Foment pone de manifiesto la necesidad de una transici\u00f3n energ\u00e9tica justa con la competitividad empresarial para alcanzar el \u00e9xito industrial<\/strong><\/li>\n<li><strong>El 2024 es clave para acelerar el Pacto Nacional por la Industria<\/strong><\/li>\n<li><strong>Se remarca la relevancia de la industria agroalimentaria para la poblaci\u00f3n rural y la cohesi\u00f3n territorial<\/strong><\/li>\n<li><strong>Es necesario desplegar en nuestro pa\u00eds el instrumento de capturar y almacenamiento de CO2<\/strong><\/li>\n<\/ul>\n<p>Foment del Treball ha celebrado el 7\u00ba Industrial Meeting, el encuentro anual de la industria catalana donde, como cada a\u00f1o, se han abordado sus principales retos. El presidente de la patronal, <strong>Josep S\u00e1nchez Llibre<\/strong>, ha insistido en que \u201c<strong>la transici\u00f3n energ\u00e9tica debe ir de la mano de las empresas para alcanzar el \u00e9xito industrial del pa\u00eds<\/strong>. La descarbonizaci\u00f3n debe adecuarse al momento actual de las empresas\u201d, ha afirmado S\u00e1nchez Llibre. El l\u00edder patronal ha reclamado que \u00abhay que lograr un mayor peso del sector industrial en la econom\u00eda catalana, de un 25% para 2030\u00bb.<\/p>\n<p>En este sentido, el presidente de la Comisi\u00f3n de Industria de Foment, <strong>Ignasi Ca\u00f1agueral<\/strong>, ha defendido que la transici\u00f3n que marcar\u00e1 el futuro requiere del binomio p\u00fablico-privado: \u201c<strong>Las empresas har\u00e1n lo posible por adaptarse al cambio, pero deben contar con la Administraci\u00f3n y, adem\u00e1s, con la sociedad. Debemos asegurar que queremos la industria descarbonizada y circular en Catalu\u00f1a<\/strong>. La sociedad debe apostar por ella, entender el mensaje, hacer pedagog\u00eda\u201d.<\/p>\n<p>Por su parte, el secretario de Empresa y Competitividad de la Generalidad de Catalu\u00f1a, <strong>Albert Castellanos<\/strong>, ha hecho un breve <strong>repaso a la ejecuci\u00f3n del Pacto Nacional por la Industria, y ha asegurado que \u201cen 2024 ser\u00e1 un ejercicio clave para acelerar su plena implementaci\u00f3n<\/strong>\u201d.<\/p>\n<p>A continuaci\u00f3n se ha iniciado un <strong>an\u00e1lisis riguroso sobre las cuestiones estrat\u00e9gicas m\u00e1s relevantes del \u00e1mbito industrial, a trav\u00e9s de las tres mesas redondas con expertos y actores relevantes del sector<\/strong>.<\/p>\n<p>El director general del Instituto Cerd\u00e0, <strong>Carles Cabrera y Massan\u00e9s<\/strong>, ha conducido la primera mesa sobre an\u00e1lisis de riesgos y su creciente relevancia ante una mayor incertidumbre, con las intervenciones de la Risk Chief Officer de Seat, <strong>Sara de las Heras<\/strong>, y el director de Servicios Generales de Aguas de Barcelona, <strong>Enrique Garc\u00eda Maestre<\/strong>. Los tres han incidido en que el <strong>an\u00e1lisis de riesgos es cada vez m\u00e1s importante en los diferentes sectores<\/strong>, pero que la \u00abresiliencia es el camino, no un destino\u00bb.<\/p>\n<p>Con el segundo bloque se ha expuesto c\u00f3mo los PERTE relacionados con la industria pueden dar una respuesta a los retos tecnol\u00f3gicos de la cadena de valor en diferentes sectores, con el objetivo de intensificar y acelerar inversiones. Esta mesa ha sido moderada por el director de Econom\u00eda y Estudios de Foment, <strong>Salvador Guillermo<\/strong>, y ha contado con el comisionado especial por el PERTE Agroalimentari, <strong>Jordi Carbonell<\/strong>, y la directora de Financiaci\u00f3n Europeo y Asuntos P\u00fablicos, Sostenibilidad y RSC del Grupo Ametller Origen, <strong>Marta Angerri<\/strong>; los cuales han puesto en valor este instrumento para realizar la transici\u00f3n verde y digital, especialmente en la industria. En especial destacaron la <strong>relevancia que sus efectos de la industria agroalimentaria tienen sobre las poblaciones rurales, y como permite una mayor cohesi\u00f3n territorial<\/strong>.<\/p>\n<p>Finalmente, la tercera tabla ha tratado sobre la <strong>importancia de la captura y almacenamiento del CO\u2082 para la industria energ\u00e9tico-intensiva<\/strong>, bajo la moderaci\u00f3n de la directora de la AEMES Smart, <strong>Neus Olea<\/strong>. Con el director general adjunto del Ministerio de Petr\u00f3leo y Energ\u00eda de Noruega, <strong>Alexander Engh<\/strong>, se ha podido conocer una visi\u00f3n internacional, a trav\u00e9s de la explicaci\u00f3n del <strong>Longship Project, referencia a Europa por la contribuci\u00f3n a la descarbonizaci\u00f3n<\/strong> a partir de un proyecto a gran escala de captura, transporte y almacenamiento de carbono al que se ha destinado una parte significativa de recursos p\u00fablicos y privados, con un horizonte a 10 a\u00f1os. Engh ha incidido en <strong>la importancia de coordinar toda la cadena de valor, poniendo el ejemplo del gobierno noruego, quien lider\u00f3 todo el proceso y le dot\u00f3 tambi\u00e9n de recursos para su financiaci\u00f3n<\/strong>.<\/p>\n<p>Mientras que el director de Sostenibilidad de Holcim, <strong>Mariano Garc\u00eda<\/strong>, y el director general de Industria de la Generalidad de Catalu\u00f1a, <strong>Oriol Alcoba<\/strong>, han aportado la visi\u00f3n nacional. Alcoba ha compartido la <strong>estrategia industrial a seguir para lograr pol\u00edticas de descarbonizaci\u00f3n<\/strong>, y Garc\u00eda ha se\u00f1alado que \u00e9sta es una opci\u00f3n estrat\u00e9gica que se est\u00e1 dando en muchos pa\u00edses europeos, y que <strong>es necesario desplegarla en nuestro pa\u00eds para adoptar m\u00e1s r\u00e1pidamente el proceso descarbonizaci\u00f3n de nuestra industria<\/strong>.<\/p>\n<p>[\/vc_column_text]<div class=\"flexslider wpb_content_element\"><ul class=\"slides\"><li><img src=\"https:\/\/www.foment.com\/wp-content\/uploads\/2024\/01\/DSC_0083-scaled.jpg\" alt=\"\" \/><\/li><li><img src=\"https:\/\/www.foment.com\/wp-content\/uploads\/2024\/01\/DSC_0135-scaled.jpg\" alt=\"\" \/><\/li><li><img src=\"https:\/\/www.foment.com\/wp-content\/uploads\/2024\/01\/DSC_0184-scaled.jpg\" alt=\"\" \/><\/li><li><img src=\"https:\/\/www.foment.com\/wp-content\/uploads\/2024\/01\/DSC_0213-scaled.jpg\" alt=\"\" \/><\/li><li><img src=\"https:\/\/www.foment.com\/wp-content\/uploads\/2024\/01\/DSC_0269-scaled.jpg\" alt=\"\" \/><\/li><li><img src=\"https:\/\/www.foment.com\/wp-content\/uploads\/2024\/01\/DSC_0283-scaled.jpg\" alt=\"\" \/><\/li><li><img src=\"https:\/\/www.foment.com\/wp-content\/uploads\/2024\/01\/DSC_0345-scaled.jpg\" alt=\"\" \/><\/li><li><img src=\"https:\/\/www.foment.com\/wp-content\/uploads\/2024\/01\/DSC_0380-scaled.jpg\" alt=\"\" \/><\/li><li><img src=\"https:\/\/www.foment.com\/wp-content\/uploads\/2024\/01\/DSC_0395-scaled.jpg\" alt=\"\" \/><\/li><\/ul><\/div>[vc_raw_html]JTNDaWZyYW1lJTIwd2lkdGglM0QlMjI1NjAlMjIlMjBoZWlnaHQlM0QlMjIzMTUlMjIlMjBzcmMlM0QlMjJodHRwcyUzQSUyRiUyRnd3dy55b3V0dWJlLmNvbSUyRmVtYmVkJTJGeUZia09KcTJkRXMlM0ZzaSUzREFKM2lwbXdwTS1qekF5dVYlMjIlMjB0aXRsZSUzRCUyMllvdVR1YmUlMjB2aWRlbyUyMHBsYXllciUyMiUyMGZyYW1lYm9yZGVyJTNEJTIyMCUyMiUyMGFsbG93JTNEJTIyYWNjZWxlcm9tZXRlciUzQiUyMGF1dG9wbGF5JTNCJTIwY2xpcGJvYXJkLXdyaXRlJTNCJTIwZW5jcnlwdGVkLW1lZGlhJTNCJTIwZ3lyb3Njb3BlJTNCJTIwcGljdHVyZS1pbi1waWN0dXJlJTNCJTIwd2ViLXNoYXJlJTIyJTIwYWxsb3dmdWxsc2NyZWVuJTNFJTNDJTJGaWZyYW1lJTNF[\/vc_raw_html][\/vc_column][\/vc_row]<\/p>\n<\/section>","protected":false},"excerpt":{"rendered":"<p>[vc_row][vc_column][vc_column_text] El 7\u00ba Industrial Meeting de Foment pone de manifiesto la necesidad de una transici\u00f3n energ\u00e9tica justa con la competitividad empresarial para alcanzar el \u00e9xito industrial El 2024 es clave para acelerar el Pacto Nacional por la Industria Se remarca la relevancia de la industria agroalimentaria para la poblaci\u00f3n rural y la cohesi\u00f3n territorial Es necesario desplegar en nuestro pa\u00eds el instrumento de capturar y almacenamiento de CO2 Foment del Treball ha celebrado el 7\u00ba Industrial Meeting, el encuentro anual de la industria catalana donde, como cada a\u00f1o, se han abordado sus principales retos. El presidente de la patronal, Josep S\u00e1nchez Llibre, ha insistido en que \u201cla transici\u00f3n energ\u00e9tica debe ir de la mano de las empresas para alcanzar el \u00e9xito industrial del pa\u00eds. La descarbonizaci\u00f3n debe adecuarse al momento actual de las empresas\u201d, ha afirmado S\u00e1nchez Llibre. El l\u00edder patronal ha reclamado que \u00abhay que lograr un mayor peso del sector industrial en la econom\u00eda catalana, de un 25% para 2030\u00bb. En este sentido, el presidente de la Comisi\u00f3n de Industria de Foment, Ignasi Ca\u00f1agueral, ha defendido que la transici\u00f3n que marcar\u00e1 el futuro requiere del binomio p\u00fablico-privado: \u201cLas empresas har\u00e1n lo posible por adaptarse al cambio, pero deben [&hellip;]<\/p>\n","protected":false},"author":281,"featured_media":177076,"comment_status":"closed","ping_status":"closed","sticky":false,"template":"","format":"standard","meta":{"_links_to":"","_links_to_target":""},"categories":[114,69,70,5714],"tags":[741],"acf":[],"wps_subtitle":"","_links":{"self":[{"href":"https:\/\/www.foment.com\/es\/wp-json\/wp\/v2\/posts\/177070"}],"collection":[{"href":"https:\/\/www.foment.com\/es\/wp-json\/wp\/v2\/posts"}],"about":[{"href":"https:\/\/www.foment.com\/es\/wp-json\/wp\/v2\/types\/post"}],"author":[{"embeddable":true,"href":"https:\/\/www.foment.com\/es\/wp-json\/wp\/v2\/users\/281"}],"replies":[{"embeddable":true,"href":"https:\/\/www.foment.com\/es\/wp-json\/wp\/v2\/comments?post=177070"}],"version-history":[{"count":4,"href":"https:\/\/www.foment.com\/es\/wp-json\/wp\/v2\/posts\/177070\/revisions"}],"predecessor-version":[{"id":177142,"href":"https:\/\/www.foment.com\/es\/wp-json\/wp\/v2\/posts\/177070\/revisions\/177142"}],"wp:featuredmedia":[{"embeddable":true,"href":"https:\/\/www.foment.com\/es\/wp-json\/wp\/v2\/media\/177076"}],"wp:attachment":[{"href":"https:\/\/www.foment.com\/es\/wp-json\/wp\/v2\/media?parent=177070"}],"wp:term":[{"taxonomy":"category","embeddable":true,"href":"https:\/\/www.foment.com\/es\/wp-json\/wp\/v2\/categories?post=177070"},{"taxonomy":"post_tag","embeddable":true,"href":"https:\/\/www.foment.com\/es\/wp-json\/wp\/v2\/tags?post=177070"}],"curies":[{"name":"wp","href":"https:\/\/api.w.org\/{rel}","templated":true}]}}