{"id":17711,"date":"2015-09-28T09:00:18","date_gmt":"2015-09-28T07:00:18","guid":{"rendered":"http:\/\/foment.itartech.com\/?p=17711"},"modified":"2016-09-05T17:33:50","modified_gmt":"2016-09-05T15:33:50","slug":"foment-pide-la-constitucion-gobierno-fuerte-estable-priorice-la-recuperacion-economica-empresarial","status":"publish","type":"post","link":"https:\/\/www.foment.com\/es\/foment-pide-la-constitucion-gobierno-fuerte-estable-priorice-la-recuperacion-economica-empresarial\/","title":{"rendered":"Foment pide la constituci\u00f3n de un Gobierno fuerte y estable que priorice la recuperaci\u00f3n econ\u00f3mica y empresarial"},"content":{"rendered":"<section class=\"wpb-content-wrapper\"><p>[vc_row][vc_column width=\u00bb1\/1&#8243;][vc_column_text]<\/p>\n<ul>\n<li><em>Foment apela a la responsabilidad de todos los Grupos Parlamentarios y de todos los diputados para establecer un di\u00e1logo constructivo en el marco de la legalidad vigente y en beneficio del conjunto de la ciudadan\u00eda de Catalu\u00f1a y de su tejido productivo<\/em><\/li>\n<li><em>Foment vindica las propuestas que antes de la campa\u00f1a hizo llegar a todas las principales listas y que pasan, en t\u00e9rminos generales, para alcanzar finalmente una fiscalidad competitiva; mejorar la inversi\u00f3n en infraestructuras, tanto por parte del Estado como de la Generalitat; preservar un marco jur\u00eddico y regulador seguro y estable; avanzar en la simplificaci\u00f3n administrativa; lograr una econom\u00eda m\u00e1s competitiva<\/em><\/li>\n<li><em>Foment recuerda que la Generalidad de Catalu\u00f1a es esencial para la estabilidad social y econ\u00f3mica del pa\u00eds y factor clave del crecimiento.<\/em><\/li>\n<\/ul>\n<p>[\/vc_column_text][vc_column_text]Foment del Treball Nacional celebra el excepcional \u00edndice de participaci\u00f3n (cerca del 78%) en las elecciones al Parlament celebradas este domingo 27 que son s\u00edntoma de madurez democr\u00e1tica y de vitalidad social y que, sobre todo, son una radiograf\u00eda bastante n\u00edtida de la pluralidad y riqueza de la sociedad catalana. Asimismo, Foment subraya el alto grado de civismo conl que se desarroll\u00f3 una jornada electoral tan masiva como la de este domingo.<\/p>\n<p>La patronal catalana felicita a las listas ganadoras, que tendr\u00e1n la posici\u00f3n de preferencia para formar un nuevo Govern que, a juicio de Foment, debe priorizar la consolidaci\u00f3n de la recuperaci\u00f3n econ\u00f3mica y empresarial. Foment apela a la responsabilidad de todos los Grupos Parlamentarios y de todos los diputados para establecer un di\u00e1logo constructivo en el marco de la legalidad vigente y en beneficio del conjunto de la ciudadan\u00eda de Catalu\u00f1a y de su tejido productivo.<\/p>\n<p>Foment, por tanto, espera la creaci\u00f3n de un Govern fuerte y estable que se centre en afianzar las tendencias positivas que las previsiones avanzan para la econom\u00eda catalana. En este sentido, Foment vindica las propuestas que antes de la campa\u00f1a hizo llegar a todas las principales listas y que pasan, en t\u00e9rminos generales, para alcanzar finalmente una fiscalidad competitiva; mejorar la inversi\u00f3n en infraestructuras, tanto por parte del Estado como de la Generalitat; preservar un marco jur\u00eddico y regulador seguro y estable; avanzar en la simplificaci\u00f3n administrativa; lograr una econom\u00eda m\u00e1s competitiva, a trav\u00e9s de cinco \u00e1reas: Internacionalizaci\u00f3n, Innovaci\u00f3n, Energ\u00eda, Formaci\u00f3n y Creaci\u00f3n de nuevas empresas.<\/p>\n<p>Foment recuerda que la Generalidad de Catalu\u00f1a es esencial para la estabilidad social y econ\u00f3mica del pa\u00eds y factor clave del crecimiento: el conjunto del sector p\u00fablico catal\u00e1n que depende directamente de la administraci\u00f3n auton\u00f3mica trabaja con unos presupuestos que superan los 27.000 millones de euros, lo que representa el 12,8% del PIB catal\u00e1n, y con una plantilla de m\u00e1s de 220.000 trabajadores.[\/vc_column_text][\/vc_column][\/vc_row]<\/p>\n<\/section>","protected":false},"excerpt":{"rendered":"<p>[vc_row][vc_column width=\u00bb1\/1&#8243;][vc_column_text] Foment apela a la responsabilidad de todos los Grupos Parlamentarios y de todos los diputados para establecer un di\u00e1logo constructivo en el marco de la legalidad vigente y en beneficio del conjunto de la ciudadan\u00eda de Catalu\u00f1a y de su tejido productivo Foment vindica las propuestas que antes de la campa\u00f1a hizo llegar a todas las principales listas y que pasan, en t\u00e9rminos generales, para alcanzar finalmente una fiscalidad competitiva; mejorar la inversi\u00f3n en infraestructuras, tanto por parte del Estado como de la Generalitat; preservar un marco jur\u00eddico y regulador seguro y estable; avanzar en la simplificaci\u00f3n administrativa; lograr una econom\u00eda m\u00e1s competitiva Foment recuerda que la Generalidad de Catalu\u00f1a es esencial para la estabilidad social y econ\u00f3mica del pa\u00eds y factor clave del crecimiento. [\/vc_column_text][vc_column_text]Foment del Treball Nacional celebra el excepcional \u00edndice de participaci\u00f3n (cerca del 78%) en las elecciones al Parlament celebradas este domingo 27 que son s\u00edntoma de madurez democr\u00e1tica y de vitalidad social y que, sobre todo, son una radiograf\u00eda bastante n\u00edtida de la pluralidad y riqueza de la sociedad catalana. Asimismo, Foment subraya el alto grado de civismo conl que se desarroll\u00f3 una jornada electoral tan masiva como la de este domingo. La [&hellip;]<\/p>\n","protected":false},"author":24,"featured_media":0,"comment_status":"closed","ping_status":"closed","sticky":false,"template":"","format":"standard","meta":{"_links_to":"","_links_to_target":""},"categories":[68],"tags":[],"acf":[],"wps_subtitle":"La patronal catalana celebra la alta participaci\u00f3n en las elecciones al Parlament como \u201cs\u00edntoma de madurez democr\u00e1tica y vitalidad social\u201d","_links":{"self":[{"href":"https:\/\/www.foment.com\/es\/wp-json\/wp\/v2\/posts\/17711"}],"collection":[{"href":"https:\/\/www.foment.com\/es\/wp-json\/wp\/v2\/posts"}],"about":[{"href":"https:\/\/www.foment.com\/es\/wp-json\/wp\/v2\/types\/post"}],"author":[{"embeddable":true,"href":"https:\/\/www.foment.com\/es\/wp-json\/wp\/v2\/users\/24"}],"replies":[{"embeddable":true,"href":"https:\/\/www.foment.com\/es\/wp-json\/wp\/v2\/comments?post=17711"}],"version-history":[{"count":0,"href":"https:\/\/www.foment.com\/es\/wp-json\/wp\/v2\/posts\/17711\/revisions"}],"wp:attachment":[{"href":"https:\/\/www.foment.com\/es\/wp-json\/wp\/v2\/media?parent=17711"}],"wp:term":[{"taxonomy":"category","embeddable":true,"href":"https:\/\/www.foment.com\/es\/wp-json\/wp\/v2\/categories?post=17711"},{"taxonomy":"post_tag","embeddable":true,"href":"https:\/\/www.foment.com\/es\/wp-json\/wp\/v2\/tags?post=17711"}],"curies":[{"name":"wp","href":"https:\/\/api.w.org\/{rel}","templated":true}]}}