{"id":17729,"date":"2015-10-05T09:00:51","date_gmt":"2015-10-05T07:00:51","guid":{"rendered":"http:\/\/foment.itartech.com\/?p=17729"},"modified":"2024-01-11T10:12:43","modified_gmt":"2024-01-11T09:12:43","slug":"cesar-antonio-molina-antoni-puigverd-dialogo-cultural-madrid-barcelona-celebrar-1er-aniversario-la-nueva-revista-del-foment","status":"publish","type":"post","link":"https:\/\/www.foment.com\/es\/cesar-antonio-molina-antoni-puigverd-dialogo-cultural-madrid-barcelona-celebrar-1er-aniversario-la-nueva-revista-del-foment\/","title":{"rendered":"C\u00e9sar Antonio Molina y Antoni Puigverd: un di\u00e1logo cultural Madrid-Barcelona para celebrar el 1er aniversario de la nueva Revista del Foment"},"content":{"rendered":"<section class=\"wpb-content-wrapper\"><p>[vc_row][vc_column width=\u00bb1\/1&#8243;][vc_column_text]Foment del Treball celebra el Primer Aniversario de la nueva etapa de su hist\u00f3rica publicaci\u00f3n. Bajo la nueva cabecera de<strong><em> F. La Revista del Foment<\/em><\/strong>, la publicaci\u00f3n peri\u00f3dica de la patronal catalana celebra el giro copernicano que emprendi\u00f3 hace un a\u00f1o al convertirse en una revista de pensamiento, an\u00e1lisis y reflexi\u00f3n desde la perspectiva de acad\u00e9micos, fil\u00f3sofos, escritores, periodistas, poetas o artistas. Bajo la direcci\u00f3n del periodista y escritor <strong>Valent\u00ed Puig<\/strong>, la nueva etapa de la publicaci\u00f3n ha abierto en sus 5 primeros n\u00fameros los focos de an\u00e1lisis a todas aquellas cuestiones de inter\u00e9s humano, desde la econom\u00eda y la empresa -evidentemente- hasta la pol\u00edtica, la historia y las bellas artes. La publicaci\u00f3n se realiza con la participaci\u00f3n de Prisma Publicaciones, del Grupo Planeta.<\/p>\n<p>Un di\u00e1logo cultural entre el escritor y articulista <strong>Antoni Puigverd<\/strong> y el tambi\u00e9n escritor y ex ministro de Cultura,<strong>C\u00e9sar Antonio Molina<\/strong>, ha sido el eje central del acto de celebraci\u00f3n de este primer aniversario. Un encuentro que se ha celebrado\u00a0en el\u00a0<span class=\"ms-rteThemeForeColor-2-1\">Palau Macaya de Barcelona<\/span> y que ha contado\u00a0tambi\u00e9n con la particpaci\u00f3n del directror de la Revista, Valent\u00ed Puig; el presidente de Foment, <strong>Joaquim Gay de Montell\u00e0<\/strong>; el presidente del Grupo Planeta, <strong>Josep Creuheras<\/strong>; y el consejero de Cultura de la Generalitat, <strong>Ferran Mascarell<\/strong>. El encuentro quiere prolongar el cuaderno central del \u00faltimo n\u00famero de F, dedicado precisamente al di\u00e1logo cultural entre Barcelona y Madrid y protagonizado por ism Antoni Puigverd y el poeta Luis Alberto de Cuenca -recientemente galardonado con el Premio Nacional de Poes\u00eda.[\/vc_column_text]<div class=\"single_image wpb_content_element align-center    \" data-animation=\"none\" data-delay=\"0\"><img width=\"600\" height=\"406\" src=\"https:\/\/www.foment.com\/wp-content\/uploads\/2016\/09\/1aniversari-larevistadelfoment3.jpg\" class=\"attachment-full\" alt=\"\" loading=\"lazy\" title=\"\u00a9 Job Vermeulen\" srcset=\"https:\/\/www.foment.com\/wp-content\/uploads\/2016\/09\/1aniversari-larevistadelfoment3.jpg 600w, https:\/\/www.foment.com\/wp-content\/uploads\/2016\/09\/1aniversari-larevistadelfoment3-300x203.jpg 300w\" sizes=\"(max-width: 600px) 100vw, 600px\" \/><span class=\"single_image_caption\">\u00a9 Job Vermeulen<\/span><\/div>[vc_column_text]Este \u00faltimo n\u00famero de La Revista, con la que Foment celebra el primer a\u00f1o de la nueva etapa de su publicaci\u00f3n, bajo el t\u00edtulo de apertura &#8216;\u00bfHay alguien ah\u00ed?&#8217; quiere \u00abcontribuir a la transparencia y la generosidad del que debe ser una vez m\u00e1s el di\u00e1logo BCN-MAD, con el fundamento de una articulaci\u00f3n hist\u00f3rica, sin mitolog\u00edas\u00bb, tal y como remarca Valent\u00ed Puig en su editorial. Por tanto, este n\u00famero incluye dos reflexiones de fondo de Luis Alberto de Cuenca y Antoni Puigverd -que se pueden seguir en v\u00eddeo en la edici\u00f3n digital de la revista-, as\u00ed como aportaciones del propio Puig, de Jos\u00e9 Enrique Ruiz-Dom\u00e8nec, Francesc Cabana, Josep Maria Mu\u00f1oz y Llu\u00eds Bassets.[\/vc_column_text]<div class=\"single_image wpb_content_element align-center    \" data-animation=\"none\" data-delay=\"0\"><img width=\"235\" height=\"284\" src=\"https:\/\/www.foment.com\/wp-content\/uploads\/2016\/09\/2145_detall.jpg\" class=\"attachment-full\" alt=\"\" loading=\"lazy\" title=\"N\u00famero 2145 de La Revista del Fomento, dedicado aldi\u00e0leg cultural Madrid-Barcelona\" \/><span class=\"single_image_caption\">N\u00famero 2145 de La Revista del Fomento, dedicado aldi\u00e0leg cultural Madrid-Barcelona<\/span><\/div>[vc_column_text]<\/p>\n<h3><strong>Dossier. Una visita al MNAC<\/strong><\/h3>\n<p>Este nuevo n\u00famero de F. La Revista del Foment invita al lector a hacer una visita excepcional en el Museu Nacional d&#8217;Art de Catalunya (MNAC) de la mano del anticuario e historiador del arte <strong>Artur Ramon<\/strong>. En \u00abDos horas en el MNAC\u00bb lo que transcurre es un largo recorrido de civilizaci\u00f3n encarnada en la realidad simb\u00f3lica de Catalu\u00f1a. Al imaginar un recorrido de dos horas con un visitante que nunca ha entrado en el MNAC, la selecci\u00f3n es generosa y precisa: en las ant\u00edpodas de lo que algunos llaman la modernidad amn\u00e9sica, en dos horas de MNAC pretende poder apreciar mejor el gran arte y al mismo tiempo enternecido mucho m\u00e1s lo que este museo sustancial representa en la generaci\u00f3n est\u00e9tica de Catalu\u00f1a.<\/p>\n<p>Por otra parte, en la secci\u00f3n Temas de Ma\u00f1ana, s&#8217;inclou una entrevista con <strong>David Rieff<\/strong>, autor de algunos de los ensayos m\u00e1s incisivos de los \u00faltimos tiempos, como Una cama para una noche, sobre el humanitarismo en crisis, y un ensayo especialmente perspicaz, Contra la memoria, en el que el autor explora las ventajas parad\u00f3jicos del olvido despu\u00e9s de la tragedia. Dice Rieff: \u00abEn las colinas de Bosnia aprend\u00ed a odiar, pero sobre todo que temer, la memoria hist\u00f3rica colectiva\u00bb. Para F, recapitula los conflictos m\u00e1s sangrientos del nuevo siglo, con profundidad y una especial visi\u00f3n intelectual transatl\u00e1ntica. Tambi\u00e9n en Temas de Ma\u00f1ana, <strong>Miguel \u00c1ngel Noceda<\/strong> plantea singularmente el futuro del periodismo econ\u00f3mico en un mundo de cambios inauditos.<\/p>\n<p>Tras la carta desde M\u00e9xico DF a cargo de la periodista influyente que es <strong>Malena Mijares<\/strong>, directora de la revista mexicana Este Pa\u00eds, entramos en Artes &amp; Co. con una bater\u00eda de temas y tonalidades que van desde una entrevista con el magn\u00edfico <strong>Juan Mars\u00e9<\/strong> -entrevista de la cual se puede ver un extracto en v\u00eddeo en la edici\u00f3n digital-, directo siempre como un gancho de izquierda, hasta el perfil del aparatoso <strong>Houellebecq<\/strong>, pasando por la pasi\u00f3n del jazz en Barcelona, los se- cien a\u00f1os de <strong>Ramon Llull<\/strong>, o un viaje griego de <strong>Imma Mons\u00f3<\/strong>. En la p\u00e1gina \u00abDe autor\u00bb, tenemos la firma de la gran escritora uruguaya <strong>Ida Vitale<\/strong>, este a\u00f1o premio Reina Sof\u00eda de Poes\u00eda Iberoamericana.<\/p>\n<h3><strong>Nueva etapa. Historia 2.141<\/strong><\/h3>\n<p>La hist\u00f3rica publicaci\u00f3n peri\u00f3dica de Fomento del Trabajo -que tiene su origen en el a\u00f1o 1849- abri\u00f3 en septiembre de 2014 una nueva etapa que, bajo la cabecera F. La revista de Fomento, se liga a la tradici\u00f3n europea de revistas de pensamiento. El n\u00famero 2141 fue el primero de la nueva etapa porque dio continuidad hist\u00f3rica a una publicaci\u00f3n que comienza en 1849 (entonces un peri\u00f3dico llamado el bien p\u00fablico) y que nace desde la iniciativa empresarial. Fomento del Trabajo quiere, con esta publicaci\u00f3n, contribuir a la tradici\u00f3n europea de revistas de pensamiento con un proyecto editorial abierto y plural, vivero de ideas, que trata de satisfacer las ganas de saber y entender en un momento clave de transformaci\u00f3n social, pol\u00edtica y econ\u00f3mica.<\/p>\n<p>Este primer n\u00famero de la nueva etapa enlaz\u00f3, como gran tema monogr\u00e1fico, la post crisis europea con los hechos de 1914 que cambiaron Europa y el mundo la Primera Gran Guerra. Con la participaci\u00f3n de autores de prestigio como Ignacio Vidal-Folch, Jos\u00e9 M. de Areilza, Llu\u00eds Foix, Carme Riera, Xavier Pla, Maricel Chavarr\u00eda, Xavier Cubeles o Marc Bassets.[\/vc_column_text][vc_row_inner][vc_column_inner width=\u00bb1\/4&#8243;]<div class=\"single_image wpb_content_element align-left    \" data-animation=\"none\" data-delay=\"0\"><img width=\"160\" height=\"208\" src=\"https:\/\/www.foment.com\/wp-content\/uploads\/2016\/09\/F-Revista-del-Foment-2141-portada-160-CAST.jpg\" class=\"attachment-full\" alt=\"\" loading=\"lazy\" title=\"2141. Postcrisis europea\" \/><span class=\"single_image_caption\">2141. Postcrisis europea<\/span><\/div>[\/vc_column_inner][vc_column_inner width=\u00bb1\/4&#8243;]<div class=\"single_image wpb_content_element align-left    \" data-animation=\"none\" data-delay=\"0\"><img width=\"160\" height=\"208\" src=\"https:\/\/www.foment.com\/wp-content\/uploads\/2016\/09\/F-Revista-del-Foment-2142-portada-160-CAST.jpg\" class=\"attachment-full\" alt=\"\" loading=\"lazy\" title=\"2142. Nuevo siglo para \u00c1frica\" \/><span class=\"single_image_caption\">2142. Nuevo siglo para \u00c1frica<\/span><\/div>[\/vc_column_inner][vc_column_inner width=\u00bb1\/4&#8243;]<div class=\"single_image wpb_content_element align-left    \" data-animation=\"none\" data-delay=\"0\"><img width=\"160\" height=\"207\" src=\"https:\/\/www.foment.com\/wp-content\/uploads\/2016\/09\/2143.jpg\" class=\"attachment-full\" alt=\"\" loading=\"lazy\" title=\"2143. Ideas con Poder\" \/><span class=\"single_image_caption\">2143. Ideas con Poder<\/span><\/div>[\/vc_column_inner][vc_column_inner width=\u00bb1\/4&#8243;]<div class=\"single_image wpb_content_element align-left    \" data-animation=\"none\" data-delay=\"0\"><img width=\"160\" height=\"198\" src=\"https:\/\/www.foment.com\/wp-content\/uploads\/2016\/09\/2144.jpg\" class=\"attachment-full\" alt=\"\" loading=\"lazy\" title=\"2144. Orson Welles\" \/><span class=\"single_image_caption\">2144. Orson Welles<\/span><\/div>[\/vc_column_inner][\/vc_row_inner][\/vc_column][\/vc_row]<\/p>\n<\/section>","protected":false},"excerpt":{"rendered":"<p>[vc_row][vc_column width=\u00bb1\/1&#8243;][vc_column_text]Foment del Treball celebra el Primer Aniversario de la nueva etapa de su hist\u00f3rica publicaci\u00f3n. Bajo la nueva cabecera de F. La Revista del Foment, la publicaci\u00f3n peri\u00f3dica de la patronal catalana celebra el giro copernicano que emprendi\u00f3 hace un a\u00f1o al convertirse en una revista de pensamiento, an\u00e1lisis y reflexi\u00f3n desde la perspectiva de acad\u00e9micos, fil\u00f3sofos, escritores, periodistas, poetas o artistas. Bajo la direcci\u00f3n del periodista y escritor Valent\u00ed Puig, la nueva etapa de la publicaci\u00f3n ha abierto en sus 5 primeros n\u00fameros los focos de an\u00e1lisis a todas aquellas cuestiones de inter\u00e9s humano, desde la econom\u00eda y la empresa -evidentemente- hasta la pol\u00edtica, la historia y las bellas artes. La publicaci\u00f3n se realiza con la participaci\u00f3n de Prisma Publicaciones, del Grupo Planeta. Un di\u00e1logo cultural entre el escritor y articulista Antoni Puigverd y el tambi\u00e9n escritor y ex ministro de Cultura,C\u00e9sar Antonio Molina, ha sido el eje central del acto de celebraci\u00f3n de este primer aniversario. Un encuentro que se ha celebrado\u00a0en el\u00a0Palau Macaya de Barcelona y que ha contado\u00a0tambi\u00e9n con la particpaci\u00f3n del directror de la Revista, Valent\u00ed Puig; el presidente de Foment, Joaquim Gay de Montell\u00e0; el presidente del Grupo Planeta, Josep Creuheras; y el [&hellip;]<\/p>\n","protected":false},"author":24,"featured_media":17753,"comment_status":"closed","ping_status":"closed","sticky":false,"template":"","format":"standard","meta":{"_links_to":"","_links_to_target":""},"categories":[65],"tags":[388,683],"acf":[],"wps_subtitle":"","_links":{"self":[{"href":"https:\/\/www.foment.com\/es\/wp-json\/wp\/v2\/posts\/17729"}],"collection":[{"href":"https:\/\/www.foment.com\/es\/wp-json\/wp\/v2\/posts"}],"about":[{"href":"https:\/\/www.foment.com\/es\/wp-json\/wp\/v2\/types\/post"}],"author":[{"embeddable":true,"href":"https:\/\/www.foment.com\/es\/wp-json\/wp\/v2\/users\/24"}],"replies":[{"embeddable":true,"href":"https:\/\/www.foment.com\/es\/wp-json\/wp\/v2\/comments?post=17729"}],"version-history":[{"count":1,"href":"https:\/\/www.foment.com\/es\/wp-json\/wp\/v2\/posts\/17729\/revisions"}],"predecessor-version":[{"id":176588,"href":"https:\/\/www.foment.com\/es\/wp-json\/wp\/v2\/posts\/17729\/revisions\/176588"}],"wp:featuredmedia":[{"embeddable":true,"href":"https:\/\/www.foment.com\/es\/wp-json\/wp\/v2\/media\/17753"}],"wp:attachment":[{"href":"https:\/\/www.foment.com\/es\/wp-json\/wp\/v2\/media?parent=17729"}],"wp:term":[{"taxonomy":"category","embeddable":true,"href":"https:\/\/www.foment.com\/es\/wp-json\/wp\/v2\/categories?post=17729"},{"taxonomy":"post_tag","embeddable":true,"href":"https:\/\/www.foment.com\/es\/wp-json\/wp\/v2\/tags?post=17729"}],"curies":[{"name":"wp","href":"https:\/\/api.w.org\/{rel}","templated":true}]}}