{"id":177547,"date":"2024-02-05T16:37:09","date_gmt":"2024-02-05T15:37:09","guid":{"rendered":"https:\/\/www.foment.com\/?p=177547"},"modified":"2024-02-05T16:37:09","modified_gmt":"2024-02-05T15:37:09","slug":"foment-pide-celeridad-y-agilidad-en-la-aplicacion-de-las-medidas-de-ayuda-y-apoyo-a-los-sectores-productivos-para-afrontar-el-estado-de-emergencia-por-la-sequia-en-cataluna","status":"publish","type":"post","link":"https:\/\/www.foment.com\/es\/foment-pide-celeridad-y-agilidad-en-la-aplicacion-de-las-medidas-de-ayuda-y-apoyo-a-los-sectores-productivos-para-afrontar-el-estado-de-emergencia-por-la-sequia-en-cataluna\/","title":{"rendered":"Foment pide celeridad y agilidad en la aplicaci\u00f3n de las medidas de ayuda y apoyo a los sectores productivos para afrontar el estado de emergencia por la sequ\u00eda en Catalu\u00f1a"},"content":{"rendered":"<ul>\n<li><strong>La patronal catalana reclama al Gobierno que establezca las instrucciones para que aquellas industrias que tengan que parar la producci\u00f3n a causa de las restricciones puedan acceder a ERTE y ayudas compensatorias as\u00ed como definir unos \u201cservicios esenciales\u201d<\/strong><\/li>\n<li><strong>Tambi\u00e9n propone ampliar las l\u00edneas de ayuda y subvenciones a todos los sectores para la inversi\u00f3n en la mejora de la eficiencia en el ciclo del agua<\/strong><\/li>\n<\/ul>\n<p>La entrada en el estado de emergencia por la sequ\u00eda en Catalu\u00f1a tendr\u00e1 un impacto importante en los sectores productivos y econ\u00f3micos del pa\u00eds. Foment del Treball pide al Gobierno celeridad y agilidad en la aplicaci\u00f3n de las medidas que se tienen que tomar para aliviar los efectos de las restricciones en la industria y servicios.<\/p>\n<p>Foment del Treball ya expres\u00f3 en diciembre su voluntad de colaboraci\u00f3n para aportar soluciones de urgencia y a largo plazo.<\/p>\n<p>Las obras definidas en el Plan de Medidas del Plan de Gesti\u00f3n 2022-2027 y recogidas en la Ley 9\/2023 de \u201cmedidas extraordinarias y urgentes para afrontar la situaci\u00f3n de sequ\u00eda excepcional en Catalu\u00f1a\u201d permitir\u00e1n obtener una resiliencia a futuras sequ\u00edas a largo plazo. La ejecuci\u00f3n de las obras en l\u00edneas generales se est\u00e1 llevando a cabo y se tiene que intensificar y acelerar la tramitaci\u00f3n administrativa por procedimiento de urgencia en todas aquellas todav\u00eda pendientes de licitaci\u00f3n o tramitaci\u00f3n.<\/p>\n<p>El aumento de las restricciones en las cuencas internas por la entrada en emergencia tendr\u00e1 consecuencias que el gobierno tiene que intentar paliar.<\/p>\n<p>Desde Foment del Treball hemos propuesto una serie de medidas para ayudar a superar esta situaci\u00f3n:<\/p>\n<ul>\n<li>Que el Gobierno establezca las instrucciones para que aquellas industrias y empresas que tengan que parar la producci\u00f3n a causa de las restricciones puedan acceder a Expedientes Regulaci\u00f3n Temporal de Ocupaci\u00f3n (ERTE) y ayudas<\/li>\n<li>Que el Gobierno defina unos \u201cservicios esenciales\u201d que queden excluidos de las restricciones para garantizar el abastecimiento alimentario de la poblaci\u00f3n.<\/li>\n<li>Que se establezcan \u00f3rdenes generales de c\u00f3mo aplicar las restricciones en las industrias por parte de los Ayuntamientos, y en especial en aquellas industrias que han presentado los planes de ahorro y eficiencia.<\/li>\n<li>Que se ampl\u00eden las l\u00edneas de ayuda y subvenciones a todos los sectores para la inversi\u00f3n en la mejora de la eficiencia en el ciclo del agua.<\/li>\n<li>Que se impulse con la m\u00e1xima urgencia el despliegue normativo para la utilizaci\u00f3n de agua regenerada en algunos \u00e1mbitos del proceso productivo de la industria c\u00e1rnica y agroalimentaria, materias primas y de construcci\u00f3n, regad\u00edos y conservaci\u00f3n de jardines y arbolado u otros sectores industriales.<\/li>\n<\/ul>\n","protected":false},"excerpt":{"rendered":"<p>La patronal catalana reclama al Gobierno que establezca las instrucciones para que aquellas industrias que tengan que parar la producci\u00f3n a causa de las restricciones puedan acceder a ERTE y ayudas compensatorias as\u00ed como definir unos \u201cservicios esenciales\u201d Tambi\u00e9n propone ampliar las l\u00edneas de ayuda y subvenciones a todos los sectores para la inversi\u00f3n en la mejora de la eficiencia en el ciclo del agua La entrada en el estado de emergencia por la sequ\u00eda en Catalu\u00f1a tendr\u00e1 un impacto importante en los sectores productivos y econ\u00f3micos del pa\u00eds. Foment del Treball pide al Gobierno celeridad y agilidad en la aplicaci\u00f3n de las medidas que se tienen que tomar para aliviar los efectos de las restricciones en la industria y servicios. Foment del Treball ya expres\u00f3 en diciembre su voluntad de colaboraci\u00f3n para aportar soluciones de urgencia y a largo plazo. Las obras definidas en el Plan de Medidas del Plan de Gesti\u00f3n 2022-2027 y recogidas en la Ley 9\/2023 de \u201cmedidas extraordinarias y urgentes para afrontar la situaci\u00f3n de sequ\u00eda excepcional en Catalu\u00f1a\u201d permitir\u00e1n obtener una resiliencia a futuras sequ\u00edas a largo plazo. La ejecuci\u00f3n de las obras en l\u00edneas generales se est\u00e1 llevando a cabo y se tiene [&hellip;]<\/p>\n","protected":false},"author":281,"featured_media":177545,"comment_status":"closed","ping_status":"closed","sticky":false,"template":"","format":"standard","meta":{"_links_to":"","_links_to_target":""},"categories":[114,69,5714,74],"tags":[3021],"acf":[],"wps_subtitle":"","_links":{"self":[{"href":"https:\/\/www.foment.com\/es\/wp-json\/wp\/v2\/posts\/177547"}],"collection":[{"href":"https:\/\/www.foment.com\/es\/wp-json\/wp\/v2\/posts"}],"about":[{"href":"https:\/\/www.foment.com\/es\/wp-json\/wp\/v2\/types\/post"}],"author":[{"embeddable":true,"href":"https:\/\/www.foment.com\/es\/wp-json\/wp\/v2\/users\/281"}],"replies":[{"embeddable":true,"href":"https:\/\/www.foment.com\/es\/wp-json\/wp\/v2\/comments?post=177547"}],"version-history":[{"count":1,"href":"https:\/\/www.foment.com\/es\/wp-json\/wp\/v2\/posts\/177547\/revisions"}],"predecessor-version":[{"id":177548,"href":"https:\/\/www.foment.com\/es\/wp-json\/wp\/v2\/posts\/177547\/revisions\/177548"}],"wp:featuredmedia":[{"embeddable":true,"href":"https:\/\/www.foment.com\/es\/wp-json\/wp\/v2\/media\/177545"}],"wp:attachment":[{"href":"https:\/\/www.foment.com\/es\/wp-json\/wp\/v2\/media?parent=177547"}],"wp:term":[{"taxonomy":"category","embeddable":true,"href":"https:\/\/www.foment.com\/es\/wp-json\/wp\/v2\/categories?post=177547"},{"taxonomy":"post_tag","embeddable":true,"href":"https:\/\/www.foment.com\/es\/wp-json\/wp\/v2\/tags?post=177547"}],"curies":[{"name":"wp","href":"https:\/\/api.w.org\/{rel}","templated":true}]}}