{"id":178114,"date":"2024-02-20T23:29:19","date_gmt":"2024-02-20T22:29:19","guid":{"rendered":"https:\/\/www.foment.com\/ciutats-intelligents-sostenibles-i-socialment-responsables-resposta-desafiament-demografic\/"},"modified":"2024-02-22T11:23:16","modified_gmt":"2024-02-22T10:23:16","slug":"ciudades-inteligentes-sostenibles-y-socialmente-responsables-respuesta-desafio-demografico","status":"publish","type":"post","link":"https:\/\/www.foment.com\/es\/ciudades-inteligentes-sostenibles-y-socialmente-responsables-respuesta-desafio-demografico\/","title":{"rendered":"Ciudades inteligentes, sostenibles y socialmente responsables: la respuesta al desaf\u00edo demogr\u00e1fico"},"content":{"rendered":"<section class=\"wpb-content-wrapper\"><p>[vc_row][vc_column][vc_column_text]<\/p>\n<ul>\n<li><strong>La Sociedad Barcelonesa de Estudios Econ\u00f3micos y Sociales (SBEES) de Foment del Treball ha inaugurado su sede en Madrid con una mesa de debate sobre \u201cLa ciudad del siglo XXI\u201d presentada por la periodista Susanna Griso Ravent\u00f3s y moderada por Alberto Ruiz-Gallard\u00f3n<\/strong><\/li>\n<li><strong>En la mesa redonda han participado el alcalde de Madrid, <\/strong><strong>Jos\u00e9 Luis Mart\u00ednez-Almeida Navasq\u00fc\u00e9s; el alcalde de Barcelona, Jaume Collboni Cuadrado; y la alcaldesa de Valencia, Mar\u00eda Jos\u00e9 Catal\u00e0 Verdet<\/strong><\/li>\n<li><strong>Josep S\u00e1nchez Llibre ha se\u00f1alado que quiere hablar de lo que se puede aportar desde la Societat Barcelonina d&#8217;Estudis Econ\u00f2mics i Socials: \u00abun liderazgo de la economia espa\u00f1ola con mod\u00e9stia, pero al mismo tiempo con ambici\u00f3n y mucha ilusi\u00f3n\u00bb<\/strong><\/li>\n<\/ul>\n<p>Las ciudades se erigen como el elemento m\u00e1s influyente y crucial en la vida de las personas, siendo el escenario principal donde se configuran y cohesionan las sociedades modernas. En este contexto, los alcaldes de Madrid, Barcelona y Valencia han reflexionado sobre c\u00f3mo debe ser la ciudad del siglo XXI para afrontar los desaf\u00edos que enfrentan los ciudadanos que las habitan en la mesa redonda \u201cLa ciudad del siglo XXI\u201d, que ha inaugurado la sede en Madrid de la Sociedad Barcelonesa de Estudios Econ\u00f3micos y Sociales (SBEES) de Foment del Treball, en un acto en el Palacio de Miraflores ante m\u00e1s de 200 asistentes.<\/p>\n<p>En la mesa redonda, moderada por Alberto Ruiz-Gallard\u00f3n, han participado el alcalde de Madrid, Jos\u00e9 Luis Mart\u00ednez-Almeida Navasq\u00fc\u00e9s; el alcalde de Barcelona, Jaume Collboni Cuadrado; y la alcaldesa de Valencia, Mar\u00eda Jos\u00e9 Catal\u00e0 Verdet. El encuentro ha sido presentado por la periodista Susanna Griso Ravent\u00f3s y ha contado con las intervenciones iniciales de Josep S\u00e1nchez Llibre, presidente de la SBEES de Foment del Treball; Antonio Garamendi Lecanda, presidente de la CEOE; Miguel Garrido de la Cierva, presidente de la Confederaci\u00f3n Empresarial de Madrid; Gerardo Cuerva Valdivia, presidente de CEPYME; y \u00c0ngel Sim\u00f3n Grimaldos, Presidente del Consejo de Patrocinadores de la Sociedad Barcelonesa de Estudios Econ\u00f3micos y Sociales de Foment del Treball y Consejero Delegado de CriteriaCaixa. El ministro de Industria y Turismo, Jordi Hereu Boher, ha clausurado el acto.<\/p>\n<p>Josep S\u00e1nchez Llibre, presidente de la SBEES y de Foment del Treball, ha abierto la jornada apostando por \u201cabrir un punto permanente de conexi\u00f3n entre distintas ciudades\u201d. Adem\u00e1s, ha remarcado que \u201cen Europa y en Espa\u00f1a est\u00e1n emergiendo nuevos valores a los que el tejido empresarial debe estar atento -no para frenarlo- sino para dise\u00f1ar nuevos patrones\u201d.<\/p>\n<p>En el evento, tambi\u00e9n ha participado Antonio Garamendi Lecanda, presidente de la CEOE, que ha destacado que \u201ces un lujo que los empresarios catalanes quieran seguir aportando al bien com\u00fan y al progreso conjunto de Espa\u00f1a y Europa\u201d. Adem\u00e1s, ha remarcado su \u201capoyo a los empresarios de Catalunya\u201d y ha concluido: \u201clos empresarios trabajamos para nuestro pa\u00eds con sentido de estado y lealtad\u201d, reclamando \u201cel di\u00e1logo que tienen los alcaldes tambi\u00e9n para los empresarios\u201d.<\/p>\n<p>Gerardo Cuerva Valdivia, presidente de CEPYME, tambi\u00e9n ha dado la bienvenida al dialogo y ha destacado que la empresa es el progreso de la sociedad: \u201cpara que la sociedad progrese, se debe tener en cuenta la empresa\u201d.<\/p>\n<p>Por \u00faltimo, Miguel Garrido de la Cierva, presidente de la Confederaci\u00f3n Empresarial de Madrid, ha destacado que \u201ccon la presencia de la SBEES en Madrid, habr\u00e1 un mayor peso de la sociedad civil\u201d y que \u201cEspa\u00f1a tiene un reto, la productividad, y son los asuntos empresariales los que mejoran el pa\u00eds\u201d.[\/vc_column_text][\/vc_column][\/vc_row][vc_row text_align=\u00bbcenter\u00bb][vc_column width=\u00bb1\/6&#8243;][\/vc_column][vc_column text_align=\u00bbcenter\u00bb width=\u00bb2\/3&#8243;]<div class=\"spacer\" style=\"height: 10px;\"><\/div><a href=\"https:\/\/www.foment.com\/wp-content\/uploads\/2024\/02\/Discurso-JSLL-inauguracio\u0301n-SBEES-Madrid.pdf\" target=\"_self\" class=\"button color-3 large \" style=\"border-radius: 2px;\">DISCURSO PRESIDENTE JOSEP S\u00c1NCHEZ LLIBRE<\/a><div class=\"spacer\" style=\"height: 10px;\"><\/div>[\/vc_column][vc_column width=\u00bb1\/6&#8243;][\/vc_column][\/vc_row][vc_row][vc_column][vc_column_text]<span style=\"color: #d2112d;\"><strong>Retos y oportunidades de las ciudades del siglo XXI<\/strong><\/span><\/p>\n<p>Susanna Griso ha dado comienzo a una mesa en la que los participantes han intentado responder a la pregunta sobre cu\u00e1l debe ser el <strong>modelo de las ciudades del siglo XXI<\/strong> para dar respuesta a los retos que tienen ante s\u00ed los ciudadanos que habitan en ellas, en un escenario en que las ciudades se han convertido en el espacio m\u00e1s determinante de la vida de las personas y donde se desarrollan y se vertebran las sociedades modernas.<\/p>\n<p>Se estima que, hacia 2030, la poblaci\u00f3n en las ciudades alcanzar\u00e1 la cifra de 5.000 millones de habitantes, un <strong>desaf\u00edo demogr\u00e1fico<\/strong> sin precedentes en la historia de la humanidad. Enfrentar esta realidad requiere una atenci\u00f3n particular al desarrollo de las <strong>ciudades inteligentes<\/strong>, aquellas que utilizan la <strong>tecnolog\u00eda <\/strong>para planificar, analizar y controlar, buscando la eficiencia. En este escenario, ser\u00e1 tambi\u00e9n esencial abordar medidas que minimicen los <strong>impactos adversos del cambio clim\u00e1tico<\/strong>: acciones para la mitigaci\u00f3n y adaptaci\u00f3n, reducci\u00f3n del consumo, adaptaci\u00f3n de infraestructuras, promoci\u00f3n de \u00e1reas verdes, disminuci\u00f3n de la contaminaci\u00f3n o soluciones para la descarbonizaci\u00f3n. De la misma forma, habr\u00e1 que identificar las nuevas <strong>pol\u00edticas sociales para combatir las desigualdades<\/strong>, lo que implica respaldar el tercer sector, implementar pol\u00edticas para reducir la brecha tecnol\u00f3gica, ofrecer segundas oportunidades, mejorar las condiciones laborales, promover la educaci\u00f3n de calidad e involucrar a colectivos vulnerables o personas de bajos ingresos en la cadena de valor, ya sea como empleados, distribuidores o proveedores, contribuyendo as\u00ed al aumento de sus ingresos. En este sentido, enfrentarse al desaf\u00edo demogr\u00e1fico requiere la implementaci\u00f3n de estrategias s\u00f3lidas basadas en la <strong>promoci\u00f3n activa de ciudades inteligentes, sostenibles y socialmente responsables<\/strong> que nos permitan abordar un escenario complejo.<\/p>\n<p>En este sentido, \u00c1ngel Sim\u00f3n, presidente del Consejo de Patrocinadores de la Sociedad Barcelonesa de Estudios Econ\u00f3micos y Sociales de Foment del Treball y Consejero Delegado de CriteriaCaixa, ha puesto en valor el trabajo de esta plataforma y ha destacado: \u00abes importante contar con think tanks para abordar reflexiones en lo econ\u00f3mico y en lo social, que van siempre de la mano, con las empresas concretando soluciones en un marco de colaboraci\u00f3n p\u00fablico-privada para actuar ante los desaf\u00edos &#8211; como el cambio clim\u00e1tico o las desigualdades- que afrontan las ciudades\u201d.<\/p>\n<p>Alberto Ruiz-Gallard\u00f3n, moderador de la mesa de debate, ha indicado a la nueva entidad que \u201cest\u00e1is en casa, porque Madrid nos pertenece a todos\u201d, y ha introducido el debate con la explicaci\u00f3n de un fen\u00f3meno irreversible: el cambio del mundo rural a las ciudades, que se \u201chan convertido en protagonistas de la convivencia social y de todas sus manifestaciones\u201d. \u201cLos alcaldes tienen que gestionar esta realidad, una realidad que antes iba de arriba abajo y ahora tiene un proceso inverso: el ciudadano es un sujeto activo y las administraciones p\u00fablicas tienen que adecuarse a los cambios\u201d.<\/p>\n<p>La alcaldesa de Valencia, Mar\u00eda Jos\u00e9 Catal\u00e1, ha agradecido la invitaci\u00f3n a esta inauguraci\u00f3n. \u201cEn los \u00faltimos a\u00f1os, Valencia ha vivido aletargada y hoy aqu\u00ed vengo a decirles que Valencia ha vuelto. Mi presencia aqu\u00ed es un testimonio de ello. Queremos estar en la pole, compitiendo sanamente con el resto de las ciudades para atraer inversiones y proyectos. Y eso pasa por tener gobiernos como el que ahora tenemos en Valencia que ofrece seguridad jur\u00eddica que y apuesta por la colaboraci\u00f3n p\u00fablico-privada\u201d. En este sentido, ha subrayado que en los \u00faltimos meses se han desbloqueado iniciativas privadas por 300 millones de euros, y tambi\u00e9n ha puesto en valor que Valencia est\u00e1 liderando proyectos europeos de ciudad inteligente: \u201csomos la \u00fanica ciudad espa\u00f1ola que alberga 2 sedes de los consorcios europeos de infraestructuras digitales creados por la Comisi\u00f3n Europea\u201d.<\/p>\n<p>Por su parte, el alcalde de Barcelona, Jaume Collboni, ha expresado \u201csu apoyo institucional a esta iniciativa\u201d, que ha considerado \u201cestrat\u00e9gica y de pa\u00eds\u201d. Collboni ha apostado por toda actividad que \u201cestreche v\u00ednculos e impulse la colaboraci\u00f3n\u201d y ha reflexionado: \u201cBarcelona ha vuelto, Catalunya ha vuelto para competir: nuestra vocaci\u00f3n siempre ha sido compartir proyectos con la sociedad civil\u201d. Por \u00faltimo, el alcalde de Barcelona ha destacado que las ciudades deben dar soluciones a los grandes retos que tiene la sociedad y ha destacado \u201cla captaci\u00f3n y retenci\u00f3n del talento en nuevas tecnolog\u00edas\u201d como desaf\u00edo, as\u00ed como la necesidad de \u201ccrear riqueza y redistribuirla para tener ciudades y pa\u00edses cohesionados\u201d, para lo que pretende \u201carticular una gran regi\u00f3n metropolitana de los 5 millones de habitantes de cada al 2030\u201d.<\/p>\n<p>El alcalde de Madrid, Jos\u00e9 Luis Mart\u00ednez-Almeida ha insistido en la idea de \u201cdar respuesta a las necesidades de los ciudadanos desde las ciudades\u201d y en su compromiso por poner en el centro el talento: \u201cla capacidad de atraer el talento ser\u00e1 el factor diferencial que nos permitir\u00e1 seguir con el proceso de crecimiento\u201d. En este sentido, ha comentado que en Madrid \u201clos ciudadanos no s\u00f3lo tienen las mejores condiciones profesionales, sino que tambi\u00e9n es el mejor sitio para desarrollar su proyecto vital\u201d. \u00a0\u201cQueremos crecer a trav\u00e9s del dialogo competitivo\u201d, ha indicado.<\/p>\n<p>En la clausura de la mesa redonda, el ministro de Industria y Turismo Jordi Hereu ha apelado a construir un \u201cesp\u00edritu de Miraflores\u201d y ha expresado su agradecimiento a la SBEES por su esfuerzo de salir de Barcelona y ha lanzado una \u201cexpresi\u00f3n de esperanza\u201d. El ministro ha remarcado que el Comit\u00e9 Asesor de la entidad generar\u00e1 conclusiones y an\u00e1lisis muy \u00fatiles para el Gobierno: \u201cseguiremos vuestras reflexiones y me gustar\u00eda formar parte de ellas\u201d, ha concluido.<\/p>\n<p><strong><span style=\"color: #d2112d;\">Presentaci\u00f3n de la SBEES en Madrid<\/span><\/strong><\/p>\n<p>La <strong>Sociedad Barcelonesa de Estudios Econ\u00f3micos y Sociales de Foment del Treball<\/strong> (<strong>SBEES<\/strong>) ha presentado esta ma\u00f1ana su nueva sede en Madrid con la vocaci\u00f3n de participar e influir en el debate p\u00fablico m\u00e1s all\u00e1 de Catalunya, donde est\u00e1 ubicada la entidad, a trav\u00e9s de la organizaci\u00f3n de jornadas econ\u00f3micas.<\/p>\n<p>\u201cNo es una cuesti\u00f3n de catalanes, sino con catalanes\u201d, ha expresado Josep S\u00e1nchez Llibre durante la presentaci\u00f3n, en la que tambi\u00e9n ha afirmado que \u201clos empresarios catalanes queremos liderar la econom\u00eda espa\u00f1ola con modestia, pero tambi\u00e9n con fortaleza, ambici\u00f3n e ilusi\u00f3n, como hicieron nuestros predecesores\u201d.<\/p>\n<p>El presidente de Foment del Treball ha querido asimismo destacar su complicidad con la CEOE y su presidente Antonio Garamendi: \u201cnuestro objetivo es crear espacios de debate permanentes entre los distintos territorios; el papel de lobby lo vamos a seguir ejerciendo bajo el paraguas de la CEOE, son objetivos compatibles y complementarios\u201d.<\/p>\n<p>Por otro lado, S\u00e1nchez Llibre tambi\u00e9n ha querido destacar que: \u201clos empresarios generamos riqueza para la cohesi\u00f3n social: los empresarios espa\u00f1oles tenemos una gran alma social, generamos riqueza y la distribuimos\u201d.<\/p>\n<p>Durante el acto, la SBEES ha dado a conocer al nuevo <strong>delegado de la entidad en Madrid, Paco Hiraldo<\/strong>, que forma parte del Consejo Asesor de la SBEES desde y que ha desarrollado su labor profesional en medios como grupo Televisa, agencia EFE, Radio Espa\u00f1a y La Raz\u00f3n.<\/p>\n<p>En la jornada de presentaci\u00f3n tambi\u00e9n ha participado <strong>F\u00e8lix Riera, director de SBEES<\/strong>, que ha afirmado que: \u201cel objetivo de la SBEES es la organizaci\u00f3n de una serie de actos de car\u00e1cter econ\u00f3mico que nos permitan profundizar en los retos que debemos afrontar como sociedad; queremos ser un espacio de di\u00e1logo para fomentar la colaboraci\u00f3n p\u00fablico \u2013 privada\u201d. \u00a0En la misma l\u00ednea, el director de la SBEES ha querido destacar \u201cla apuesta de la SBEES por debatir acerca de los desaf\u00edos y oportunidades de las ciudades en un escenario tan complejo como el actual, en el que las metr\u00f3polis son un eje vertebrador de las sociedades modernas\u201d.<\/p>\n<p>De esta forma, la entidad aterriza en Madrid con la firme apuesta de promover el di\u00e1logo a trav\u00e9s de la organizaci\u00f3n de debates econ\u00f3micos. En este sentido, est\u00e1n previstas nuevas jornadas sobre \u201cLos logros del sector aeroespacial espa\u00f1ol y su impacto en la Sociedad\u201d o \u201cEl futuro del turismo en las ciudades espa\u00f1olas\u201d, as\u00ed como el inicio de un ciclo de actividades en colaboraci\u00f3n con Caixa Forum Madrid con el t\u00edtulo: \u201cEl dividendo de la colaboraci\u00f3n\u201d.[\/vc_column_text]<div class=\"flexslider wpb_content_element\"><ul class=\"slides\"><li><img src=\"https:\/\/www.foment.com\/wp-content\/uploads\/2024\/02\/26-SEBEES-MADRID-FOMENT_evento-presentacio\u0301n-tarde_20-02-2024_Romanrm-_S5X0283-scaled.jpg\" alt=\"\" \/><\/li><li><img src=\"https:\/\/www.foment.com\/wp-content\/uploads\/2024\/02\/37-SEBEES-MADRID-FOMENT_evento-presentacio\u0301n-tarde_20-02-2024_Romanrm-_S5X0325-scaled.jpg\" alt=\"\" \/><\/li><li><img src=\"https:\/\/www.foment.com\/wp-content\/uploads\/2024\/02\/49-SEBEES-MADRID-FOMENT_evento-presentacio\u0301n-tarde_20-02-2024_Romanrm-_S5X0395-scaled.jpg\" alt=\"\" \/><\/li><li><img src=\"https:\/\/www.foment.com\/wp-content\/uploads\/2024\/02\/50-SEBEES-MADRID-FOMENT_evento-presentacio\u0301n-tarde_20-02-2024_Romanrm-_S5X0402-scaled.jpg\" alt=\"\" \/><\/li><\/ul><\/div>[vc_column_text]<strong><span style=\"color: #d2112d;\">Sobre la SBEES<\/span><\/strong><\/p>\n<p>En 1907, el secretario general de Foment, Guillem Graell i Moles, cre\u00f3 la Sociedad de Estudios Econ\u00f3micos, dentro de la organizaci\u00f3n Foment del Treball Nacional, fundada en 1771, con \u00e1mbito de acci\u00f3n en toda Espa\u00f1a, como marcaban sus estatutos. Con la llegada de la Democracia, Foment decide circunscribirse solo a Catalu\u00f1a para facilitar la fundaci\u00f3n de la CEOE. En el a\u00f1o 2020 se modernizaron los estatutos de la sociedad, creando la Sociedad Barcelonesa de Estudios Econ\u00f3micos y Sociales (SBEES), que tiene como objetivo, entre otros, la puesta en marcha de un espacio permanente de relaci\u00f3n entre Barcelona y Catalu\u00f1a con otras ciudades y otros territorios de Espa\u00f1a, para la creaci\u00f3n de espacios econ\u00f3micos, culturales y tur\u00edsticos capaces de competir internacionalmente. Cumpliendo as\u00ed una vieja aspiraci\u00f3n de estar presente en Madrid, y por tanto en toda Espa\u00f1a, con voluntad inequ\u00edvocamente integradora. Con el objetivo de reordenar en el seno de Foment los dos instrumentos de pensamiento y introducir ideas y reflexiones en la opini\u00f3n p\u00fablica, como son la Sociedad de Estudios Econ\u00f3micos y el Instituto de Estudios Estrat\u00e9gicos (el think tank de Foment), Foment ha refundado la antigua Sociedad de Estudios Econ\u00f3micos creando la Sociedad Barcelonesa de Estudios Econ\u00f3micos i Sociales, como continuadora de la antigua Sociedad, que centrar\u00e1 sus trabajos en Barcelona y su metr\u00f3poli en todos sus aspectos social, econ\u00f3mico, urban\u00edstico, cultural e internacional.[\/vc_column_text][\/vc_column][\/vc_row]<\/p>\n<\/section>","protected":false},"excerpt":{"rendered":"<p>[vc_row][vc_column][vc_column_text] La Sociedad Barcelonesa de Estudios Econ\u00f3micos y Sociales (SBEES) de Foment del Treball ha inaugurado su sede en Madrid con una mesa de debate sobre \u201cLa ciudad del siglo XXI\u201d presentada por la periodista Susanna Griso Ravent\u00f3s y moderada por Alberto Ruiz-Gallard\u00f3n En la mesa redonda han participado el alcalde de Madrid, Jos\u00e9 Luis Mart\u00ednez-Almeida Navasq\u00fc\u00e9s; el alcalde de Barcelona, Jaume Collboni Cuadrado; y la alcaldesa de Valencia, Mar\u00eda Jos\u00e9 Catal\u00e0 Verdet Josep S\u00e1nchez Llibre ha se\u00f1alado que quiere hablar de lo que se puede aportar desde la Societat Barcelonina d&#8217;Estudis Econ\u00f2mics i Socials: \u00abun liderazgo de la economia espa\u00f1ola con mod\u00e9stia, pero al mismo tiempo con ambici\u00f3n y mucha ilusi\u00f3n\u00bb Las ciudades se erigen como el elemento m\u00e1s influyente y crucial en la vida de las personas, siendo el escenario principal donde se configuran y cohesionan las sociedades modernas. En este contexto, los alcaldes de Madrid, Barcelona y Valencia han reflexionado sobre c\u00f3mo debe ser la ciudad del siglo XXI para afrontar los desaf\u00edos que enfrentan los ciudadanos que las habitan en la mesa redonda \u201cLa ciudad del siglo XXI\u201d, que ha inaugurado la sede en Madrid de la Sociedad Barcelonesa de Estudios Econ\u00f3micos y Sociales (SBEES) de [&hellip;]<\/p>\n","protected":false},"author":10,"featured_media":178100,"comment_status":"closed","ping_status":"closed","sticky":false,"template":"","format":"standard","meta":{"_links_to":"","_links_to_target":""},"categories":[114,1799],"tags":[2459,7907],"acf":[],"wps_subtitle":"","_links":{"self":[{"href":"https:\/\/www.foment.com\/es\/wp-json\/wp\/v2\/posts\/178114"}],"collection":[{"href":"https:\/\/www.foment.com\/es\/wp-json\/wp\/v2\/posts"}],"about":[{"href":"https:\/\/www.foment.com\/es\/wp-json\/wp\/v2\/types\/post"}],"author":[{"embeddable":true,"href":"https:\/\/www.foment.com\/es\/wp-json\/wp\/v2\/users\/10"}],"replies":[{"embeddable":true,"href":"https:\/\/www.foment.com\/es\/wp-json\/wp\/v2\/comments?post=178114"}],"version-history":[{"count":14,"href":"https:\/\/www.foment.com\/es\/wp-json\/wp\/v2\/posts\/178114\/revisions"}],"predecessor-version":[{"id":178236,"href":"https:\/\/www.foment.com\/es\/wp-json\/wp\/v2\/posts\/178114\/revisions\/178236"}],"wp:featuredmedia":[{"embeddable":true,"href":"https:\/\/www.foment.com\/es\/wp-json\/wp\/v2\/media\/178100"}],"wp:attachment":[{"href":"https:\/\/www.foment.com\/es\/wp-json\/wp\/v2\/media?parent=178114"}],"wp:term":[{"taxonomy":"category","embeddable":true,"href":"https:\/\/www.foment.com\/es\/wp-json\/wp\/v2\/categories?post=178114"},{"taxonomy":"post_tag","embeddable":true,"href":"https:\/\/www.foment.com\/es\/wp-json\/wp\/v2\/tags?post=178114"}],"curies":[{"name":"wp","href":"https:\/\/api.w.org\/{rel}","templated":true}]}}