{"id":178876,"date":"2024-02-29T23:43:38","date_gmt":"2024-02-29T22:43:38","guid":{"rendered":"https:\/\/www.foment.com\/alvaro-gimenez-la-productivitat-del-sector-aeroespacial-es-25-vegades-superior-a-la-mitjana-de-la-industria\/"},"modified":"2024-03-01T09:34:33","modified_gmt":"2024-03-01T08:34:33","slug":"alvaro-gimenez-la-productivitat-del-sector-aeroespacial-es-25-vegades-superior-a-la-mitjana-de-la-industria","status":"publish","type":"post","link":"https:\/\/www.foment.com\/es\/alvaro-gimenez-la-productivitat-del-sector-aeroespacial-es-25-vegades-superior-a-la-mitjana-de-la-industria\/","title":{"rendered":"\u00c1lvaro Gim\u00e9nez: \u00abla productividad del sector aeroespacial es 2,5 veces superior a la media de la industria\u00bb"},"content":{"rendered":"<section class=\"wpb-content-wrapper\"><p>[vc_row][vc_column][vc_column_text]<\/p>\n<ul>\n<li>La SBEES y la Fundaci\u00f3n \u201cla Caixa\u201d inician un ciclo de di\u00e1logos entre Manel P\u00e9rez, escritor y periodista econ\u00f3mico de La Vanguardia, y expertos de diferentes sectores con el fin de proponer soluciones para afrontar los desaf\u00edos del mundo actual<\/li>\n<li>Elo\u00edsa del Pino, presidenta del Consejo Superior de Investigaciones Cient\u00edficas (CSIC), y Josep S\u00e1nchez Llibre, presidente de la Sociedad Barcelonesa de Estudios Econ\u00f3micos y Sociales de Foment del Treball, han presentado el acto<\/li>\n<li>En el primer di\u00e1logo, \u00c1lvaro Gim\u00e9nez, profesor del CSIC, ha reflexionado sobre la necesidad de la colaboraci\u00f3n entre cient\u00edficos y empresas privadas para el desarrollo de tecnolog\u00edas innovadoras<\/li>\n<li>En Espa\u00f1a, el sector aeroespacial representa casi el 1% del total del PIB espa\u00f1ol, el 9,3% del sector industrial y emplea a casi 5.000 personas<\/li>\n<\/ul>\n<p>La <strong>Sociedad Barcelonesa de Estudios Econ\u00f3micos y Sociales<\/strong> (SBEES) de Foment del Treball y la <strong>Fundaci\u00f3n \u201cla Caixa\u201d<\/strong> han celebrado esta tarde el primer di\u00e1logo del ciclo de conferencias \u201cEl dividendo de la colaboraci\u00f3n\u201d. Elo\u00edsa del Pino, presidenta del <strong>Consejo Superior de Investigaciones Cient\u00edficas (CSIC)<\/strong>, y <strong>Josep S\u00e1nchez Llibre<\/strong>, presidente de la Sociedad Barcelonesa de Estudios Econ\u00f3micos y Sociales de Foment del Treball, han presentado un acto en el que <strong>\u00c1lvaro Gim\u00e9nez<\/strong>, profesor de Investigaci\u00f3n del Consejo Superior de Investigaciones Cient\u00edficas (CSIC) y ex director de Ciencia de la <strong>Agencia Espacial Europea<\/strong> (ASE), y <strong>Manel P\u00e9rez<\/strong>, periodista, escritor y experto en informaci\u00f3n econ\u00f3mica, han debatido sobre los logros del sector aeroespacial espa\u00f1ol y su impacto en la sociedad.<\/p>\n<p>Josep S\u00e1nchez Llibre ha declarado estar muy satisfecho de poder presentar este primer di\u00e1logo despu\u00e9s de la reciente presentaci\u00f3n de la SBEES en Madrid: \u201c<strong>Tenemos previsto organizar una serie de di\u00e1logos con Manel P\u00e9rez<\/strong>, periodista de La Vanguardia, para resolver y plantear elementos sobre la complejidad del mundo actual y con la idea de impulsar la colaboraci\u00f3n entre el sector p\u00fablico y privado\u201d, ha reflexionado.<\/p>\n<p>Elo\u00edsa del Pino ha iniciado su intervenci\u00f3n destacando la importancia de la colaboraci\u00f3n del CSIC con terceros, poniendo en valor los diferentes proyectos en los que trabajan actualmente y subrayando la relevancia de la colaboraci\u00f3n p\u00fablico-privada: \u201cLas empresas nos sugieren retos y nosotros tratamos de resolverlos\u201d, ha comentado.<\/p>\n<p>En Espa\u00f1a, el sector aeroespacial representa casi el 1% del total del PIB espa\u00f1ol, el 9,3% del sector industrial y emplea a casi 5.000 personas. Sus \u00e1reas de trabajo abarcan el desarrollo de las comunicaciones, los sistemas de gesti\u00f3n del tr\u00e1fico a\u00e9reo, sat\u00e9lites, la industria aeron\u00e1utica, la geolocalizaci\u00f3n, los servicios orientados a la seguridad, la innovaci\u00f3n tecnol\u00f3gica, transferencia de conocimiento, la medicina aeroespacial o la ciencia, entre otros campos de actividad. Su impacto en la sociedad, sin embargo, no s\u00f3lo se mide en base a su crecimiento econ\u00f3mico, sino que tambi\u00e9n incide positivamente en la vida de las personas: las misiones cient\u00edficas posibilitan el progreso tecnol\u00f3gico para la creaci\u00f3n de aplicaciones espec\u00edficas que contribuyen a la mejora de la calidad de vida de las personas.<\/p>\n<p>Manel P\u00e9rez ha iniciado el di\u00e1logo asegurando que Europa vive un momento de especial transformaci\u00f3n de su econom\u00eda con el objetivo de dejar de ser el \u00abenano\u00bb tecnol\u00f3gico ante las grandes potencias; en este sentido, ha asegurado que \u00abel sector aeroespacial es clave porque a\u00fana todas las habilidades cient\u00edficas y necesarias para una transformaci\u00f3n de la econom\u00eda\u00bb, haciendo \u00e9nfasis en la capacidad del sector en la transformaci\u00f3n de la econom\u00eda por su transversalidad.<\/p>\n<p>Al inicio de su intervenci\u00f3n, \u00c1lvaro Gim\u00e9nez ha querido resaltar el papel de la industria y de la ciencia: \u201cel espacio necesita a la ciencia para salir adelante y la industria ofrece el desarrollo tecnol\u00f3gico, por lo que la cooperaci\u00f3n resulta necesaria\u201d. De la misma forma, ha comentado que \u00abla industria espa\u00f1ola est\u00e1 bien posicionada y hay que ayudar a las empresas para que aprovechen los medios y los recursos con financiaci\u00f3n p\u00fablica para tener a\u00fan mejor posici\u00f3n en Europa\u00bb. En este sentido, ha destacado la importancia del sector, que ha cifrado mil millones de euros anuales en facturaci\u00f3n, el 80% de los cuales en exportaci\u00f3n: \u00abla productividad del sector aeroespacial es 2,5 veces superior a la media de la industria\u00bb , ha resumido.<\/p>\n<p>Sobre el PERTE, ha destacado que existen 18 l\u00edneas de actuaci\u00f3n en el sector aeroespacial que se est\u00e1n ejecutando, aunque Gim\u00e9nez resalta \u201cla necesidad de un plan nacional continuado en cooperaci\u00f3n con centros de investigaci\u00f3n que permita colaboraciones con terceros \u201d.<\/p>\n<p>Sobre los principales retos a los que se enfrenta la industria, se\u00f1ala la adaptaci\u00f3n al nuevo espacio, lo que implica un cambio en las cadenas de producci\u00f3n; tambi\u00e9n ha hablado sobre la importancia de la sostenibilidad y la gesti\u00f3n del talento; y ha solicitado \u00abasegurar la financiaci\u00f3n privada, que es escasa y fundamental, aunque la privada funcione como ancla\u00bb.<\/p>\n<p>\u00abLa educaci\u00f3n en Espa\u00f1a es buena, pero necesitamos m\u00e1s\u00bb, ha afirmado el profesor del CSIC, que tambi\u00e9n ha comentado que \u00aben materia de defensa, la clave est\u00e1 en las comunicaciones y la observaci\u00f3n: la industria es la misma que para a sat\u00e9lites civiles\u201d.<\/p>\n<p>Como conclusi\u00f3n, \u00c1lvaro Gim\u00e9nez ha afirmado que \u201cse necesita una estrategia de defensa clara en Europa. \u00c9sta ser\u00eda la misi\u00f3n de la Comisi\u00f3n Europea: analizar los aspectos en seguridad y defensa espacial que sean comunes y acordados para todos los pa\u00edses de la Uni\u00f3n\u201d.[\/vc_column_text]<div class=\"flexslider wpb_content_element\"><ul class=\"slides\"><li><img src=\"https:\/\/www.foment.com\/wp-content\/uploads\/2024\/02\/2-3-scaled.jpg\" alt=\"\" \/><\/li><li><img src=\"https:\/\/www.foment.com\/wp-content\/uploads\/2024\/02\/3-scaled.jpg\" alt=\"\" \/><\/li><\/ul><\/div>[vc_column_text]<span style=\"color: #d2112d;\"><strong>Sobre el ciclo \u201cEl dividendo de la colaboraci\u00f3n\u201d<\/strong><\/span><\/p>\n<p>La Sociedad Barcelonesa de Estudios Econ\u00f3micos y Sociales de Foment del Treball y Caixaforum Madrid proponen una serie de di\u00e1logos conducidos por Manel P\u00e9rez, escritor y periodista econ\u00f3mico de La Vanguardia, con diversas personalidades del \u00e1mbito econ\u00f3mico, social, cient\u00edfico, tecnol\u00f3gico y cultural que, con sus trabajos y acciones, est\u00e1n proponiendo soluciones para afrontar la complejidad del mundo actual.<\/p>\n<p>El ciclo de jornadas plantear\u00e1 as\u00ed una serie de di\u00e1logos con personalidades de sectores tan importantes como la industria farmac\u00e9utica, las empresas energ\u00e9ticas o las plataformas audiovisuales y educativas; personas especializadas en el desarrollo de la tecnolog\u00eda 5G, la log\u00edstica, la demograf\u00eda, el big data, la alimentaci\u00f3n, el sector aeroespacial, la rob\u00f3tica, la sostenibilidad y del tercer sector, quienes compartir\u00e1n las soluciones e iniciativas que est\u00e1n siendo promovidas por abordar los distintos desaf\u00edos que afronta nuestra sociedad. Estas iniciativas empresariales surgen de la sociedad civil, que demuestra su habilidad para crear alianzas y acuerdos entre diversos sectores, tanto p\u00fablicos como privados. En este contexto, el dividendo de la colaboraci\u00f3n se obtiene gracias a la colaboraci\u00f3n p\u00fablico-privada, promoviendo y activando valores como la cooperaci\u00f3n, el intercambio de conocimiento y la sensibilidad social, mejorando las condiciones de vida de los ciudadanos.<\/p>\n<p><span style=\"color: #d2112d;\">Sobre la SBEES<\/span><\/p>\n<p>En 1907, el secretario general de Foment, Guillem Graell i Moles, cre\u00f3 la Sociedad de Estudios Econ\u00f3micos, dentro de la organizaci\u00f3n Foment del Treball Nacional, fundada en 1771, con \u00e1mbito de acci\u00f3n en toda Espa\u00f1a, como marcaban sus estatutos . Con la llegada de la Democracia, Foment decide circunscribirse s\u00f3lo a Catalu\u00f1a para facilitar el trabajo en la fundaci\u00f3n de la CEOE. En 2020 se modernizaron los estatutos de la sociedad, creando la Sociedad Barcelonesa de Estudios Econ\u00f3micos y Sociales (SBEES), que tiene como objetivo, entre otros, la puesta en marcha de un espacio permanente de relaci\u00f3n entre Barcelona y Catalu\u00f1a con otras ciudades y otros territorios de Espa\u00f1a, para la creaci\u00f3n de espacios econ\u00f3micos, culturales y tur\u00edsticos capaces de competir internacionalmente, cumpliendo as\u00ed una vieja aspiraci\u00f3n de estar presente en Madrid y, por tanto, en toda Espa\u00f1a, con voluntad inequ\u00edvocamente integradora. Con el objetivo de reordenar en el seno de Foment los dos instrumentos de pensamiento e introducir ideas y reflexiones en la opini\u00f3n p\u00fablica, como son la Sociedad de Estudios Econ\u00f3micos y el Instituto de Estudios Estrat\u00e9gicos (el think tank de Foment) , Foment ha refundado la antigua Sociedad de Estudios Econ\u00f3micos creando la Sociedad Barcelonesa de Estudios Econ\u00f3micos y Sociales, como continuadora de la antigua Sociedad, que centrar\u00e1 sus trabajos en Barcelona y su metr\u00f3poli en todos sus aspectos: social , econ\u00f3mico, urban\u00edstico, cultural e internacional.[\/vc_column_text][\/vc_column][\/vc_row]<\/p>\n<\/section>","protected":false},"excerpt":{"rendered":"<p>[vc_row][vc_column][vc_column_text] La SBEES y la Fundaci\u00f3n \u201cla Caixa\u201d inician un ciclo de di\u00e1logos entre Manel P\u00e9rez, escritor y periodista econ\u00f3mico de La Vanguardia, y expertos de diferentes sectores con el fin de proponer soluciones para afrontar los desaf\u00edos del mundo actual Elo\u00edsa del Pino, presidenta del Consejo Superior de Investigaciones Cient\u00edficas (CSIC), y Josep S\u00e1nchez Llibre, presidente de la Sociedad Barcelonesa de Estudios Econ\u00f3micos y Sociales de Foment del Treball, han presentado el acto En el primer di\u00e1logo, \u00c1lvaro Gim\u00e9nez, profesor del CSIC, ha reflexionado sobre la necesidad de la colaboraci\u00f3n entre cient\u00edficos y empresas privadas para el desarrollo de tecnolog\u00edas innovadoras En Espa\u00f1a, el sector aeroespacial representa casi el 1% del total del PIB espa\u00f1ol, el 9,3% del sector industrial y emplea a casi 5.000 personas La Sociedad Barcelonesa de Estudios Econ\u00f3micos y Sociales (SBEES) de Foment del Treball y la Fundaci\u00f3n \u201cla Caixa\u201d han celebrado esta tarde el primer di\u00e1logo del ciclo de conferencias \u201cEl dividendo de la colaboraci\u00f3n\u201d. Elo\u00edsa del Pino, presidenta del Consejo Superior de Investigaciones Cient\u00edficas (CSIC), y Josep S\u00e1nchez Llibre, presidente de la Sociedad Barcelonesa de Estudios Econ\u00f3micos y Sociales de Foment del Treball, han presentado un acto en el que \u00c1lvaro Gim\u00e9nez, profesor [&hellip;]<\/p>\n","protected":false},"author":10,"featured_media":178867,"comment_status":"closed","ping_status":"closed","sticky":false,"template":"","format":"standard","meta":{"_links_to":"","_links_to_target":""},"categories":[114,1799],"tags":[8288,8289],"acf":[],"wps_subtitle":"","_links":{"self":[{"href":"https:\/\/www.foment.com\/es\/wp-json\/wp\/v2\/posts\/178876"}],"collection":[{"href":"https:\/\/www.foment.com\/es\/wp-json\/wp\/v2\/posts"}],"about":[{"href":"https:\/\/www.foment.com\/es\/wp-json\/wp\/v2\/types\/post"}],"author":[{"embeddable":true,"href":"https:\/\/www.foment.com\/es\/wp-json\/wp\/v2\/users\/10"}],"replies":[{"embeddable":true,"href":"https:\/\/www.foment.com\/es\/wp-json\/wp\/v2\/comments?post=178876"}],"version-history":[{"count":9,"href":"https:\/\/www.foment.com\/es\/wp-json\/wp\/v2\/posts\/178876\/revisions"}],"predecessor-version":[{"id":178909,"href":"https:\/\/www.foment.com\/es\/wp-json\/wp\/v2\/posts\/178876\/revisions\/178909"}],"wp:featuredmedia":[{"embeddable":true,"href":"https:\/\/www.foment.com\/es\/wp-json\/wp\/v2\/media\/178867"}],"wp:attachment":[{"href":"https:\/\/www.foment.com\/es\/wp-json\/wp\/v2\/media?parent=178876"}],"wp:term":[{"taxonomy":"category","embeddable":true,"href":"https:\/\/www.foment.com\/es\/wp-json\/wp\/v2\/categories?post=178876"},{"taxonomy":"post_tag","embeddable":true,"href":"https:\/\/www.foment.com\/es\/wp-json\/wp\/v2\/tags?post=178876"}],"curies":[{"name":"wp","href":"https:\/\/api.w.org\/{rel}","templated":true}]}}