{"id":17907,"date":"2015-11-03T09:00:33","date_gmt":"2015-11-03T08:00:33","guid":{"rendered":"http:\/\/foment.itartech.com\/?p=17907"},"modified":"2017-04-26T15:46:39","modified_gmt":"2017-04-26T13:46:39","slug":"gay-montella-representa-ceoe-la-inauguracion-la-feria-internacional-la-habana-fihav","status":"publish","type":"post","link":"https:\/\/www.foment.com\/es\/gay-montella-representa-ceoe-la-inauguracion-la-feria-internacional-la-habana-fihav\/","title":{"rendered":"Gay de Montell\u00e0 representa a CEOE en la inauguraci\u00f3n de la Feria Internacional de la Habana (FIHAV)"},"content":{"rendered":"<section class=\"wpb-content-wrapper\"><p>[vc_row][vc_column width=\u00bb1\/1&#8243;][vc_column_text]El vicepresidente de CEOE y presidente de Foment del Treball, Joaquim Gay de Montell\u00e0, particip\u00f3 ayer d\u00eda 2 en la inauguraci\u00f3n de la Feria Internacional de la Habana y del pabell\u00f3n espa\u00f1ol junto a los ministros de Econom\u00eda y Competitividad, Luis de Guindos; de Industria, Energ\u00eda y Turismo, Jos\u00e9 Manuel Soria; al secretario de Estado de Comercio, Jaime Garc\u00eda-Legaz; y al vicepresidente de la C\u00e1mara de Comercio de Espa\u00f1a (CCE), Modesto Pi\u00f1eiro. Previamente, mantuvieron una reuni\u00f3n con numerosos empresarios espa\u00f1oles afincados en Cuba (AEEC, Asociaci\u00f3n de Empresarios Espa\u00f1oles en Cuba). Esta tarde, Gay de Montell\u00e0 y el director de Gabinete de Presidencia, de Relaciones Internacionales e Institucionales de CEOE, Narciso Casado Mart\u00edn, acompa\u00f1ar\u00e1n a Jaime Garc\u00eda-Legaz en una visita a la Zona Especial de Desarrollo de Mariel junto a su directora, Ana Teresa Igarza.<\/p>\n<p>Durante la reuni\u00f3n celebrada ayer con los ministros, el secretario de Estado de Comercio, empresarios de la AEEC (asociaci\u00f3n con la que CEOE firm\u00f3 un convenio de colaboraci\u00f3n en una visita reciente al pa\u00eds) y su presidente, Xulio Fonteche, Gay de Montell\u00e0 destac\u00f3 el gran inter\u00e9s de los empresarios espa\u00f1oles por ganar cuota de mercado actualmente en la isla \u201cya que este es el momento para hacer negocios\u201d, subray\u00f3. En este sentido, adelant\u00f3 la posibilidad de abrir en los pr\u00f3ximos meses en CEOE un servicio \u201cBusiness Centre\u201d, con el objeto de crear un \u00e1rea de desarrollo de negocios, que contar\u00eda con la colaboraci\u00f3n del ICEX, COFIDES, CESCE y la AEEC. El vicepresidente de la Confederaci\u00f3n anunci\u00f3 que dicha iniciativa se abordar\u00e1 en la pr\u00f3xima reuni\u00f3n de la Comisi\u00f3n de Relaciones Internacionales de CEOE para tratar de ponerla en marcha.<\/p>\n<p>Los empresarios presentes en el acto mostraron su satisfacci\u00f3n por el despliegue que, tanto CEOE como la C\u00e1mara de Comercio de Espa\u00f1a y el gobierno espa\u00f1ol, est\u00e1n llevando a cabo en la isla desde hace varios meses. Mencionaron oportunidades de negocios en sectores clave de la zona y otros con mayores dificultades, como el financiero y la automoci\u00f3n. Los empresarios de la AEEC consideraron que el balance de este proceso es \u201cpositivo y esperanzador\u201d, gracias a la apertura econ\u00f3mica que se ha producido en el pa\u00eds.<\/p>\n<h3><strong>Inauguraci\u00f3n FIHAV<\/strong><\/h3>\n<p>Tras la reuni\u00f3n empresarial, los ministros espa\u00f1oles, el secretario de Estado de Comercio y los vicepresidentes de CEOE y CCE, han participado en la inauguraci\u00f3n de la Feria Internacional de la Habana, en la que el pabell\u00f3n de Espa\u00f1a, que juega un papel muy destacado. Por parte cubana, asistieron el vicepresidente del gobierno cubano, Ricardo Cabrisas y el ministro de Comercio Exterior e Inversi\u00f3n Extranjera, Rodrigo Malmierca.<br \/>\nPor la tarde, el ministro Luis de Guindos y Ricardo Cabrisas firmaron un acuerdo de refinanciaci\u00f3n de la deuda a corto plazo de Cuba, que tiene un volumen de 201,5 millones de euros. De Guindos firm\u00f3, adem\u00e1s, un memor\u00e1ndum sobre Cooperaci\u00f3n Econ\u00f3mica con el ministro de Comercio Exterior, Rodrigo Malmierca. Jos\u00e9 Manuel Soria firm\u00f3, por su parte, un acuerdo sobre Cooperaci\u00f3n en Materias Energ\u00e9ticas con el ministro cubano L\u00f3pez Vald\u00e9s, y otro sobre Cooperaci\u00f3n Industrial y Colaboraci\u00f3n en materia de micro, peque\u00f1as y medianas empresas con el ministro general Pardo Cruz.<\/p>\n<h3><strong>Zona Especial de Desarrollo de Mariel (ZED)<\/strong><\/h3>\n<p>El vicepresidente de CEOE visitar\u00e1 esta tarde la Zona Especial de Desarrollo de Mariel, que, considera, puede contribuir a impulsar el crecimiento econ\u00f3mico del pa\u00eds. \u201cDurante el \u00faltimo viaje, pude visitar y apreciar el elevado nivel de las infraestructuras de la zona de Mariel, que est\u00e1 llamada a convertirse en un importante polo de atracci\u00f3n de inversiones\u201d, asegur\u00f3. En este sentido, Gay de Montell\u00e0 anim\u00f3 a seguir impulsando este proceso de transformaci\u00f3n de la econom\u00eda y de mayor cercan\u00eda con los pa\u00edses de la regi\u00f3n.<\/p>\n<p>Seg\u00fan Igarza, la ZEDM no es una zona franca pero s\u00ed est\u00e1 dotada de reg\u00edmenes jur\u00eddicos y pol\u00edticas especiales, que ofrecen una serie de incentivos fiscales para los inversores y empresarios establecidos all\u00ed. La directora de esta zona ha destacado en m\u00e1s de una ocasi\u00f3n la red de comunicaciones en Mariel, tanto por acceso vial como ferroviario, en este caso interconectada con la red ferroviaria nacional. Ha informado tambi\u00e9n de la importancia del puerto, que pretende alcanzar un calado de 18 metros, para poder acoger a los buques grandes que provengan del Canal de Panam\u00e1. Es un important\u00edsimo centro log\u00edstico con grandes oportunidades para la inversi\u00f3n extranjera.<\/p>\n<h3><strong>AEEC<\/strong><\/h3>\n<p>El d\u00eda 4, CEOE asistir\u00e1 a los actos de la Asociaci\u00f3n de Empresarios Espa\u00f1oles en Cuba (AEEC), con motivo de su XXI Aniversario. Adem\u00e1s, la Confederaci\u00f3n Empresarial mantiene desde hace a\u00f1os una excelente relaci\u00f3n con dicha Asociaci\u00f3n, con la que pretende seguir organizando actividades conjuntas en ambos pa\u00edses.[\/vc_column_text][\/vc_column][\/vc_row]<\/p>\n<\/section>","protected":false},"excerpt":{"rendered":"<p>[vc_row][vc_column width=\u00bb1\/1&#8243;][vc_column_text]El vicepresidente de CEOE y presidente de Foment del Treball, Joaquim Gay de Montell\u00e0, particip\u00f3 ayer d\u00eda 2 en la inauguraci\u00f3n de la Feria Internacional de la Habana y del pabell\u00f3n espa\u00f1ol junto a los ministros de Econom\u00eda y Competitividad, Luis de Guindos; de Industria, Energ\u00eda y Turismo, Jos\u00e9 Manuel Soria; al secretario de Estado de Comercio, Jaime Garc\u00eda-Legaz; y al vicepresidente de la C\u00e1mara de Comercio de Espa\u00f1a (CCE), Modesto Pi\u00f1eiro. Previamente, mantuvieron una reuni\u00f3n con numerosos empresarios espa\u00f1oles afincados en Cuba (AEEC, Asociaci\u00f3n de Empresarios Espa\u00f1oles en Cuba). Esta tarde, Gay de Montell\u00e0 y el director de Gabinete de Presidencia, de Relaciones Internacionales e Institucionales de CEOE, Narciso Casado Mart\u00edn, acompa\u00f1ar\u00e1n a Jaime Garc\u00eda-Legaz en una visita a la Zona Especial de Desarrollo de Mariel junto a su directora, Ana Teresa Igarza. Durante la reuni\u00f3n celebrada ayer con los ministros, el secretario de Estado de Comercio, empresarios de la AEEC (asociaci\u00f3n con la que CEOE firm\u00f3 un convenio de colaboraci\u00f3n en una visita reciente al pa\u00eds) y su presidente, Xulio Fonteche, Gay de Montell\u00e0 destac\u00f3 el gran inter\u00e9s de los empresarios espa\u00f1oles por ganar cuota de mercado actualmente en la isla \u201cya que este es el momento [&hellip;]<\/p>\n","protected":false},"author":24,"featured_media":17908,"comment_status":"closed","ping_status":"closed","sticky":false,"template":"","format":"standard","meta":{"_links_to":"","_links_to_target":""},"categories":[72],"tags":[364,232,231,230],"acf":[],"wps_subtitle":"Esta tarde, Gay de Montell\u00e0 y Narciso Casado visitan la Zona Especial de Desarrollo de Mariel (ZED) con su directora, Ana Teresa Igarza","_links":{"self":[{"href":"https:\/\/www.foment.com\/es\/wp-json\/wp\/v2\/posts\/17907"}],"collection":[{"href":"https:\/\/www.foment.com\/es\/wp-json\/wp\/v2\/posts"}],"about":[{"href":"https:\/\/www.foment.com\/es\/wp-json\/wp\/v2\/types\/post"}],"author":[{"embeddable":true,"href":"https:\/\/www.foment.com\/es\/wp-json\/wp\/v2\/users\/24"}],"replies":[{"embeddable":true,"href":"https:\/\/www.foment.com\/es\/wp-json\/wp\/v2\/comments?post=17907"}],"version-history":[{"count":0,"href":"https:\/\/www.foment.com\/es\/wp-json\/wp\/v2\/posts\/17907\/revisions"}],"wp:featuredmedia":[{"embeddable":true,"href":"https:\/\/www.foment.com\/es\/wp-json\/wp\/v2\/media\/17908"}],"wp:attachment":[{"href":"https:\/\/www.foment.com\/es\/wp-json\/wp\/v2\/media?parent=17907"}],"wp:term":[{"taxonomy":"category","embeddable":true,"href":"https:\/\/www.foment.com\/es\/wp-json\/wp\/v2\/categories?post=17907"},{"taxonomy":"post_tag","embeddable":true,"href":"https:\/\/www.foment.com\/es\/wp-json\/wp\/v2\/tags?post=17907"}],"curies":[{"name":"wp","href":"https:\/\/api.w.org\/{rel}","templated":true}]}}