{"id":179380,"date":"2024-03-11T12:58:47","date_gmt":"2024-03-11T11:58:47","guid":{"rendered":"https:\/\/www.foment.com\/?p=179380"},"modified":"2024-03-11T13:00:11","modified_gmt":"2024-03-11T12:00:11","slug":"un-hivern-suau-davant-una-ue-debilitada","status":"publish","type":"post","link":"https:\/\/www.foment.com\/es\/un-hivern-suau-davant-una-ue-debilitada\/","title":{"rendered":"Un invierno suave ante una UE debilitada"},"content":{"rendered":"<section class=\"wpb-content-wrapper\"><p>[vc_row][vc_column][vc_column_text]<\/p>\n<ul>\n<li><strong>La econom\u00eda espa\u00f1ola y catalana muestran un crecimiento superior al esperado y sensiblemente m\u00e1s alto que el europeo<\/strong><\/li>\n<li><strong>El fuerte nivel de endeudamiento p\u00fablico en Espa\u00f1a exige una senda realista de reducci\u00f3n del d\u00e9ficit p\u00fablico<\/strong><\/li>\n<li><strong>Se espera una bajada de los tipos de inter\u00e9s que no se producir\u00e1 ni r\u00e1pidamente ni con fuerte intensidad en el 2024, con una actitud prudente de los bancos centrales<\/strong><\/li>\n<li><strong>Sorprende el fuerte ritmo en la creaci\u00f3n de empleo que mantiene un crecimiento destacado del consumo privado, en el cuarto trimestre, a la vez que las exportaciones muestran un bajo crecimiento<\/strong><\/li>\n<\/ul>\n<p>La econom\u00eda de la eurozona evit\u00f3 la recesi\u00f3n a final de 2023 ya que el PIB se mantuvo estable en t\u00e9rminos intertrimestrales, despu\u00e9s de la ligera contracci\u00f3n del tercer trimestre, seg\u00fan se desprende el <a href=\"https:\/\/www.foment.com\/wp-content\/uploads\/2024\/03\/Informe-Coyuntura-Marzo-2024-castellano.pdf\" target=\"_blank\" rel=\"noopener\">Informe de Coyuntura Econ\u00f3mica de Foment del Treball<\/a>, presentado hoy por el presidente de la Comisi\u00f3n de Economia y Finanzas, <strong>Valent\u00ed Pich<\/strong>, y el director del departamento de Estudios y Econom\u00eda, <strong>Salvador Guillermo<\/strong>. El PIB del Reino Unido registr\u00f3 una ca\u00edda, la segunda trimestral consecutiva, es decir que entr\u00f3 en recesi\u00f3n t\u00e9cnica. Fuera del entorno europeo, cabe mencionar que el PIB de EE. UU. creci\u00f3 en el cuarto trimestre, mientras que el crecimiento de la econom\u00eda china se moder\u00f3 y la econom\u00eda japonesa de contrajo por segundo trimestre consecutivo tambi\u00e9n.<\/p>\n<p>En su actualizaci\u00f3n de previsiones econ\u00f3micas del mes de enero, el <strong>FMI proyecta un crecimiento de la econom\u00eda global que implica una mejora en relaci\u00f3n con las estimaciones de octubre<\/strong>. No obstante, las previsiones para el pr\u00f3ximo bienio est\u00e1n por debajo de la media hist\u00f3rica entre 2000-2019 en un contexto de altos tipos de inter\u00e9s, retirada de algunas medidas de apoyo fiscal y elevado endeudamiento, adem\u00e1s de un bajo crecimiento de la productividad y elevada incertidumbre por los conflictos geopol\u00edticos.<\/p>\n<p>Asimismo, la Comisi\u00f3n estima un considerable descenso del nivel de inflaci\u00f3n en la eurozona hasta para este a\u00f1o y reforzado en el 2025, aproxim\u00e1ndose al objetivo de estabilidad de precios establecido por el BCE y el crecimiento en Europa en 2024 ser\u00e1 muy suave, del 0,9%, recuper\u00e1ndose para el 2025 al 1,7%.<\/p>\n<p>El PIB de Espa\u00f1a aument\u00f3 en el cuarto trimestre de 2023, en tasa intertrimestral, un 0,6%, lo que representa un repunte de dos d\u00e9cimas respecto al crecimiento del trimestre anterior (2,0% interanual). De esta forma, el crecimiento del PIB en 2023 para el conjunto de Espa\u00f1a fue del 2,5%. Cabe se\u00f1alar que el valor del PIB a precios corrientes para el conjunto del a\u00f1o 2023 se situ\u00f3 en 1.462.070 millones de euros, un 8,6% superior al de 2022. Destaca la nula contribuci\u00f3n de la demanda externa, el fuerte aumento del gasto p\u00fablico y la ca\u00edda de la inversi\u00f3n. <strong>Dentro de este contexto hay que destacar la recuperaci\u00f3n del consumo privado en el cuarto trimestre de 2023 y la fortaleza en la creaci\u00f3n de empleo<\/strong>.<\/p>\n<p>El PIB de Catalu\u00f1a creci\u00f3 un 2,8% interanual y, en t\u00e9rminos intertrimestrales, la variaci\u00f3n fue de 0,7%. En 2023, la econom\u00eda catalana aument\u00f3 un 2,6%.<\/p>\n<p>En los \u00faltimos 12 meses, el aumento del empleo fue de 783.000, es decir, un 3,8% m\u00e1s, seg\u00fan datos de la EPA, con una variaci\u00f3n positiva en t\u00e9rminos desestacionalizados de 0,6% trimestral. Por otra parte, en los \u00faltimos 12 meses el paro se redujo en 193.400, lo que implica una contracci\u00f3n de 6,4%. <strong>En Catalu\u00f1a, en t\u00e9rminos anuales, la ocupaci\u00f3n subi\u00f3 en 197.600 personas en el cuarto trimestre de 2023 y el paro descendi\u00f3 en 20.900<\/strong>. A su vez, la afiliaci\u00f3n total en Catalu\u00f1a subi\u00f3 un 2,6% interanual en el mes de febrero, igual que en Espa\u00f1a. La cifra de afiliaci\u00f3n total ascendi\u00f3 a 3.698.533 y 20.708.382 personas en Catalu\u00f1a y Espa\u00f1a, respectivamente.<\/p>\n<p>La inflaci\u00f3n aument\u00f3 ligeramente en el mes de enero, con una subida del IPC en Catalu\u00f1a del 3,3 % y, en el conjunto de Espa\u00f1a, del 3,4%. Es importante destacar que la inflaci\u00f3n subyacente continu\u00f3 descendiendo, sin interrupciones desde julio del 2023, situ\u00e1ndose en el 3,6% en enero (3,7% en Catalu\u00f1a). <strong>En este sentido, parece que las tensiones de precios asociadas a la energ\u00eda desaparecen ya que la inflaci\u00f3n subyacente comienza a evolucionar a ritmo similar que la inflaci\u00f3n general<\/strong>. Es importante destacar que la evoluci\u00f3n de la inflaci\u00f3n medida a impuestos constantes pas\u00f3 del 3,4% en diciembre al 3,2% en enero, por lo que el repunte de la inflaci\u00f3n observado a principios de a\u00f1o se debe, en parte, a la finalizaci\u00f3n de las rebajas fiscales para combatir los efectos de la elevada inflaci\u00f3n implementadas en 2022 y 2023. Asimismo, destacar el dato de avance de febrero que sit\u00faa el IPC en el 2,8%.<\/p>\n<p>En lo que a financiaci\u00f3n del sector privado de la econom\u00eda espa\u00f1ola se refiere, la destinada a hogares e ISFLSH se contrajo, nuevamente, en enero. Por otra parte, en el caso de las sociedades no financieras, en enero, tambi\u00e9n se registr\u00f3 un descenso, con ca\u00eddas consecutivas desde el mes de diciembre de 2022.<\/p>\n<p>El conjunto de las AAPP registr\u00f3 una necesidad de financiaci\u00f3n acumulada hasta noviembre que implica una reducci\u00f3n del 6,4% respecto al mismo periodo de 2022. Hasta el mes de noviembre, el d\u00e9ficit consolidado (sin AALL) ascendi\u00f3 al 1,91% del PIB, frente a la necesidad de financiaci\u00f3n de 2,22% de igual per\u00edodo de 2022. Por otra parte, Catalu\u00f1a registr\u00f3 una necesidad de financiaci\u00f3n de 0,58% del PIB en el acumulado a noviembre, lo que implica un descenso del 12,2% interanual.<\/p>\n<p>En 2023, el saldo de la cuenta corriente y de capital para la econom\u00eda espa\u00f1ola -que determina una capacidad de financiaci\u00f3n- fue de 51.400 millones de euros, frente al saldo de 20.700 millones de 2022. Por otra parte, las estad\u00edsticas de exportaciones de bienes se\u00f1alan que, en 2023, las ventas al exterior totalizaron 383.689 millones de euros en el conjunto de Espa\u00f1a, lo que representa un nivel ligeramente inferior al de 2022 (descenso de 1,4%). Las importaciones decrecieron un 7,2% y alcanzaron los 424.2849 millones de euros. En volumen, las exportaciones espa\u00f1olas se redujeron un 5,1% y las importaciones un 5,4%, interanual. En este contexto, las ventas al exterior catalanas subieron un 6,1% (100.684 millones de euros, un 26,2% del total de Espa\u00f1a). Por su parte, las importaciones se redujeron un 1,6% (109.996 millones de euros, un 25,9% del total de Espa\u00f1a).<\/p>\n<p>&nbsp;<\/p>\n<p><strong>L\u00edneas ICO 2023 en Catalu\u00f1a<\/strong><\/p>\n<p>De acuerdo con datos del ICO, en 2023, se canalizaron, en toda Espa\u00f1a, m\u00e1s de 12.960 millones de euros en financiaci\u00f3n hacia aut\u00f3nomos, pymes y empresas para promover su crecimiento y el desarrollo de sus proyectos.<\/p>\n<p>Concretamente, se concedieron 2.243 millones de euros a trav\u00e9s de las L\u00edneas ICO y se formalizaron 12.111 operaciones (sin contar el canal internacional). En Catalu\u00f1a, se concedieron 378 millones de euros en 1.144 operaciones, lo que implica que fue la regi\u00f3n con mayor asignaci\u00f3n de recursos (17% del total).<\/p>\n<p>&nbsp;<\/p>\n<p><strong>Evoluci\u00f3n del d\u00e9ficit y deuda p\u00fablicos de Espa\u00f1a<\/strong><\/p>\n<p>La deuda p\u00fablica en Espa\u00f1a en 2007 se situaba en torno al 37% del PIB, pero, dados los significativos d\u00e9ficits p\u00fablicos que se han ido produciendo, el nivel de deuda p\u00fablica ha crecido de forma destacada en los \u00faltimos 15 a\u00f1os, alej\u00e1ndonos de niveles m\u00e1s sostenibles, a diferencia del endeudamiento privado, tanto familiar como empresarial, que se fue reduciendo, y eso que hab\u00eda un contexto nunca anteriormente visto de tipos de inter\u00e9s muy bajos. En este sentido hay que se\u00f1alar el fuerte aumento del endeudamiento p\u00fablico entre 2007 y 2022, que ha sido en Espa\u00f1a del 69,1% del PIB mientras que en Alemania \u00fanicamente ha sido del 1,9% del PIB, o Francia del 47,3% del PIB o Italia del 37,8%.<\/p>\n<p>De ah\u00ed que la existencia de d\u00e9ficit p\u00fablico, y m\u00e1s dado nuestro elevado nivel de endeudamiento, no resulte beneficioso, sino m\u00e1s bien lo contrario, y debe reducirse de forma progresiva, pero con voluntad constante de erradicarlo.[\/vc_column_text]<div class=\"flexslider wpb_content_element\"><ul class=\"slides\"><li><img src=\"https:\/\/www.foment.com\/wp-content\/uploads\/2024\/03\/DSC_0417-scaled.jpg\" alt=\"\" \/><\/li><li><img src=\"https:\/\/www.foment.com\/wp-content\/uploads\/2024\/03\/DSC_0412-scaled.jpg\" alt=\"\" \/><\/li><li><img src=\"https:\/\/www.foment.com\/wp-content\/uploads\/2024\/03\/DSC_0410-scaled.jpg\" alt=\"\" \/><\/li><li><img src=\"https:\/\/www.foment.com\/wp-content\/uploads\/2024\/03\/DSC_0401-scaled.jpg\" alt=\"\" \/><\/li><li><img src=\"https:\/\/www.foment.com\/wp-content\/uploads\/2024\/03\/DSC_0400-scaled.jpg\" alt=\"\" \/><\/li><li><img src=\"https:\/\/www.foment.com\/wp-content\/uploads\/2024\/03\/DSC_0376-scaled.jpg\" alt=\"\" \/><\/li><li><img src=\"https:\/\/www.foment.com\/wp-content\/uploads\/2024\/03\/DSC_0374-scaled.jpg\" alt=\"\" \/><\/li><li><img src=\"https:\/\/www.foment.com\/wp-content\/uploads\/2024\/03\/DSC_0363-scaled.jpg\" alt=\"\" \/><\/li><li><img src=\"https:\/\/www.foment.com\/wp-content\/uploads\/2024\/03\/DSC_0429-scaled.jpg\" alt=\"\" \/><\/li><li><img src=\"https:\/\/www.foment.com\/wp-content\/uploads\/2024\/03\/DSC_0428-scaled.jpg\" alt=\"\" \/><\/li><li><img src=\"https:\/\/www.foment.com\/wp-content\/uploads\/2024\/03\/DSC_0424-scaled.jpg\" alt=\"\" \/><\/li><li><img src=\"https:\/\/www.foment.com\/wp-content\/uploads\/2024\/03\/DSC_0411-scaled.jpg\" alt=\"\" \/><\/li><li><img src=\"https:\/\/www.foment.com\/wp-content\/uploads\/2024\/03\/DSC_0396-scaled.jpg\" alt=\"\" \/><\/li><li><img src=\"https:\/\/www.foment.com\/wp-content\/uploads\/2024\/03\/DSC_0378-scaled.jpg\" alt=\"\" \/><\/li><\/ul><\/div>[vc_raw_html]JTNDaWZyYW1lJTIwd2lkdGglM0QlMjI1NjAlMjIlMjBoZWlnaHQlM0QlMjIzMTUlMjIlMjBzcmMlM0QlMjJodHRwcyUzQSUyRiUyRnd3dy55b3V0dWJlLmNvbSUyRmVtYmVkJTJGM1BhZE5pbjZjUlklM0ZzaSUzRER5eThsM1JJZUFfUGlXR0slMjIlMjB0aXRsZSUzRCUyMllvdVR1YmUlMjB2aWRlbyUyMHBsYXllciUyMiUyMGZyYW1lYm9yZGVyJTNEJTIyMCUyMiUyMGFsbG93JTNEJTIyYWNjZWxlcm9tZXRlciUzQiUyMGF1dG9wbGF5JTNCJTIwY2xpcGJvYXJkLXdyaXRlJTNCJTIwZW5jcnlwdGVkLW1lZGlhJTNCJTIwZ3lyb3Njb3BlJTNCJTIwcGljdHVyZS1pbi1waWN0dXJlJTNCJTIwd2ViLXNoYXJlJTIyJTIwYWxsb3dmdWxsc2NyZWVuJTNFJTNDJTJGaWZyYW1lJTNF[\/vc_raw_html][\/vc_column][\/vc_row]<\/p>\n<\/section>","protected":false},"excerpt":{"rendered":"<p>[vc_row][vc_column][vc_column_text] La econom\u00eda espa\u00f1ola y catalana muestran un crecimiento superior al esperado y sensiblemente m\u00e1s alto que el europeo El fuerte nivel de endeudamiento p\u00fablico en Espa\u00f1a exige una senda realista de reducci\u00f3n del d\u00e9ficit p\u00fablico Se espera una bajada de los tipos de inter\u00e9s que no se producir\u00e1 ni r\u00e1pidamente ni con fuerte intensidad en el 2024, con una actitud prudente de los bancos centrales Sorprende el fuerte ritmo en la creaci\u00f3n de empleo que mantiene un crecimiento destacado del consumo privado, en el cuarto trimestre, a la vez que las exportaciones muestran un bajo crecimiento La econom\u00eda de la eurozona evit\u00f3 la recesi\u00f3n a final de 2023 ya que el PIB se mantuvo estable en t\u00e9rminos intertrimestrales, despu\u00e9s de la ligera contracci\u00f3n del tercer trimestre, seg\u00fan se desprende el Informe de Coyuntura Econ\u00f3mica de Foment del Treball, presentado hoy por el presidente de la Comisi\u00f3n de Economia y Finanzas, Valent\u00ed Pich, y el director del departamento de Estudios y Econom\u00eda, Salvador Guillermo. El PIB del Reino Unido registr\u00f3 una ca\u00edda, la segunda trimestral consecutiva, es decir que entr\u00f3 en recesi\u00f3n t\u00e9cnica. Fuera del entorno europeo, cabe mencionar que el PIB de EE. UU. creci\u00f3 en el cuarto trimestre, [&hellip;]<\/p>\n","protected":false},"author":281,"featured_media":179333,"comment_status":"closed","ping_status":"closed","sticky":false,"template":"","format":"standard","meta":{"_links_to":"","_links_to_target":""},"categories":[114,69,5714],"tags":[303],"acf":[],"wps_subtitle":"Un invierno suave ante una UE debilitada","_links":{"self":[{"href":"https:\/\/www.foment.com\/es\/wp-json\/wp\/v2\/posts\/179380"}],"collection":[{"href":"https:\/\/www.foment.com\/es\/wp-json\/wp\/v2\/posts"}],"about":[{"href":"https:\/\/www.foment.com\/es\/wp-json\/wp\/v2\/types\/post"}],"author":[{"embeddable":true,"href":"https:\/\/www.foment.com\/es\/wp-json\/wp\/v2\/users\/281"}],"replies":[{"embeddable":true,"href":"https:\/\/www.foment.com\/es\/wp-json\/wp\/v2\/comments?post=179380"}],"version-history":[{"count":4,"href":"https:\/\/www.foment.com\/es\/wp-json\/wp\/v2\/posts\/179380\/revisions"}],"predecessor-version":[{"id":179385,"href":"https:\/\/www.foment.com\/es\/wp-json\/wp\/v2\/posts\/179380\/revisions\/179385"}],"wp:featuredmedia":[{"embeddable":true,"href":"https:\/\/www.foment.com\/es\/wp-json\/wp\/v2\/media\/179333"}],"wp:attachment":[{"href":"https:\/\/www.foment.com\/es\/wp-json\/wp\/v2\/media?parent=179380"}],"wp:term":[{"taxonomy":"category","embeddable":true,"href":"https:\/\/www.foment.com\/es\/wp-json\/wp\/v2\/categories?post=179380"},{"taxonomy":"post_tag","embeddable":true,"href":"https:\/\/www.foment.com\/es\/wp-json\/wp\/v2\/tags?post=179380"}],"curies":[{"name":"wp","href":"https:\/\/api.w.org\/{rel}","templated":true}]}}