{"id":179595,"date":"2024-03-14T11:05:49","date_gmt":"2024-03-14T10:05:49","guid":{"rendered":"https:\/\/www.foment.com\/?p=179595"},"modified":"2024-03-14T11:12:31","modified_gmt":"2024-03-14T10:12:31","slug":"la-fundacion-pere-tarres-y-foment-firman-un-convenio-para-contribuir-al-bienestar-de-los-ninos-en-situacion-vulnerable","status":"publish","type":"post","link":"https:\/\/www.foment.com\/es\/la-fundacion-pere-tarres-y-foment-firman-un-convenio-para-contribuir-al-bienestar-de-los-ninos-en-situacion-vulnerable\/","title":{"rendered":"La Fundaci\u00f3n Pere Tarr\u00e9s y Foment firman un convenio para contribuir al bienestar de los ni\u00f1os en situaci\u00f3n vulnerable"},"content":{"rendered":"<section class=\"wpb-content-wrapper\"><p>[vc_row][vc_column][vc_column_text]<\/p>\n<ul>\n<li>La confederaci\u00f3n de organizaciones empresariales de Catalu\u00f1a promover\u00e1 entre sus empresas asociadas la colaboraci\u00f3n en los programas sociales dirigidos a cerca de 6.000 ni\u00f1os y ni\u00f1as en situaci\u00f3n de vulnerabilidad que asisten a los centros socioeducativos de la Fundaci\u00f3n<\/li>\n<li>Foment sensibilizar\u00e1 al empresariado para que contribuya a financiar material escolar, tratamientos de salud bucodental, regalos de Navidad y gastos asociados a actividades de verano como casales y colonias<\/li>\n<li>La asociaci\u00f3n empresarial tambi\u00e9n fomentar\u00e1 entre sus asociados la posibilidad de ofrecer becas para alumnos de ciclos y grados sin recursos y participar con los proyectos de investigaci\u00f3n de la Fundaci\u00f3n en el \u00e1mbito social<\/li>\n<\/ul>\n<p><strong>El presidente de Foment del Treball<\/strong>, Josep S\u00e1nchez Llibre, y la <strong>presidenta del Patronato de la Fundaci\u00f3n Pere Tarr\u00e9s<\/strong>, N\u00faria Basi, han firmado un convenio de colaboraci\u00f3n con el objetivo de potenciar los programas educativos y sociales dirigidos a ni\u00f1os en situaci\u00f3n de vulnerabilidad.<\/p>\n<p>Seg\u00fan establece el convenio, Foment divulgar\u00e1 entre sus empresas asociadas la posibilidad de <strong>colaborar en las necesidades de los cerca de 6.000 ni\u00f1os y ni\u00f1as de familias en situaci\u00f3n vulnerable<\/strong> que asisten cada tarde al salir de la escuela a uno de los centros socioeducativos de la red solidaria que la Fundaci\u00f3n Pere Tarr\u00e9s coordina en Catalu\u00f1a. Entre las necesidades a cubrir se incluyen el material escolar necesario, personas voluntarias para realizar refuerzo escolar, tratamientos de salud bucodental como pr\u00f3tesis u ortodoncias, regalos en Navidad y otros gastos como los autocares para salidas de verano o de fin de semana de los ni\u00f1os y ni\u00f1as de los centros.<\/p>\n<p>El acuerdo tambi\u00e9n incluye la colaboraci\u00f3n de Foment para que <strong>el empresariado se sensibilice y d\u00e9 su apoyo a acciones como los casales y colonias de verano para ni\u00f1os en situaci\u00f3n de vulnerabilidad<\/strong> (costes de las mismas y de los materiales necesarios) para los propios ni\u00f1os como ba\u00f1adores, toallas, mochilas o cremas solares, entre otros) o participar en la cena solidaria de la Fundaci\u00f3n Pere Tarr\u00e9s, una iniciativa solidaria anual que tiene como objetivo recaudar fondos para diversos proyectos sociales del entidad.<\/p>\n<p>Otra l\u00ednea que Foment tambi\u00e9n potenciar\u00e1 entre sus empresas asociadas es la posibilidad de <strong>ofrecer becas dirigidas a alumnos con buen expediente acad\u00e9mico pero sin recursos<\/strong> que estudian los ciclos formativos de Educaci\u00f3n Infantil y de Integraci\u00f3n Social de la Fundaci\u00f3n o los grados universitarios de Educaci\u00f3n Social y Trabajo Social de la Facultad Pere Tarr\u00e9s.<\/p>\n<p>Por \u00faltimo, la organizaci\u00f3n empresarial tambi\u00e9n colaborar\u00e1 en la b\u00fasqueda de recursos para poder realizar estudios sociales y de efectividad de la acci\u00f3n socioeducativa hacia los ni\u00f1os con dificultades especiales que tanto el \u00e1mbito de Consultor\u00eda y Estudios de la Fundaci\u00f3n como la Facultad Pere Tarr\u00e9s llevan a cabo.<\/p>\n<p>Esta colaboraci\u00f3n muestra el compromiso de Foment del Treball y la Fundaci\u00f3n Pere Tarr\u00e9s con el desarrollo social y educativo de la infancia y la juventud m\u00e1s vulnerables.<\/p>\n<p>&nbsp;<\/p>\n<p><strong>Sobre la Fundaci\u00f3n Pere Tarr\u00e9s<\/strong><\/p>\n<p>La Fundaci\u00f3n Pere Tarr\u00e9s es una entidad no lucrativa de acci\u00f3n social y educativa con la finalidad de promover la educaci\u00f3n en el tiempo libre de ni\u00f1os y j\u00f3venes. Con el tiempo, su acci\u00f3n se ha ampliado a otros \u00e1mbitos de la acci\u00f3n social como la formaci\u00f3n, la investigaci\u00f3n y la gesti\u00f3n en el Tercer Sector. La labor social de la Fundaci\u00f3n Pere Tarr\u00e9s est\u00e1 avalada por 60 a\u00f1os de experiencia, por los m\u00e1s de 400.000 beneficiarios y beneficiarias que cada a\u00f1o participan en los diferentes proyectos y servicios en toda Catalu\u00f1a y las Islas Baleares y por la acreditaci\u00f3n de la Fundaci\u00f3n Lealtad, prestigiosa instituci\u00f3n que analiza cada a\u00f1o la gesti\u00f3n y buenas pr\u00e1cticas de las ONG y ONL m\u00e1s importantes del Estado espa\u00f1ol. En 2016 recibi\u00f3 la Cruz de Sant Jordi otorgada por la Generalitat de Catalunya. <a href=\"https:\/\/www.peretarres.org\/premsa\/sala-experts\" target=\"_blank\" rel=\"noopener\"><strong>Consulta el directorio de expertas y expertos en educaci\u00f3n y<\/strong><strong>\u00a0acci<\/strong><strong>\u00f3n <\/strong><strong>social<\/strong><\/a>[\/vc_column_text]<div class=\"flexslider wpb_content_element\"><ul class=\"slides\"><li><img src=\"https:\/\/www.foment.com\/wp-content\/uploads\/2024\/03\/DSC_0753-scaled.jpg\" alt=\"\" \/><\/li><li><img src=\"https:\/\/www.foment.com\/wp-content\/uploads\/2024\/03\/DSC_0748-scaled.jpg\" alt=\"\" \/><\/li><li><img src=\"https:\/\/www.foment.com\/wp-content\/uploads\/2024\/03\/DSC_0746-scaled.jpg\" alt=\"\" \/><\/li><li><img src=\"https:\/\/www.foment.com\/wp-content\/uploads\/2024\/03\/DSC_0742-scaled.jpg\" alt=\"\" \/><\/li><li><img src=\"https:\/\/www.foment.com\/wp-content\/uploads\/2024\/03\/DSC_0739-scaled.jpg\" alt=\"\" \/><\/li><li><img src=\"https:\/\/www.foment.com\/wp-content\/uploads\/2024\/03\/DSC_0733-scaled.jpg\" alt=\"\" \/><\/li><\/ul><\/div>[\/vc_column][\/vc_row]<\/p>\n<\/section>","protected":false},"excerpt":{"rendered":"<p>[vc_row][vc_column][vc_column_text] La confederaci\u00f3n de organizaciones empresariales de Catalu\u00f1a promover\u00e1 entre sus empresas asociadas la colaboraci\u00f3n en los programas sociales dirigidos a cerca de 6.000 ni\u00f1os y ni\u00f1as en situaci\u00f3n de vulnerabilidad que asisten a los centros socioeducativos de la Fundaci\u00f3n Foment sensibilizar\u00e1 al empresariado para que contribuya a financiar material escolar, tratamientos de salud bucodental, regalos de Navidad y gastos asociados a actividades de verano como casales y colonias La asociaci\u00f3n empresarial tambi\u00e9n fomentar\u00e1 entre sus asociados la posibilidad de ofrecer becas para alumnos de ciclos y grados sin recursos y participar con los proyectos de investigaci\u00f3n de la Fundaci\u00f3n en el \u00e1mbito social El presidente de Foment del Treball, Josep S\u00e1nchez Llibre, y la presidenta del Patronato de la Fundaci\u00f3n Pere Tarr\u00e9s, N\u00faria Basi, han firmado un convenio de colaboraci\u00f3n con el objetivo de potenciar los programas educativos y sociales dirigidos a ni\u00f1os en situaci\u00f3n de vulnerabilidad. Seg\u00fan establece el convenio, Foment divulgar\u00e1 entre sus empresas asociadas la posibilidad de colaborar en las necesidades de los cerca de 6.000 ni\u00f1os y ni\u00f1as de familias en situaci\u00f3n vulnerable que asisten cada tarde al salir de la escuela a uno de los centros socioeducativos de la red solidaria que la Fundaci\u00f3n [&hellip;]<\/p>\n","protected":false},"author":281,"featured_media":179572,"comment_status":"closed","ping_status":"closed","sticky":false,"template":"","format":"standard","meta":{"_links_to":"","_links_to_target":""},"categories":[1821,114,5714,2992],"tags":[2965],"acf":[],"wps_subtitle":"","_links":{"self":[{"href":"https:\/\/www.foment.com\/es\/wp-json\/wp\/v2\/posts\/179595"}],"collection":[{"href":"https:\/\/www.foment.com\/es\/wp-json\/wp\/v2\/posts"}],"about":[{"href":"https:\/\/www.foment.com\/es\/wp-json\/wp\/v2\/types\/post"}],"author":[{"embeddable":true,"href":"https:\/\/www.foment.com\/es\/wp-json\/wp\/v2\/users\/281"}],"replies":[{"embeddable":true,"href":"https:\/\/www.foment.com\/es\/wp-json\/wp\/v2\/comments?post=179595"}],"version-history":[{"count":3,"href":"https:\/\/www.foment.com\/es\/wp-json\/wp\/v2\/posts\/179595\/revisions"}],"predecessor-version":[{"id":179598,"href":"https:\/\/www.foment.com\/es\/wp-json\/wp\/v2\/posts\/179595\/revisions\/179598"}],"wp:featuredmedia":[{"embeddable":true,"href":"https:\/\/www.foment.com\/es\/wp-json\/wp\/v2\/media\/179572"}],"wp:attachment":[{"href":"https:\/\/www.foment.com\/es\/wp-json\/wp\/v2\/media?parent=179595"}],"wp:term":[{"taxonomy":"category","embeddable":true,"href":"https:\/\/www.foment.com\/es\/wp-json\/wp\/v2\/categories?post=179595"},{"taxonomy":"post_tag","embeddable":true,"href":"https:\/\/www.foment.com\/es\/wp-json\/wp\/v2\/tags?post=179595"}],"curies":[{"name":"wp","href":"https:\/\/api.w.org\/{rel}","templated":true}]}}