{"id":180100,"date":"2024-04-02T16:55:19","date_gmt":"2024-04-02T14:55:19","guid":{"rendered":"https:\/\/www.foment.com\/foment-adverteix-certa-desaceleracio-comportament-ocupacio\/"},"modified":"2024-04-02T17:32:56","modified_gmt":"2024-04-02T15:32:56","slug":"foment-advierte-cierta-desaceleracion-comportamiento-empleo","status":"publish","type":"post","link":"https:\/\/www.foment.com\/es\/foment-advierte-cierta-desaceleracion-comportamiento-empleo\/","title":{"rendered":"Foment del Treball advierte de una cierta desaceleraci\u00f3n en el comportamiento del empleo"},"content":{"rendered":"<section class=\"wpb-content-wrapper\"><p>[vc_row][vc_column][vc_column_text]<\/p>\n<ul>\n<li><strong>La patronal destaca que la diferencia entre el paro registrado y el paro efectivo es cada vez mayor por lo que la situaci\u00f3n en el mercado laboral es peor que antes de la Reforma Laboral<\/strong><\/li>\n<li><strong>Foment advierte de que a pesar de los tradicionales datos positivos de los meses de marzo existen diversas sombras sobre la contrataci\u00f3n, el paro efectivo y la desaceleraci\u00f3n del mercado laboral<\/strong><\/li>\n<\/ul>\n<p>El n\u00famero de desempleados en Catalu\u00f1a se ha reducido en el mes de marzo en 1.984 personas (-0,57%). En t\u00e9rminos interanuales, el paro registrado ha descendido en 3.912 (-1,12%). El n\u00famero de parados se sit\u00faa en 344.389.<\/p>\n<p>Respecto a la contrataci\u00f3n, se han efectuado menos contratos que el mes anterior (746 contratos menos), de los cuales 47% (88.350 contratos) lo han sido de car\u00e1cter indefinido, y el resto (53%, es decir, 99.596 contratos) han sido temporales.<\/p>\n<p>Foment del Treball pone en contexto que se trata de un mes tradicionalmente positivo para el empleo. Es cierto que ha habido un incremento de afiliaci\u00f3n notable, pero inferior al a\u00f1o anterior. Pero el paro registrado, a pesar del descenso producido es el cuarto peor dato de marzo de la d\u00e9cada, y la contrataci\u00f3n sigue descendiendo, tanto en este mes, como en t\u00e9rminos interanuales, y, sobre todo, por la disminuci\u00f3n de los contratos indefinidos.<\/p>\n<p>La diferencia entre el paro registrado y el paro efectivo es cada vez mayor, lo que muestra que la situaci\u00f3n en el mercado laboral, en la realidad, que no en la estad\u00edstica, es peor que antes de la Reforma Laboral.[\/vc_column_text]<div class=\"single_image wpb_content_element align-left    \" data-animation=\"none\" data-delay=\"0\"><img width=\"2112\" height=\"1063\" src=\"https:\/\/www.foment.com\/wp-content\/uploads\/2024\/04\/Grafico_1.png\" class=\"attachment-full\" alt=\"\" loading=\"lazy\" title=\"Gr\u00e1fico_1\" srcset=\"https:\/\/www.foment.com\/wp-content\/uploads\/2024\/04\/Grafico_1.png 2112w, https:\/\/www.foment.com\/wp-content\/uploads\/2024\/04\/Grafico_1-300x151.png 300w, https:\/\/www.foment.com\/wp-content\/uploads\/2024\/04\/Grafico_1-1024x515.png 1024w, https:\/\/www.foment.com\/wp-content\/uploads\/2024\/04\/Grafico_1-768x387.png 768w, https:\/\/www.foment.com\/wp-content\/uploads\/2024\/04\/Grafico_1-1536x773.png 1536w, https:\/\/www.foment.com\/wp-content\/uploads\/2024\/04\/Grafico_1-2048x1031.png 2048w\" sizes=\"(max-width: 2112px) 100vw, 2112px\" \/><\/div>[vc_column_text]<span style=\"font-size: 10pt;\">Fuente: Elaboraci\u00f3n propia a partir de los datos del Ministerio de Trabajo y Econom\u00eda Social<\/span><\/p>\n<p>La cifra del paro registrado en Catalu\u00f1a se sit\u00faa en 344.389 personas desempleadas.<\/p>\n<p>El descenso, <u>en t\u00e9rminos interanuales<\/u>, del paro registrado del 1,12% supone 3.912 personas menos desempleadas en relaci\u00f3n con el mismo mes del a\u00f1o anterior.[\/vc_column_text]<div class=\"single_image wpb_content_element align-left    \" data-animation=\"none\" data-delay=\"0\"><img width=\"962\" height=\"428\" src=\"https:\/\/www.foment.com\/wp-content\/uploads\/2024\/04\/Grafico_2.png\" class=\"attachment-full\" alt=\"\" loading=\"lazy\" title=\"Gr\u00e1fico_2\" srcset=\"https:\/\/www.foment.com\/wp-content\/uploads\/2024\/04\/Grafico_2.png 962w, https:\/\/www.foment.com\/wp-content\/uploads\/2024\/04\/Grafico_2-300x133.png 300w, https:\/\/www.foment.com\/wp-content\/uploads\/2024\/04\/Grafico_2-768x342.png 768w\" sizes=\"(max-width: 962px) 100vw, 962px\" \/><\/div>[vc_column_text]<span style=\"font-size: 10pt;\">Font: elaboraci\u00f3 pr\u00f2pia a partir de les dades del Ministeri de Treball i Economia Social.<\/span><\/p>\n<p>Respecto a la <u>variaci\u00f3n mensual<\/u>, en Catalu\u00f1a, en este mes de marzo de 2024 el paro ha registrado un descenso de 1.984 personas desempleadas respecto al mes anterior (un -0,57% en t\u00e9rminos relativos).[\/vc_column_text]<div class=\"single_image wpb_content_element align-left    \" data-animation=\"none\" data-delay=\"0\"><img width=\"2112\" height=\"905\" src=\"https:\/\/www.foment.com\/wp-content\/uploads\/2024\/04\/Grafico_3.png\" class=\"attachment-full\" alt=\"\" loading=\"lazy\" title=\"Gr\u00e1fico_3\" srcset=\"https:\/\/www.foment.com\/wp-content\/uploads\/2024\/04\/Grafico_3.png 2112w, https:\/\/www.foment.com\/wp-content\/uploads\/2024\/04\/Grafico_3-300x129.png 300w, https:\/\/www.foment.com\/wp-content\/uploads\/2024\/04\/Grafico_3-1024x439.png 1024w, https:\/\/www.foment.com\/wp-content\/uploads\/2024\/04\/Grafico_3-768x329.png 768w, https:\/\/www.foment.com\/wp-content\/uploads\/2024\/04\/Grafico_3-1536x658.png 1536w, https:\/\/www.foment.com\/wp-content\/uploads\/2024\/04\/Grafico_3-2048x878.png 2048w\" sizes=\"(max-width: 2112px) 100vw, 2112px\" \/><\/div>[vc_column_text]<span style=\"font-size: 10pt;\">Font: elaboraci\u00f3 pr\u00f2pia a partir de les dades del Ministeri de Treball i Economia Social.<\/span><\/p>\n<p>Por sectores, el paro se reduce en todos los sectores, excepto en el sector de la construcci\u00f3n y en personas sin empleo anterior, concentr\u00e1ndose el mayor descenso del paro registrado en el sector servicios. En este sentido, en el sector de la agricultura el paro registrado se reduce en 31 personas, en la industria en 348 parados menos y en servicios con 1.956 parados menos. En cambio, aumenta en la construcci\u00f3n en 58 y 293 en personas sin empleo anterior.<\/p>\n<p>Por provincias, el paro registrado mensualmente se ha reducido en todas las provincias. En este sentido, en Barcelona se ha reducido en 546 personas, en Girona se reduce en 699 personas, en Lleida en 141 personas y en Tarragona ha descendido en 598 personas. En t\u00e9rminos interanuales, el paro disminuye en un 0,34% en Barcelona, en un 4,14% en Girona, en un 4,88% en Lleida y en un 1,98% en Tarragona.<\/p>\n<p>El paro registrado en cada provincia se sit\u00faa este mes de marzo en 255.907 en Barcelona, 30.704 en Girona, 17.159 en Lleida y 40.619 en Tarragona.<\/p>\n<p><u>Contrataci\u00f3n<\/u>. Respecto al n\u00famero de contratos registrados este mes se sit\u00faan en 187.946 contratos, de los cuales 53% (88.350 contratos) lo han sido de car\u00e1cter indefinido, y el resto (47%, es decir, 99.596 contratos) han sido temporales. El n\u00famero de contratos registrados en Catalu\u00f1a se ha reducido en un 0,40% respecto al mes anterior (746 contratos menos) y en un -10,69% respecto al mes de marzo de 2023 (22.494 contratos menos).<\/p>\n<p><u>A <\/u><u>nivel estatal<\/u> el paro registrado se ha reducido en 33.405 personas en relaci\u00f3n al mes anterior (-1,21%). La cifra de paro a nivel estatal se sit\u00faa en el mes de marzo de 2024 en 2.727.003 personas\u00a0 (-4,73% en t\u00e9rminos anuales).<\/p>\n<p><u>Afiliaci\u00f3n.<\/u> En Catalu\u00f1a, el n\u00famero de afiliados a la Seguridad Social se ha situado en el mes de marzo de 2024 en 3.731.081 ocupados, lo que supone 32.548 ocupados m\u00e1s respecto el mes febrero de 2024 (0,88%), y 93.977 ocupados m\u00e1s respecto al mismo mes del a\u00f1o anterior (2,58%).[\/vc_column_text]<div class=\"single_image wpb_content_element align-left    \" data-animation=\"none\" data-delay=\"0\"><img width=\"1808\" height=\"873\" src=\"https:\/\/www.foment.com\/wp-content\/uploads\/2024\/04\/Grafico_4.png\" class=\"attachment-full\" alt=\"\" loading=\"lazy\" title=\"Gr\u00e1fico_4\" srcset=\"https:\/\/www.foment.com\/wp-content\/uploads\/2024\/04\/Grafico_4.png 1808w, https:\/\/www.foment.com\/wp-content\/uploads\/2024\/04\/Grafico_4-300x145.png 300w, https:\/\/www.foment.com\/wp-content\/uploads\/2024\/04\/Grafico_4-1024x494.png 1024w, https:\/\/www.foment.com\/wp-content\/uploads\/2024\/04\/Grafico_4-768x371.png 768w, https:\/\/www.foment.com\/wp-content\/uploads\/2024\/04\/Grafico_4-1536x742.png 1536w\" sizes=\"(max-width: 1808px) 100vw, 1808px\" \/><\/div>[vc_column_text]<span style=\"font-size: 10pt;\">Fuente: elaboraci\u00f3n propia a partir de los datos del Ministerio de Inclusi\u00f3n, Seguridad Social y Migraciones.<\/span><\/p>\n<p><u>En \u00e1mbito estatal<\/u> el n\u00famero de afiliados a la Seguridad Social se ha situado en el mes de marzo en 20.901.967, lo que supone respecto el mes de febrero de 2024 un incremento de 193.585 ocupados (0,93%), y 525.414 ocupados m\u00e1s respecto al mismo mes del a\u00f1o anterior (2,58%).[\/vc_column_text][\/vc_column][\/vc_row]<\/p>\n<\/section>","protected":false},"excerpt":{"rendered":"<p>[vc_row][vc_column][vc_column_text] La patronal destaca que la diferencia entre el paro registrado y el paro efectivo es cada vez mayor por lo que la situaci\u00f3n en el mercado laboral es peor que antes de la Reforma Laboral Foment advierte de que a pesar de los tradicionales datos positivos de los meses de marzo existen diversas sombras sobre la contrataci\u00f3n, el paro efectivo y la desaceleraci\u00f3n del mercado laboral El n\u00famero de desempleados en Catalu\u00f1a se ha reducido en el mes de marzo en 1.984 personas (-0,57%). En t\u00e9rminos interanuales, el paro registrado ha descendido en 3.912 (-1,12%). El n\u00famero de parados se sit\u00faa en 344.389. Respecto a la contrataci\u00f3n, se han efectuado menos contratos que el mes anterior (746 contratos menos), de los cuales 47% (88.350 contratos) lo han sido de car\u00e1cter indefinido, y el resto (53%, es decir, 99.596 contratos) han sido temporales. Foment del Treball pone en contexto que se trata de un mes tradicionalmente positivo para el empleo. Es cierto que ha habido un incremento de afiliaci\u00f3n notable, pero inferior al a\u00f1o anterior. Pero el paro registrado, a pesar del descenso producido es el cuarto peor dato de marzo de la d\u00e9cada, y la contrataci\u00f3n sigue descendiendo, tanto [&hellip;]<\/p>\n","protected":false},"author":10,"featured_media":180085,"comment_status":"closed","ping_status":"closed","sticky":false,"template":"","format":"standard","meta":{"_links_to":"","_links_to_target":""},"categories":[114,5714,73],"tags":[303,299,4051,4050,619,228,305],"acf":[],"wps_subtitle":"","_links":{"self":[{"href":"https:\/\/www.foment.com\/es\/wp-json\/wp\/v2\/posts\/180100"}],"collection":[{"href":"https:\/\/www.foment.com\/es\/wp-json\/wp\/v2\/posts"}],"about":[{"href":"https:\/\/www.foment.com\/es\/wp-json\/wp\/v2\/types\/post"}],"author":[{"embeddable":true,"href":"https:\/\/www.foment.com\/es\/wp-json\/wp\/v2\/users\/10"}],"replies":[{"embeddable":true,"href":"https:\/\/www.foment.com\/es\/wp-json\/wp\/v2\/comments?post=180100"}],"version-history":[{"count":5,"href":"https:\/\/www.foment.com\/es\/wp-json\/wp\/v2\/posts\/180100\/revisions"}],"predecessor-version":[{"id":180121,"href":"https:\/\/www.foment.com\/es\/wp-json\/wp\/v2\/posts\/180100\/revisions\/180121"}],"wp:featuredmedia":[{"embeddable":true,"href":"https:\/\/www.foment.com\/es\/wp-json\/wp\/v2\/media\/180085"}],"wp:attachment":[{"href":"https:\/\/www.foment.com\/es\/wp-json\/wp\/v2\/media?parent=180100"}],"wp:term":[{"taxonomy":"category","embeddable":true,"href":"https:\/\/www.foment.com\/es\/wp-json\/wp\/v2\/categories?post=180100"},{"taxonomy":"post_tag","embeddable":true,"href":"https:\/\/www.foment.com\/es\/wp-json\/wp\/v2\/tags?post=180100"}],"curies":[{"name":"wp","href":"https:\/\/api.w.org\/{rel}","templated":true}]}}