{"id":180537,"date":"2024-04-15T11:47:16","date_gmt":"2024-04-15T09:47:16","guid":{"rendered":"https:\/\/www.foment.com\/foment-trasllada-propostes-per-eleccions-catalanes-candidat-junts-per-catalunya\/"},"modified":"2024-04-15T15:04:24","modified_gmt":"2024-04-15T13:04:24","slug":"foment-traslada-propuestas-para-elecciones-catalanas-candidato-junts-per-catalunya","status":"publish","type":"post","link":"https:\/\/www.foment.com\/es\/foment-traslada-propuestas-para-elecciones-catalanas-candidato-junts-per-catalunya\/","title":{"rendered":"Foment del Treball traslada sus propuestas para las elecciones catalanas al candidato de Junts per Catalunya"},"content":{"rendered":"<section class=\"wpb-content-wrapper\"><p>[vc_row][vc_column][vc_column_text]<\/p>\n<ul>\n<li>Las prioridades de la patronal catalana son una fiscalidad m\u00e1s competitiva, la ejecuci\u00f3n de las inversiones que el pa\u00eds necesita y una mayor seguridad jur\u00eddica<\/li>\n<\/ul>\n<p>Una delegaci\u00f3n de Foment del Treball, encabezada por su presidente, <strong>Josep S\u00e1nchez Llibre<\/strong>, se ha reunido con el candidato de Junts per Catalunya a las elecciones al Parlament, <strong>Carles Puigdemont<\/strong>. En el encuentro <strong>se han tratado las cuestiones que la patronal catalana ha ido destacando \u00faltimamente para el pr\u00f3ximo contexto electoral<\/strong>: una fiscalidad m\u00e1s competitiva, la ejecuci\u00f3n de las inversiones que el pa\u00eds necesita y una mayor seguridad jur\u00eddica. Foment ya manifest\u00f3 que no har\u00eda ning\u00fan debate electoral, pero que manten\u00eda las puertas abiertas a todos las cabezas de lista para que pudieran hacer llegar sus programas. As\u00ed pues, esta es un encuentro que se incluye en la normalidad institucional.<\/p>\n<p>El presidente S\u00e1nchez Llibre ha transmitido las <a href=\"https:\/\/www.foment.com\/es\/foment-del-treball-presenta-465-propuestas-economicas-para-las-proximas-elecciones-al-parlament\/\">465 propuestas que Foment del Treball<\/a> considera pertinentes ante la pr\u00f3xima convocatoria electoral. En la conversaci\u00f3n se han valorado las necesidades y horizontes del tejido empresarial catal\u00e1n. Una de las preocupaciones de Foment es la cuesti\u00f3n fiscal y la situaci\u00f3n que viven empresas y familias catalanas, por lo que es urgente establecer las bases para un ecosistema econ\u00f3mico positivo y din\u00e1mico. <strong>La eliminaci\u00f3n del impuesto de patrimonio, la rebaja de los tipos marginales del IRPF en Catalu\u00f1a y reducir el tipo impositivo del Impuesto de Sucesiones y Donaciones<\/strong> son algunas de las premisas de Foment. Tambi\u00e9n cuestiones importantes como <strong>la transformaci\u00f3n energ\u00e9tica y la escasez h\u00eddrica y la gesti\u00f3n de la sequ\u00eda<\/strong>. En este marco, tambi\u00e9n se ha insistido en <strong>el d\u00e9ficit de inversiones en infraestructuras en Catalu\u00f1a y en la falta de ejecuci\u00f3n de estas<\/strong> cuando se planifican. En este caso es especialmente relevando la necesaria <strong>ampliaci\u00f3n del aeropuerto de Barcelona-El Prat y su conexi\u00f3n con las estaciones del AVE de Catalu\u00f1a<\/strong>. Foment del Treball ya ha denunciado ampliamente la falta de ejecuci\u00f3n de todas las administraciones p\u00fablicas en Catalu\u00f1a.<\/p>\n<p>La patronal catalana considera que es imprescindible trabajar para seguir mejorando la competitividad de la econom\u00eda. Tambi\u00e9n cabe destacar que <strong>los Fondos Next Generation representan una oportunidad \u00fanica para la recuperaci\u00f3n y la transformaci\u00f3n de la econom\u00eda y que Catalu\u00f1a debe tomar m\u00e1s protagonismo<\/strong> en la gesti\u00f3n y captaci\u00f3n de estos.<\/p>\n<p>La delegaci\u00f3n de Foment la completaba el secretario general, <strong>David Tornos<\/strong>, y los vicepresidentes <strong>Baldiri Ros, Mar Alarc\u00f3n, Xavier Pan\u00e9s, Santiago Garc\u00eda-Nieto, Josep Maria Garde\u00f1es<\/strong> y <strong>Cinta Pascual<\/strong>. Por parte de Junts per Catalunya han participado en la <strong>reuni\u00f3n Jordi Turull, Albert Batet<\/strong> i<strong> Anna Navarro<\/strong>.[\/vc_column_text]<div class=\"flexslider wpb_content_element\"><ul class=\"slides\"><li><img src=\"https:\/\/www.foment.com\/wp-content\/uploads\/2024\/04\/photo_5830151632120300092_y.jpg\" alt=\"\" \/><\/li><li><img src=\"https:\/\/www.foment.com\/wp-content\/uploads\/2024\/04\/photo_5830151632120300087_y.jpg\" alt=\"\" \/><\/li><li><img src=\"https:\/\/www.foment.com\/wp-content\/uploads\/2024\/04\/GLNDGP6WIAAUMBH.jpeg\" alt=\"\" \/><\/li><\/ul><\/div>[\/vc_column][\/vc_row]<\/p>\n<\/section>","protected":false},"excerpt":{"rendered":"<p>[vc_row][vc_column][vc_column_text] Las prioridades de la patronal catalana son una fiscalidad m\u00e1s competitiva, la ejecuci\u00f3n de las inversiones que el pa\u00eds necesita y una mayor seguridad jur\u00eddica Una delegaci\u00f3n de Foment del Treball, encabezada por su presidente, Josep S\u00e1nchez Llibre, se ha reunido con el candidato de Junts per Catalunya a las elecciones al Parlament, Carles Puigdemont. En el encuentro se han tratado las cuestiones que la patronal catalana ha ido destacando \u00faltimamente para el pr\u00f3ximo contexto electoral: una fiscalidad m\u00e1s competitiva, la ejecuci\u00f3n de las inversiones que el pa\u00eds necesita y una mayor seguridad jur\u00eddica. Foment ya manifest\u00f3 que no har\u00eda ning\u00fan debate electoral, pero que manten\u00eda las puertas abiertas a todos las cabezas de lista para que pudieran hacer llegar sus programas. As\u00ed pues, esta es un encuentro que se incluye en la normalidad institucional. El presidente S\u00e1nchez Llibre ha transmitido las 465 propuestas que Foment del Treball considera pertinentes ante la pr\u00f3xima convocatoria electoral. En la conversaci\u00f3n se han valorado las necesidades y horizontes del tejido empresarial catal\u00e1n. Una de las preocupaciones de Foment es la cuesti\u00f3n fiscal y la situaci\u00f3n que viven empresas y familias catalanas, por lo que es urgente establecer las bases para un ecosistema [&hellip;]<\/p>\n","protected":false},"author":10,"featured_media":180573,"comment_status":"closed","ping_status":"closed","sticky":false,"template":"","format":"standard","meta":{"_links_to":"","_links_to_target":""},"categories":[114,68,5714],"tags":[1970,8419,8420,4623,8421],"acf":[],"wps_subtitle":"","_links":{"self":[{"href":"https:\/\/www.foment.com\/es\/wp-json\/wp\/v2\/posts\/180537"}],"collection":[{"href":"https:\/\/www.foment.com\/es\/wp-json\/wp\/v2\/posts"}],"about":[{"href":"https:\/\/www.foment.com\/es\/wp-json\/wp\/v2\/types\/post"}],"author":[{"embeddable":true,"href":"https:\/\/www.foment.com\/es\/wp-json\/wp\/v2\/users\/10"}],"replies":[{"embeddable":true,"href":"https:\/\/www.foment.com\/es\/wp-json\/wp\/v2\/comments?post=180537"}],"version-history":[{"count":11,"href":"https:\/\/www.foment.com\/es\/wp-json\/wp\/v2\/posts\/180537\/revisions"}],"predecessor-version":[{"id":180582,"href":"https:\/\/www.foment.com\/es\/wp-json\/wp\/v2\/posts\/180537\/revisions\/180582"}],"wp:featuredmedia":[{"embeddable":true,"href":"https:\/\/www.foment.com\/es\/wp-json\/wp\/v2\/media\/180573"}],"wp:attachment":[{"href":"https:\/\/www.foment.com\/es\/wp-json\/wp\/v2\/media?parent=180537"}],"wp:term":[{"taxonomy":"category","embeddable":true,"href":"https:\/\/www.foment.com\/es\/wp-json\/wp\/v2\/categories?post=180537"},{"taxonomy":"post_tag","embeddable":true,"href":"https:\/\/www.foment.com\/es\/wp-json\/wp\/v2\/tags?post=180537"}],"curies":[{"name":"wp","href":"https:\/\/api.w.org\/{rel}","templated":true}]}}