{"id":180908,"date":"2024-03-27T11:59:40","date_gmt":"2024-03-27T10:59:40","guid":{"rendered":"https:\/\/www.foment.com\/?p=180908"},"modified":"2024-04-21T12:00:13","modified_gmt":"2024-04-21T10:00:13","slug":"exit-rotund-de-la-primavera-ciclista-del-bergueda","status":"publish","type":"post","link":"https:\/\/www.foment.com\/es\/exit-rotund-de-la-primavera-ciclista-del-bergueda\/","title":{"rendered":"\u00c8xit rotund de la Primavera Ciclista del Bergued\u00e0"},"content":{"rendered":"<p>La Primavera Ciclista al Bergued\u00e0 ha estat un \u00e8xit rotund, assolint una gran participaci\u00f3 en totes les activitats organitzades, col\u00b7laborant en la promoci\u00f3 i dinamitzaci\u00f3 de l\u2019etapa de la Volta Catalunya al Bergued\u00e0 i generant un impacte positiu destacat a la comarca.<\/p>\n<p>La iniciativa ha estat impulsada per un grup de treball format per persones a t\u00edtol individual, l\u2019Ajuntament de Berga,\u00a0 l\u2019Associaci\u00f3 Comarcal d\u2019Empresaris del Bergued\u00e0, el Consell Comarcal del Bergued\u00e0 i l\u2019Ag\u00e8ncia de Desenvolupament del Bergued\u00e0 i ha tingut com a punt \u00e0lgid l\u2019etapa de la Volta a Catalunya 2024 que va omplir el Bergued\u00e0 el passat dissabte. La jornada va ser un \u00e8xit i va superar les expectatives amb un gran nombre de persones que van sortir a les carreteres per animar els ciclistes.<\/p>\n<p>Per\u00f2 de fet, totes les propostes organitzades en les darreres setmanes emmarcades en aquesta Primavera Ciclista del Bergued\u00e0 han tingut una gran acollida com ho demostra, per exemple, la gran expectaci\u00f3 que va tenir la Portal Attack Short Track aplegant prop de 2.000 persones al passeig de la Pau de Berga; la cronoescalada popular a Queralt que va esgotar els 200 dorsals disponibles; o l\u2019inter\u00e8s pel cicle de xerrades a l\u2019entorn del ciclisme que gaireb\u00e9 totes han penjat el cartell de complet; sense deixar de banda les exposicions, \u00e0pats populars, taules rodones i d\u2019altres actes que han omplert l\u2019agenda dels darrers dies.<\/p>\n<p>&nbsp;<\/p>\n<p><strong>El treball en equip, clau de l\u2019\u00e8xit<\/strong><\/p>\n<p>L\u2019\u00e8xit de la Primavera Ciclista al Bergued\u00e0 ha estat possible gr\u00e0cies al treball coordinat de totes les persones, entitats i administracions implicades. La Primavera Ciclista del Bergued\u00e0 ha estat un exemple de treball en equip i de col\u00b7laboraci\u00f3 entre el sector p\u00fablic, el sector privat i la societat civil. Un paper imprescindible l\u2019han tingut les empreses col\u00b7laboradores que, a trav\u00e9s de l\u2019Associaci\u00f3 Comarcal d\u2019Empresaris del Bergued\u00e0, hi han aportat recursos econ\u00f2mics que han perm\u00e8s tirar endavant amb la programaci\u00f3 d\u2019activitats. Tamb\u00e9 cal destacar els esfor\u00e7os i dedicaci\u00f3 i hores de tots els voluntaris que hi ha treballat per fer-ho possible i dels t\u00e8cnics i personal de les administracions.<\/p>\n<p>&nbsp;<\/p>\n<p><strong>Un impacte positiu en la comarca<\/strong><\/p>\n<p>La Primavera Ciclista del Bergued\u00e0 i el pas de la Volta Catalunya 2024 ha tingut un impacte positiu important a la comarca. M\u00e9s enll\u00e0 de la promoci\u00f3 del ciclisme com a esport i de demostrar el potencial que t\u00e9 aquesta disciplina al Bergued\u00e0, la iniciativa ha contribu\u00eft a dinamitzar l\u2019economia local, a donar a con\u00e8ixer els atractius naturals i tur\u00edstics del Bergued\u00e0 i en definitiva a posicionar la marca Bergued\u00e0 i ciclisme en m\u00faltiples mercats.<\/p>\n<p>Des de l\u2019equip impulsor, volem donar les gr\u00e0cies a tothom qui hi ha cregut i hi ha apostat per fer-ho possible.<\/p>\n","protected":false},"excerpt":{"rendered":"<p>La Primavera Ciclista al Bergued\u00e0 ha estat un \u00e8xit rotund, assolint una gran participaci\u00f3 en totes les activitats organitzades, col\u00b7laborant en la promoci\u00f3 i dinamitzaci\u00f3 de l\u2019etapa de la Volta Catalunya al Bergued\u00e0 i generant un impacte positiu destacat a la comarca. La iniciativa ha estat impulsada per un grup de treball format per persones a t\u00edtol individual, l\u2019Ajuntament de Berga,\u00a0 l\u2019Associaci\u00f3 Comarcal d\u2019Empresaris del Bergued\u00e0, el Consell Comarcal del Bergued\u00e0 i l\u2019Ag\u00e8ncia de Desenvolupament del Bergued\u00e0 i ha tingut com a punt \u00e0lgid l\u2019etapa de la Volta a Catalunya 2024 que va omplir el Bergued\u00e0 el passat dissabte. La jornada va ser un \u00e8xit i va superar les expectatives amb un gran nombre de persones que van sortir a les carreteres per animar els ciclistes. Per\u00f2 de fet, totes les propostes organitzades en les darreres setmanes emmarcades en aquesta Primavera Ciclista del Bergued\u00e0 han tingut una gran acollida com ho demostra, per exemple, la gran expectaci\u00f3 que va tenir la Portal Attack Short Track aplegant prop de 2.000 persones al passeig de la Pau de Berga; la cronoescalada popular a Queralt que va esgotar els 200 dorsals disponibles; o l\u2019inter\u00e8s pel cicle de xerrades a l\u2019entorn del ciclisme que [&hellip;]<\/p>\n","protected":false},"author":1,"featured_media":180906,"comment_status":"closed","ping_status":"closed","sticky":false,"template":"","format":"standard","meta":{"_links_to":"","_links_to_target":""},"categories":[8407],"tags":[8415],"acf":[],"wps_subtitle":"","_links":{"self":[{"href":"https:\/\/www.foment.com\/es\/wp-json\/wp\/v2\/posts\/180908"}],"collection":[{"href":"https:\/\/www.foment.com\/es\/wp-json\/wp\/v2\/posts"}],"about":[{"href":"https:\/\/www.foment.com\/es\/wp-json\/wp\/v2\/types\/post"}],"author":[{"embeddable":true,"href":"https:\/\/www.foment.com\/es\/wp-json\/wp\/v2\/users\/1"}],"replies":[{"embeddable":true,"href":"https:\/\/www.foment.com\/es\/wp-json\/wp\/v2\/comments?post=180908"}],"version-history":[{"count":2,"href":"https:\/\/www.foment.com\/es\/wp-json\/wp\/v2\/posts\/180908\/revisions"}],"predecessor-version":[{"id":180910,"href":"https:\/\/www.foment.com\/es\/wp-json\/wp\/v2\/posts\/180908\/revisions\/180910"}],"wp:featuredmedia":[{"embeddable":true,"href":"https:\/\/www.foment.com\/es\/wp-json\/wp\/v2\/media\/180906"}],"wp:attachment":[{"href":"https:\/\/www.foment.com\/es\/wp-json\/wp\/v2\/media?parent=180908"}],"wp:term":[{"taxonomy":"category","embeddable":true,"href":"https:\/\/www.foment.com\/es\/wp-json\/wp\/v2\/categories?post=180908"},{"taxonomy":"post_tag","embeddable":true,"href":"https:\/\/www.foment.com\/es\/wp-json\/wp\/v2\/tags?post=180908"}],"curies":[{"name":"wp","href":"https:\/\/api.w.org\/{rel}","templated":true}]}}