{"id":180931,"date":"2024-03-27T12:12:58","date_gmt":"2024-03-27T11:12:58","guid":{"rendered":"https:\/\/www.foment.com\/?p=180931"},"modified":"2024-04-21T12:13:28","modified_gmt":"2024-04-21T10:13:28","slug":"la-ccoc-explora-les-novetats-del-sector-de-la-construccio-amb-un-enfocament-especial-en-la-industrialitzacio-i-laplicacio-dels-principis-lean","status":"publish","type":"post","link":"https:\/\/www.foment.com\/es\/la-ccoc-explora-les-novetats-del-sector-de-la-construccio-amb-un-enfocament-especial-en-la-industrialitzacio-i-laplicacio-dels-principis-lean\/","title":{"rendered":"La CCOC explora les novetats del sector de la construcci\u00f3 amb un enfocament especial en la industrialitzaci\u00f3 i l\u2019aplicaci\u00f3 dels principis Lean"},"content":{"rendered":"<p>Avui, la Cambra de Contractistes, en col\u00b7laboraci\u00f3 amb ASINCA i Deloitte, ha organitzat una jornada centrada en la \u201cIndustrialitzaci\u00f3, Construcci\u00f3 Lean i Nous M\u00e8todes de Construcci\u00f3\u201d.<\/p>\n<p>Aquest esdeveniment ha tingut com a objectiu principal explorar les \u00faltimes tend\u00e8ncies i les pr\u00e0ctiques innovadores en el sector de la construcci\u00f3, amb un enfocament especial en la industrialitzaci\u00f3 i l\u2019aplicaci\u00f3 dels principis Lean.<\/p>\n<p>Durant el discurs de benvinguda, Llu\u00eds Moreno ha agra\u00eft la participaci\u00f3 dels destacats ponents, entre ells, Iv\u00e1n Rubio de Deloitte, Alejandro L\u00f3pez Navarrete de Capital Projects, Juan Manuel Borr\u00e1s de CULMIA, Lu\u00eds Fern\u00e1ndez de l\u2019Associaci\u00f3 Espanyola de Construcci\u00f3 Industrialitzada, i Bosco Guti\u00e9rrez de Deloitte. Ha destacat la import\u00e0ncia d\u2019aquesta jornada per promoure la col\u00b7laboraci\u00f3 entre els agents del sector i fomentar la innovaci\u00f3 i l\u2019efici\u00e8ncia en els processos constructius.<\/p>\n<p><a href=\"https:\/\/www.foment.com\/wp-content\/uploads\/2024\/04\/CCOC-4.jpg-300x225.webp\"><img loading=\"lazy\" class=\"wp-image-180912 aligncenter\" src=\"https:\/\/www.foment.com\/wp-content\/uploads\/2024\/04\/CCOC-4.jpg-300x225.webp\" alt=\"\" width=\"700\" height=\"525\" srcset=\"https:\/\/www.foment.com\/wp-content\/uploads\/2024\/04\/CCOC-4.jpg-300x225.webp 300w, https:\/\/www.foment.com\/wp-content\/uploads\/2024\/04\/CCOC-4.jpg-1024x768.webp 1024w, https:\/\/www.foment.com\/wp-content\/uploads\/2024\/04\/CCOC-4.jpg-768x576.webp 768w, https:\/\/www.foment.com\/wp-content\/uploads\/2024\/04\/CCOC-4.jpg-1536x1152.webp 1536w, https:\/\/www.foment.com\/wp-content\/uploads\/2024\/04\/CCOC-4.jpg-640x480.webp 640w, https:\/\/www.foment.com\/wp-content\/uploads\/2024\/04\/CCOC-4.jpg.webp 2016w\" sizes=\"(max-width: 700px) 100vw, 700px\" \/><\/a><\/p>\n<p>Iv\u00e1n Rubio ha destacat els canvis significatius que est\u00e0 experimentant el sector de la construcci\u00f3, impulsats per la descarbonitzaci\u00f3, la transformaci\u00f3 tecnol\u00f2gica i les noves regulacions, amb suport dels fons europeus. Ha subratllat els reptes que afronten les empreses, incloent-hi la millora de la rendibilitat a trav\u00e9s de la transformaci\u00f3 i la industrialitzaci\u00f3, la sostenibilitat i la digitalitzaci\u00f3. Aquests pilars s\u00f3n claus per al desenvolupament sostenible de les infraestructures. El sector tamb\u00e9 est\u00e0 transitant cap a models de contractaci\u00f3 m\u00e9s equitatius i fomentant la col\u00b7laboraci\u00f3 p\u00fablic-privada en el finan\u00e7ament d\u2019infraestructures.<\/p>\n<p>L\u2019esdeveniment ha continuat amb una pon\u00e8ncia titulada \u201cNoves tend\u00e8ncies en la construcci\u00f3\u201d a c\u00e0rrec de Alejandro L\u00f3pez on ha parlat sobre els \u00faltims avan\u00e7os i reptes en el camp de la construcci\u00f3, destacant la import\u00e0ncia de l\u2019adaptaci\u00f3 a les demandes del mercat i l\u2019\u00fas de tecnologies emergents.<\/p>\n<p><a href=\"https:\/\/www.foment.com\/wp-content\/uploads\/2024\/04\/CCOC-5-2048x1536.jpg-300x225.webp\"><img loading=\"lazy\" class=\"wp-image-180915 aligncenter\" src=\"https:\/\/www.foment.com\/wp-content\/uploads\/2024\/04\/CCOC-5-2048x1536.jpg-300x225.webp\" alt=\"\" width=\"700\" height=\"525\" srcset=\"https:\/\/www.foment.com\/wp-content\/uploads\/2024\/04\/CCOC-5-2048x1536.jpg-300x225.webp 300w, https:\/\/www.foment.com\/wp-content\/uploads\/2024\/04\/CCOC-5-2048x1536.jpg-1024x768.webp 1024w, https:\/\/www.foment.com\/wp-content\/uploads\/2024\/04\/CCOC-5-2048x1536.jpg-768x576.webp 768w, https:\/\/www.foment.com\/wp-content\/uploads\/2024\/04\/CCOC-5-2048x1536.jpg-1536x1152.webp 1536w, https:\/\/www.foment.com\/wp-content\/uploads\/2024\/04\/CCOC-5-2048x1536.jpg-640x480.webp 640w, https:\/\/www.foment.com\/wp-content\/uploads\/2024\/04\/CCOC-5-2048x1536.jpg.webp 2048w\" sizes=\"(max-width: 700px) 100vw, 700px\" \/><\/a><\/p>\n<p>Seguidament, ha sigut el torn de Bosco Guti\u00e9rrez amb una pon\u00e8ncia sobre l\u2019Avan\u00e7 de la digitalitzaci\u00f3 en el sector de la construcci\u00f3 on ha volgut posar \u00e8mfasi en la transformaci\u00f3 digital com a eina clau per a millorar l\u2019efici\u00e8ncia i la gesti\u00f3 dels projectes constructius.<\/p>\n<p><a href=\"https:\/\/www.foment.com\/wp-content\/uploads\/2024\/04\/ccoc-6-2048x1536.jpg-300x225.webp\"><img loading=\"lazy\" class=\"wp-image-180918 aligncenter\" src=\"https:\/\/www.foment.com\/wp-content\/uploads\/2024\/04\/ccoc-6-2048x1536.jpg-300x225.webp\" alt=\"\" width=\"700\" height=\"525\" srcset=\"https:\/\/www.foment.com\/wp-content\/uploads\/2024\/04\/ccoc-6-2048x1536.jpg-300x225.webp 300w, https:\/\/www.foment.com\/wp-content\/uploads\/2024\/04\/ccoc-6-2048x1536.jpg-1024x768.webp 1024w, https:\/\/www.foment.com\/wp-content\/uploads\/2024\/04\/ccoc-6-2048x1536.jpg-768x576.webp 768w, https:\/\/www.foment.com\/wp-content\/uploads\/2024\/04\/ccoc-6-2048x1536.jpg-1536x1152.webp 1536w, https:\/\/www.foment.com\/wp-content\/uploads\/2024\/04\/ccoc-6-2048x1536.jpg-640x480.webp 640w, https:\/\/www.foment.com\/wp-content\/uploads\/2024\/04\/ccoc-6-2048x1536.jpg.webp 2048w\" sizes=\"(max-width: 700px) 100vw, 700px\" \/><\/a><\/p>\n<p>Tot seguit s\u2019ha donat pas a una taula rodona d\u2019experts on s\u2019han abordat temes rellevants com la sostenibilitat, l\u2019efici\u00e8ncia energ\u00e8tica i la innovaci\u00f3 tecnol\u00f2gica en el sector de la construcci\u00f3. Tamb\u00e9 s\u2019ha volgut destacar el tema de la manca de m\u00e0 d\u2019obra qualificada i la import\u00e0ncia d\u2019atraure talent al sector de la construcci\u00f3.<\/p>\n<p>Finalment, la jornada s\u2019ha clausurat amb paraules d\u2019agra\u00efment per part de la Sra. Maite Ramos, vocal de la Junta Directiva d\u2019ASINCA i representant al Sr. Mateu Tersol, President de l\u2019entitat, i de la resta dels organitzadors tot esperant que les idees compartides durant l\u2019esdeveniment serveixin com a punt de partida per a futures iniciatives col\u00b7laboratives en el sector de la construcci\u00f3.<\/p>\n<p><a href=\"https:\/\/www.foment.com\/wp-content\/uploads\/2024\/04\/ccoc-7-2048x1536.jpg-300x225.webp\"><img loading=\"lazy\" class=\"wp-image-180921 aligncenter\" src=\"https:\/\/www.foment.com\/wp-content\/uploads\/2024\/04\/ccoc-7-2048x1536.jpg-300x225.webp\" alt=\"\" width=\"700\" height=\"525\" srcset=\"https:\/\/www.foment.com\/wp-content\/uploads\/2024\/04\/ccoc-7-2048x1536.jpg-300x225.webp 300w, https:\/\/www.foment.com\/wp-content\/uploads\/2024\/04\/ccoc-7-2048x1536.jpg-1024x768.webp 1024w, https:\/\/www.foment.com\/wp-content\/uploads\/2024\/04\/ccoc-7-2048x1536.jpg-768x576.webp 768w, https:\/\/www.foment.com\/wp-content\/uploads\/2024\/04\/ccoc-7-2048x1536.jpg-1536x1152.webp 1536w, https:\/\/www.foment.com\/wp-content\/uploads\/2024\/04\/ccoc-7-2048x1536.jpg-640x480.webp 640w, https:\/\/www.foment.com\/wp-content\/uploads\/2024\/04\/ccoc-7-2048x1536.jpg.webp 2048w\" sizes=\"(max-width: 700px) 100vw, 700px\" \/><\/a><\/p>\n<p>Gr\u00e0cies a aquest esdeveniment els participants han tingut l\u2019oportunitat d\u2019intercanviar idees i experi\u00e8ncies, aix\u00ed com d\u2019identificar noves oportunitats de millora en els seus respectius \u00e0mbits professionals.<\/p>\n","protected":false},"excerpt":{"rendered":"<p>Avui, la Cambra de Contractistes, en col\u00b7laboraci\u00f3 amb ASINCA i Deloitte, ha organitzat una jornada centrada en la \u201cIndustrialitzaci\u00f3, Construcci\u00f3 Lean i Nous M\u00e8todes de Construcci\u00f3\u201d. Aquest esdeveniment ha tingut com a objectiu principal explorar les \u00faltimes tend\u00e8ncies i les pr\u00e0ctiques innovadores en el sector de la construcci\u00f3, amb un enfocament especial en la industrialitzaci\u00f3 i l\u2019aplicaci\u00f3 dels principis Lean. Durant el discurs de benvinguda, Llu\u00eds Moreno ha agra\u00eft la participaci\u00f3 dels destacats ponents, entre ells, Iv\u00e1n Rubio de Deloitte, Alejandro L\u00f3pez Navarrete de Capital Projects, Juan Manuel Borr\u00e1s de CULMIA, Lu\u00eds Fern\u00e1ndez de l\u2019Associaci\u00f3 Espanyola de Construcci\u00f3 Industrialitzada, i Bosco Guti\u00e9rrez de Deloitte. Ha destacat la import\u00e0ncia d\u2019aquesta jornada per promoure la col\u00b7laboraci\u00f3 entre els agents del sector i fomentar la innovaci\u00f3 i l\u2019efici\u00e8ncia en els processos constructius. Iv\u00e1n Rubio ha destacat els canvis significatius que est\u00e0 experimentant el sector de la construcci\u00f3, impulsats per la descarbonitzaci\u00f3, la transformaci\u00f3 tecnol\u00f2gica i les noves regulacions, amb suport dels fons europeus. Ha subratllat els reptes que afronten les empreses, incloent-hi la millora de la rendibilitat a trav\u00e9s de la transformaci\u00f3 i la industrialitzaci\u00f3, la sostenibilitat i la digitalitzaci\u00f3. Aquests pilars s\u00f3n claus per al desenvolupament sostenible de les infraestructures. El sector [&hellip;]<\/p>\n","protected":false},"author":1,"featured_media":180926,"comment_status":"closed","ping_status":"closed","sticky":false,"template":"","format":"standard","meta":{"_links_to":"","_links_to_target":""},"categories":[8407],"tags":[8415],"acf":[],"wps_subtitle":"La Cambra de Contractistes CCOC celebra la jornada \"Industrialitzaci\u00f3, construcci\u00f3 Lean i nous m\u00e8todes constructius\" amb ASINCA i Deloitte","_links":{"self":[{"href":"https:\/\/www.foment.com\/es\/wp-json\/wp\/v2\/posts\/180931"}],"collection":[{"href":"https:\/\/www.foment.com\/es\/wp-json\/wp\/v2\/posts"}],"about":[{"href":"https:\/\/www.foment.com\/es\/wp-json\/wp\/v2\/types\/post"}],"author":[{"embeddable":true,"href":"https:\/\/www.foment.com\/es\/wp-json\/wp\/v2\/users\/1"}],"replies":[{"embeddable":true,"href":"https:\/\/www.foment.com\/es\/wp-json\/wp\/v2\/comments?post=180931"}],"version-history":[{"count":1,"href":"https:\/\/www.foment.com\/es\/wp-json\/wp\/v2\/posts\/180931\/revisions"}],"predecessor-version":[{"id":180932,"href":"https:\/\/www.foment.com\/es\/wp-json\/wp\/v2\/posts\/180931\/revisions\/180932"}],"wp:featuredmedia":[{"embeddable":true,"href":"https:\/\/www.foment.com\/es\/wp-json\/wp\/v2\/media\/180926"}],"wp:attachment":[{"href":"https:\/\/www.foment.com\/es\/wp-json\/wp\/v2\/media?parent=180931"}],"wp:term":[{"taxonomy":"category","embeddable":true,"href":"https:\/\/www.foment.com\/es\/wp-json\/wp\/v2\/categories?post=180931"},{"taxonomy":"post_tag","embeddable":true,"href":"https:\/\/www.foment.com\/es\/wp-json\/wp\/v2\/tags?post=180931"}],"curies":[{"name":"wp","href":"https:\/\/api.w.org\/{rel}","templated":true}]}}