{"id":180950,"date":"2024-03-27T12:20:42","date_gmt":"2024-03-27T11:20:42","guid":{"rendered":"https:\/\/www.foment.com\/?p=180950"},"modified":"2024-04-21T12:21:11","modified_gmt":"2024-04-21T10:21:11","slug":"el-director-de-latl-comparteix-la-seva-visio-sobre-la-gestio-en-temps-de-crisi-en-un-esmorzar-col%c2%b7loqui-amb-la-ccoc-i-asinca","status":"publish","type":"post","link":"https:\/\/www.foment.com\/es\/el-director-de-latl-comparteix-la-seva-visio-sobre-la-gestio-en-temps-de-crisi-en-un-esmorzar-col%c2%b7loqui-amb-la-ccoc-i-asinca\/","title":{"rendered":"El director de l\u2019ATL comparteix la seva visi\u00f3 sobre la gesti\u00f3 en temps de crisi en un esmorzar col\u00b7loqui amb la CCOC i ASINCA"},"content":{"rendered":"<p>Avui hem celebrat un esmorzar col\u00b7loqui amb els nostres companys d\u2019ASINCA,\u00a0acompanyats del Sr. David Vila, director de l\u2019ATL (Ens d\u2019Abastament d\u2019Aigua Ter-Llobregat).<\/p>\n<p>L\u2019esdeveniment, presidit per Llu\u00eds Moreno, ha estat una ocasi\u00f3 clau per debatre q\u00fcestions rellevants sobre la gesti\u00f3 en temps de crisi.<\/p>\n<p>En el seu discurs de benvinguda, Llu\u00eds Moreno ha expressat l\u2019agra\u00efment per la pres\u00e8ncia del Sr. David Vila i ha destacat la import\u00e0ncia de l\u2019intercanvi d\u2019idees i perspectives entre els professionals del sector.<\/p>\n<p>A continuaci\u00f3, David Vila ha compartit la seva visi\u00f3 sobre la tem\u00e0tica central del col\u00b7loqui titulat \u201cGesti\u00f3 en temps de crisi: solucions temporals o estructurals?\u201d<\/p>\n<p><a href=\"https:\/\/www.foment.com\/wp-content\/uploads\/2024\/04\/ccoc-1-2048x1536.jpg-300x225.webp\"><img loading=\"lazy\" class=\"wp-image-180937 aligncenter\" src=\"https:\/\/www.foment.com\/wp-content\/uploads\/2024\/04\/ccoc-1-2048x1536.jpg-300x225.webp\" alt=\"\" width=\"800\" height=\"600\" srcset=\"https:\/\/www.foment.com\/wp-content\/uploads\/2024\/04\/ccoc-1-2048x1536.jpg-300x225.webp 300w, https:\/\/www.foment.com\/wp-content\/uploads\/2024\/04\/ccoc-1-2048x1536.jpg-1024x768.webp 1024w, https:\/\/www.foment.com\/wp-content\/uploads\/2024\/04\/ccoc-1-2048x1536.jpg-768x576.webp 768w, https:\/\/www.foment.com\/wp-content\/uploads\/2024\/04\/ccoc-1-2048x1536.jpg-1536x1152.webp 1536w, https:\/\/www.foment.com\/wp-content\/uploads\/2024\/04\/ccoc-1-2048x1536.jpg-640x480.webp 640w, https:\/\/www.foment.com\/wp-content\/uploads\/2024\/04\/ccoc-1-2048x1536.jpg.webp 2048w\" sizes=\"(max-width: 800px) 100vw, 800px\" \/><\/a><\/p>\n<p>Dins del context preocupant de sequera a Catalunya, Vila ha destacat la import\u00e0ncia d\u2019adoptar mesures que proporcionin solucions a llarg termini per abordar les crisis.<\/p>\n<p>Actualment, Vila ha comentat que la regi\u00f3 Metropolitana de Barcelona consumeix anualment 400\u202fhm3 l\u2019any i actualment, a trav\u00e9s de l\u2019aigua dessalada, regenerada i de pous, produ\u00efm el 50% del que realment consumim, \u00e9s a dir 200\u202fhm3\/any. En aquest sentit, Vila ha revelat un pla d\u2019inversions del govern que supera els 2.400 milions d\u2019euros, destinat a diverses actuacions per arribar a cobrir les necessitats d\u2019aigua del territori de cara l\u2019any 2029, com les que podeu veure en la seg\u00fcent imatge:<\/p>\n<p><a href=\"https:\/\/www.foment.com\/wp-content\/uploads\/2024\/04\/ccoc-2.png-300x167.webp\"><img loading=\"lazy\" class=\"wp-image-180940 aligncenter\" src=\"https:\/\/www.foment.com\/wp-content\/uploads\/2024\/04\/ccoc-2.png-300x167.webp\" alt=\"\" width=\"799\" height=\"445\" srcset=\"https:\/\/www.foment.com\/wp-content\/uploads\/2024\/04\/ccoc-2.png-300x167.webp 300w, https:\/\/www.foment.com\/wp-content\/uploads\/2024\/04\/ccoc-2.png-1024x572.webp 1024w, https:\/\/www.foment.com\/wp-content\/uploads\/2024\/04\/ccoc-2.png-768x429.webp 768w, https:\/\/www.foment.com\/wp-content\/uploads\/2024\/04\/ccoc-2.png.webp 1367w\" sizes=\"(max-width: 799px) 100vw, 799px\" \/><\/a><\/p>\n<p><a href=\"https:\/\/www.foment.com\/wp-content\/uploads\/2024\/04\/CCOC-3-300x168.png\"><img loading=\"lazy\" class=\"wp-image-180943 aligncenter\" src=\"https:\/\/www.foment.com\/wp-content\/uploads\/2024\/04\/CCOC-3-300x168.png\" alt=\"\" width=\"800\" height=\"448\" srcset=\"https:\/\/www.foment.com\/wp-content\/uploads\/2024\/04\/CCOC-3-300x168.png 300w, https:\/\/www.foment.com\/wp-content\/uploads\/2024\/04\/CCOC-3-1024x574.png 1024w, https:\/\/www.foment.com\/wp-content\/uploads\/2024\/04\/CCOC-3-768x431.png 768w, https:\/\/www.foment.com\/wp-content\/uploads\/2024\/04\/CCOC-3.png 1366w\" sizes=\"(max-width: 800px) 100vw, 800px\" \/><\/a><\/p>\n<p>&nbsp;<\/p>\n<p>Aquestes mesures, segons Vila, s\u00f3n un exemple de com abordar els desafiaments actuals amb una perspectiva estructural, construint solucions que no nom\u00e9s atenguin les necessitats immediates, sin\u00f3 que tamb\u00e9 preparen el terreny per a un futur m\u00e9s resilient i sostenible.<\/p>\n<p>Tamb\u00e9 ha volgut destacar que la soluci\u00f3 al d\u00e8ficit h\u00eddric, l\u2019increment de la resili\u00e8ncia davant l\u2019impacte del canvi clim\u00e0tic i la garantia d\u2019aigua passa per un sumatori d\u2019alternatives de fonts de prove\u00efment i 3 grans eixos d\u2019acci\u00f3 vinculats als Objectius de Desenvolupament Sostenible (ODS) 2030:<\/p>\n<ul>\n<li>Diversificaci\u00f3<\/li>\n<li>Digitalitzaci\u00f3<\/li>\n<li>Descarbonitzaci\u00f3<\/li>\n<\/ul>\n<p>Una de les solucions estructurals passa per connectar-se a una xarxa en alta:<\/p>\n<ul>\n<li>Aigua superficial<\/li>\n<li>Aigua dessalinitzada<\/li>\n<li>Aigua regenerada<\/li>\n<\/ul>\n<div><\/div>\n<p>Ja per clausurar l\u2019acte, el Sr. Mateu Tersol, President d\u2019ASINCA, ha agra\u00eft la intervenci\u00f3 del ponent i ha donat les gr\u00e0cies a tots els presents.<\/p>\n<p><strong><a href=\"https:\/\/larevista.foment.com\/wp-content\/uploads\/2024\/03\/1709552421__dvila-atl-jornada-ccoc-04.03.2024.pdf\" target=\"_blank\" rel=\"noopener\">VEURE PRESENTACI\u00d3 POWERPOINT<\/a><\/strong><\/p>\n","protected":false},"excerpt":{"rendered":"<p>Avui hem celebrat un esmorzar col\u00b7loqui amb els nostres companys d\u2019ASINCA,\u00a0acompanyats del Sr. David Vila, director de l\u2019ATL (Ens d\u2019Abastament d\u2019Aigua Ter-Llobregat). L\u2019esdeveniment, presidit per Llu\u00eds Moreno, ha estat una ocasi\u00f3 clau per debatre q\u00fcestions rellevants sobre la gesti\u00f3 en temps de crisi. En el seu discurs de benvinguda, Llu\u00eds Moreno ha expressat l\u2019agra\u00efment per la pres\u00e8ncia del Sr. David Vila i ha destacat la import\u00e0ncia de l\u2019intercanvi d\u2019idees i perspectives entre els professionals del sector. A continuaci\u00f3, David Vila ha compartit la seva visi\u00f3 sobre la tem\u00e0tica central del col\u00b7loqui titulat \u201cGesti\u00f3 en temps de crisi: solucions temporals o estructurals?\u201d Dins del context preocupant de sequera a Catalunya, Vila ha destacat la import\u00e0ncia d\u2019adoptar mesures que proporcionin solucions a llarg termini per abordar les crisis. Actualment, Vila ha comentat que la regi\u00f3 Metropolitana de Barcelona consumeix anualment 400\u202fhm3 l\u2019any i actualment, a trav\u00e9s de l\u2019aigua dessalada, regenerada i de pous, produ\u00efm el 50% del que realment consumim, \u00e9s a dir 200\u202fhm3\/any. En aquest sentit, Vila ha revelat un pla d\u2019inversions del govern que supera els 2.400 milions d\u2019euros, destinat a diverses actuacions per arribar a cobrir les necessitats d\u2019aigua del territori de cara l\u2019any 2029, com les que podeu [&hellip;]<\/p>\n","protected":false},"author":1,"featured_media":180936,"comment_status":"closed","ping_status":"closed","sticky":false,"template":"","format":"standard","meta":{"_links_to":"","_links_to_target":""},"categories":[8407],"tags":[8415],"acf":[],"wps_subtitle":"David Vila destaca la import\u00e0ncia d\u2019adoptar mesures que proporcionin solucions a llarg termini per abordar les crisis","_links":{"self":[{"href":"https:\/\/www.foment.com\/es\/wp-json\/wp\/v2\/posts\/180950"}],"collection":[{"href":"https:\/\/www.foment.com\/es\/wp-json\/wp\/v2\/posts"}],"about":[{"href":"https:\/\/www.foment.com\/es\/wp-json\/wp\/v2\/types\/post"}],"author":[{"embeddable":true,"href":"https:\/\/www.foment.com\/es\/wp-json\/wp\/v2\/users\/1"}],"replies":[{"embeddable":true,"href":"https:\/\/www.foment.com\/es\/wp-json\/wp\/v2\/comments?post=180950"}],"version-history":[{"count":1,"href":"https:\/\/www.foment.com\/es\/wp-json\/wp\/v2\/posts\/180950\/revisions"}],"predecessor-version":[{"id":180951,"href":"https:\/\/www.foment.com\/es\/wp-json\/wp\/v2\/posts\/180950\/revisions\/180951"}],"wp:featuredmedia":[{"embeddable":true,"href":"https:\/\/www.foment.com\/es\/wp-json\/wp\/v2\/media\/180936"}],"wp:attachment":[{"href":"https:\/\/www.foment.com\/es\/wp-json\/wp\/v2\/media?parent=180950"}],"wp:term":[{"taxonomy":"category","embeddable":true,"href":"https:\/\/www.foment.com\/es\/wp-json\/wp\/v2\/categories?post=180950"},{"taxonomy":"post_tag","embeddable":true,"href":"https:\/\/www.foment.com\/es\/wp-json\/wp\/v2\/tags?post=180950"}],"curies":[{"name":"wp","href":"https:\/\/api.w.org\/{rel}","templated":true}]}}