{"id":180976,"date":"2024-03-20T12:51:47","date_gmt":"2024-03-20T11:51:47","guid":{"rendered":"https:\/\/www.foment.com\/?p=180976"},"modified":"2024-04-21T12:52:16","modified_gmt":"2024-04-21T10:52:16","slug":"ciment-catala-aborda-limpuls-de-la-descarbonitzacio-del-sector-amb-la-consellera-capella","status":"publish","type":"post","link":"https:\/\/www.foment.com\/es\/ciment-catala-aborda-limpuls-de-la-descarbonitzacio-del-sector-amb-la-consellera-capella\/","title":{"rendered":"Ciment Catal\u00e0 aborda l\u2019impuls de la descarbonitzaci\u00f3 del sector amb la consellera Capella"},"content":{"rendered":"<p>El Consell Directiu de\u00a0<strong>Ciment Catal\u00e0<\/strong>\u00a0\u00a0encap\u00e7alat pel seu president\u00a0<strong>Salvador Fern\u00e1ndez Capo<\/strong>, ha analitzat el proc\u00e9s de descarbonitzaci\u00f3 del sector en una sessi\u00f3 de treball amb la consellera del Departament de Territori de la Generalitat,\u00a0<strong>Ester Capella<\/strong>. La reuni\u00f3, celebrada el 31 de gener, va comptar amb la participaci\u00f3 de\u00a0<strong>Joan Jaume<\/strong>, secretari general del Departament de Territori, i es va centrar especialment en la posada en marxa de mesures que facilitin el cam\u00ed cap a la\u00a0<a href=\"https:\/\/ciment-catala.org\/wp-content\/uploads\/CIMENT-CATALA-Full-de-ruta-per-a-la-neutralitat-climatica.pdf\">neutralitat clim\u00e0tica<\/a>\u00a0que la ind\u00fastria catalana del ciment s\u2019ha fixat com a objectiu per a l\u2019any 2050.<\/p>\n<p>A banda d\u2019aquest assumpte central, la reuni\u00f3 tamb\u00e9 va servir per posar de relleu les dificultats que travessa el sector per l\u2019escassa execuci\u00f3 d\u2019obra p\u00fablica. Per als representants de\u00a0<strong>Ciment Catal\u00e0<\/strong>, la manca de construcci\u00f3 i manteniment de les infraestructures no nom\u00e9s afecta les vendes de les empreses, sin\u00f3 que genera problemes al conjunt de la societat, especialment i en el moment actual en els \u00e0mbits de la mobilitat i del cicle de l\u2019aigua.<\/p>\n<p>Tamb\u00e9 es van examinar els impediments normatius que tenen actualment les f\u00e0briques de ciment a l\u2019hora d\u2019ampliar la quantitat i la varietat de productes que poden utilitzar per a evitar el consum de combustibles f\u00f2ssils i contribuir, d\u2019aquesta manera, a la lluita contra el Canvi Clim\u00e0tic. A m\u00e9s, aquesta situaci\u00f3 la posa en inferioritat de condicions en termes de competitivitat amb altres f\u00e0briques de l\u2019estat.<\/p>\n<p>La valoritzaci\u00f3 energ\u00e8tica de residus \u00e9s un dels principis de l\u2019Economia Circular i tamb\u00e9 una soluci\u00f3 al problema de l\u2019abocament d\u2019aquests materials i els conseg\u00fcents efectes mediambientals que aix\u00f2 provoca.<\/p>\n","protected":false},"excerpt":{"rendered":"<p>El Consell Directiu de\u00a0Ciment Catal\u00e0\u00a0\u00a0encap\u00e7alat pel seu president\u00a0Salvador Fern\u00e1ndez Capo, ha analitzat el proc\u00e9s de descarbonitzaci\u00f3 del sector en una sessi\u00f3 de treball amb la consellera del Departament de Territori de la Generalitat,\u00a0Ester Capella. La reuni\u00f3, celebrada el 31 de gener, va comptar amb la participaci\u00f3 de\u00a0Joan Jaume, secretari general del Departament de Territori, i es va centrar especialment en la posada en marxa de mesures que facilitin el cam\u00ed cap a la\u00a0neutralitat clim\u00e0tica\u00a0que la ind\u00fastria catalana del ciment s\u2019ha fixat com a objectiu per a l\u2019any 2050. A banda d\u2019aquest assumpte central, la reuni\u00f3 tamb\u00e9 va servir per posar de relleu les dificultats que travessa el sector per l\u2019escassa execuci\u00f3 d\u2019obra p\u00fablica. Per als representants de\u00a0Ciment Catal\u00e0, la manca de construcci\u00f3 i manteniment de les infraestructures no nom\u00e9s afecta les vendes de les empreses, sin\u00f3 que genera problemes al conjunt de la societat, especialment i en el moment actual en els \u00e0mbits de la mobilitat i del cicle de l\u2019aigua. Tamb\u00e9 es van examinar els impediments normatius que tenen actualment les f\u00e0briques de ciment a l\u2019hora d\u2019ampliar la quantitat i la varietat de productes que poden utilitzar per a evitar el consum de combustibles f\u00f2ssils i contribuir, d\u2019aquesta manera, [&hellip;]<\/p>\n","protected":false},"author":1,"featured_media":180973,"comment_status":"closed","ping_status":"closed","sticky":false,"template":"","format":"standard","meta":{"_links_to":"","_links_to_target":""},"categories":[8407],"tags":[8415],"acf":[],"wps_subtitle":"","_links":{"self":[{"href":"https:\/\/www.foment.com\/es\/wp-json\/wp\/v2\/posts\/180976"}],"collection":[{"href":"https:\/\/www.foment.com\/es\/wp-json\/wp\/v2\/posts"}],"about":[{"href":"https:\/\/www.foment.com\/es\/wp-json\/wp\/v2\/types\/post"}],"author":[{"embeddable":true,"href":"https:\/\/www.foment.com\/es\/wp-json\/wp\/v2\/users\/1"}],"replies":[{"embeddable":true,"href":"https:\/\/www.foment.com\/es\/wp-json\/wp\/v2\/comments?post=180976"}],"version-history":[{"count":1,"href":"https:\/\/www.foment.com\/es\/wp-json\/wp\/v2\/posts\/180976\/revisions"}],"predecessor-version":[{"id":180977,"href":"https:\/\/www.foment.com\/es\/wp-json\/wp\/v2\/posts\/180976\/revisions\/180977"}],"wp:featuredmedia":[{"embeddable":true,"href":"https:\/\/www.foment.com\/es\/wp-json\/wp\/v2\/media\/180973"}],"wp:attachment":[{"href":"https:\/\/www.foment.com\/es\/wp-json\/wp\/v2\/media?parent=180976"}],"wp:term":[{"taxonomy":"category","embeddable":true,"href":"https:\/\/www.foment.com\/es\/wp-json\/wp\/v2\/categories?post=180976"},{"taxonomy":"post_tag","embeddable":true,"href":"https:\/\/www.foment.com\/es\/wp-json\/wp\/v2\/tags?post=180976"}],"curies":[{"name":"wp","href":"https:\/\/api.w.org\/{rel}","templated":true}]}}