{"id":181172,"date":"2024-02-28T13:57:46","date_gmt":"2024-02-28T12:57:46","guid":{"rendered":"https:\/\/www.foment.com\/?p=181172"},"modified":"2024-04-21T13:58:01","modified_gmt":"2024-04-21T11:58:01","slug":"laceb-forma-350-persones-durant-el-2023","status":"publish","type":"post","link":"https:\/\/www.foment.com\/es\/laceb-forma-350-persones-durant-el-2023\/","title":{"rendered":"L\u2019ACEB forma 350 persones durant el 2023"},"content":{"rendered":"<p>L\u2019Associaci\u00f3 Comarcal d\u2019Empresaris del Bergued\u00e0 ha tancat el 2023 havent format a\u00a0<strong>350 persones i amb m\u00e9s de 1.400 hores de classes realitzades<\/strong>. La patronal berguedana continua la seva l\u00ednia de formaci\u00f3 amb l\u2019objectiu d\u2019aportar nous coneixements per al desenvolupament laboral a persones actives aix\u00ed com per oferir noves eines a persones en situaci\u00f3 d\u2019atur.<\/p>\n<p>Segons a la gerent de l\u2019ACEB, Neus Piniella, \u201cla formaci\u00f3 impartida a l\u2019ACEB\u00a0<strong>dona resposta a necessitats del teixit empresarial i industrial<\/strong>\u00a0de la comarca i a m\u00e9s, forma part del Cat\u00e0leg Nacional de Qualificacions Professionals, fet que facilita i serveix per a l\u2019acreditaci\u00f3 de compet\u00e8ncies.\u201d<\/p>\n<p>Per altra banda, ha afegit, s\u00f3n cursos que permeten \u201c<strong>millorar les compet\u00e8ncies professionals<\/strong>\u00a0de les persones treballadores que hi assisteixen, i a la vegada, a millorar la projecci\u00f3 professional d\u2019aquestes\u201d. A m\u00e9s a m\u00e9s, en aquest sentit, s\u2019ofereix la possibilitat de fer itineraris formatius de fam\u00edlies professionals.<\/p>\n<p>&nbsp;<\/p>\n<p><strong>Formaci\u00f3 2024<\/strong><\/p>\n<p>La formaci\u00f3 es mant\u00e9 aquest 2024 amb\u00a0<strong>nova oferta planificada<\/strong>, de moment, fins el mes de juny amb cursos com per exemple el de carretoner, el d\u2019emerg\u00e8ncies i primers auxilis, el de principis b\u00e0sics de la intel\u00b7lig\u00e8ncia emocional o el d\u2019aproximaci\u00f3 a la salut mental. A m\u00e9s, enguany s\u2019ha iniciat el curs de\u00a0<strong>Mestratge en construcci\u00f3 tradicional<\/strong>\u00a0que s\u2019imparteix a trav\u00e9s del Gremi de la Bioconstrucci\u00f3 i Sumem Patrimoni \u00a0i el nou curs de\u00a0<strong>Formaci\u00f3 Professional Ocupacional Dual en administraci\u00f3, m\u00e0rqueting i vendes<\/strong>. Enguany s\u2019ha escollit aquesta modalitat, ja que el personal administratiu \u00e9s el m\u00e9s demandat entre les empreses berguedanes sent el perfil que m\u00e9s s\u2019adiu a la tipologia d\u2019activitat de la comarca: petites i mitjanes empreses que busquen personal polivalent en l\u2019\u00e0mbit administratiu.<\/p>\n<p>La patronal \u00e9s l\u2019\u00fanica entitat promotora de la FPO Dual a la comarca i\u00a0<strong>per tercer any consecutiu<\/strong>\u00a0ha apostat per oferir aquesta l\u00ednia per fomentar l\u2019ocupaci\u00f3 amb l\u2019objectiu de cobrir les mancances laborals del teixit empresarial de la comarca i oferir noves oportunitats a persones a l\u2019atur per accedir al mercat laboral.\u00a0<strong>Hi participen 13 alumnes i 13 empreses del Bergued\u00e0<\/strong>\u00a0que ja acullen els estudiants en pr\u00e0ctiques amb un contracte laboral d\u2019aprenentatge, mentre tamb\u00e9 es formen a nivell te\u00f2ric.<\/p>\n<p>Per altra banda, aquest mes de febrer s\u2019ha iniciat un\u00a0<strong>curs de manteniment mec\u00e0nic\u00a0<\/strong>a l\u2019escola Fedac Xarxa de Berga, i un de\u00a0<strong>portes autom\u00e0tiques<\/strong>\u00a0a l\u2019EDN de Nav\u00e0s. Les dues formacions s\u00f3n del sector industrial amb l\u2019objectiu de potenciar aquesta branca al Bergued\u00e0 i amb la implicaci\u00f3 d\u2019agents del territori.<\/p>\n<p>Com en els darrers anys, tamb\u00e9 s\u2019estan realitzant ja paquets formatius programats conjuntament amb l\u2019UBIC sobre temes relacionats amb el\u00a0<strong>sector comercial<\/strong>, aix\u00ed com d\u2019altres espec\u00edfics de la\u00a0<strong>branca d\u2019hostaleria i turisme<\/strong>, a partir de la demanda d\u2019Hostaleria i Turisme del Bergued\u00e0 i de l\u2019Associaci\u00f3 d\u2019Agroturisme del Bergued\u00e0.<\/p>\n<p>&nbsp;<\/p>\n<p><strong>Borsa de treball<\/strong><\/p>\n<p>Una formaci\u00f3 de qualitat i encarada a la millora de compet\u00e8ncies no pot anar deslligada d\u2019una ocupaci\u00f3 de qualitat. L\u2019ACEB tamb\u00e9 continua oferint el\u00a0<strong>servei d\u2019ag\u00e8ncia de col\u00b7locaci\u00f3 laboral<\/strong>\u00a0amb l\u2019objectiu de donar resposta als socis que necessiten cobrir i ampliar llocs de treball. Durant el 2023 l\u2019ACEB va dinamitzar\u00a0<strong>139 ofertes de treball de les quals se\u2019n t\u00e9 const\u00e0ncia que 70 han quedat cobertes<\/strong>. De les ofertes que s\u2019han recollit, una seixantena cercaven operaris especialitzats; cinquantena responien al perfil administratiu i a feines amb titulacions superiors; mentre que feines relacionades amb serveis a les persones se n\u2019han dif\u00f3s una trentena.<\/p>\n","protected":false},"excerpt":{"rendered":"<p>L\u2019Associaci\u00f3 Comarcal d\u2019Empresaris del Bergued\u00e0 ha tancat el 2023 havent format a\u00a0350 persones i amb m\u00e9s de 1.400 hores de classes realitzades. La patronal berguedana continua la seva l\u00ednia de formaci\u00f3 amb l\u2019objectiu d\u2019aportar nous coneixements per al desenvolupament laboral a persones actives aix\u00ed com per oferir noves eines a persones en situaci\u00f3 d\u2019atur. Segons a la gerent de l\u2019ACEB, Neus Piniella, \u201cla formaci\u00f3 impartida a l\u2019ACEB\u00a0dona resposta a necessitats del teixit empresarial i industrial\u00a0de la comarca i a m\u00e9s, forma part del Cat\u00e0leg Nacional de Qualificacions Professionals, fet que facilita i serveix per a l\u2019acreditaci\u00f3 de compet\u00e8ncies.\u201d Per altra banda, ha afegit, s\u00f3n cursos que permeten \u201cmillorar les compet\u00e8ncies professionals\u00a0de les persones treballadores que hi assisteixen, i a la vegada, a millorar la projecci\u00f3 professional d\u2019aquestes\u201d. A m\u00e9s a m\u00e9s, en aquest sentit, s\u2019ofereix la possibilitat de fer itineraris formatius de fam\u00edlies professionals. &nbsp; Formaci\u00f3 2024 La formaci\u00f3 es mant\u00e9 aquest 2024 amb\u00a0nova oferta planificada, de moment, fins el mes de juny amb cursos com per exemple el de carretoner, el d\u2019emerg\u00e8ncies i primers auxilis, el de principis b\u00e0sics de la intel\u00b7lig\u00e8ncia emocional o el d\u2019aproximaci\u00f3 a la salut mental. A m\u00e9s, enguany s\u2019ha iniciat el curs de\u00a0Mestratge en [&hellip;]<\/p>\n","protected":false},"author":1,"featured_media":181170,"comment_status":"closed","ping_status":"closed","sticky":false,"template":"","format":"standard","meta":{"_links_to":"","_links_to_target":""},"categories":[8407],"tags":[8415],"acf":[],"wps_subtitle":"La patronal mant\u00e9 l\u2019oferta cont\u00ednua per a la millora de compet\u00e8ncies i aquest 2024 ja s\u2019ha iniciat el curs de FPO Dual en administraci\u00f3, m\u00e0rqueting i vendes","_links":{"self":[{"href":"https:\/\/www.foment.com\/es\/wp-json\/wp\/v2\/posts\/181172"}],"collection":[{"href":"https:\/\/www.foment.com\/es\/wp-json\/wp\/v2\/posts"}],"about":[{"href":"https:\/\/www.foment.com\/es\/wp-json\/wp\/v2\/types\/post"}],"author":[{"embeddable":true,"href":"https:\/\/www.foment.com\/es\/wp-json\/wp\/v2\/users\/1"}],"replies":[{"embeddable":true,"href":"https:\/\/www.foment.com\/es\/wp-json\/wp\/v2\/comments?post=181172"}],"version-history":[{"count":2,"href":"https:\/\/www.foment.com\/es\/wp-json\/wp\/v2\/posts\/181172\/revisions"}],"predecessor-version":[{"id":181174,"href":"https:\/\/www.foment.com\/es\/wp-json\/wp\/v2\/posts\/181172\/revisions\/181174"}],"wp:featuredmedia":[{"embeddable":true,"href":"https:\/\/www.foment.com\/es\/wp-json\/wp\/v2\/media\/181170"}],"wp:attachment":[{"href":"https:\/\/www.foment.com\/es\/wp-json\/wp\/v2\/media?parent=181172"}],"wp:term":[{"taxonomy":"category","embeddable":true,"href":"https:\/\/www.foment.com\/es\/wp-json\/wp\/v2\/categories?post=181172"},{"taxonomy":"post_tag","embeddable":true,"href":"https:\/\/www.foment.com\/es\/wp-json\/wp\/v2\/tags?post=181172"}],"curies":[{"name":"wp","href":"https:\/\/api.w.org\/{rel}","templated":true}]}}