{"id":181228,"date":"2024-02-20T14:17:36","date_gmt":"2024-02-20T13:17:36","guid":{"rendered":"https:\/\/www.foment.com\/?p=181228"},"modified":"2024-04-21T14:17:54","modified_gmt":"2024-04-21T12:17:54","slug":"la-unio-empresarial-de-lanoia-forma-225-alumnes-i-insereix-64-persones-a-empreses-de-la-comarca","status":"publish","type":"post","link":"https:\/\/www.foment.com\/es\/la-unio-empresarial-de-lanoia-forma-225-alumnes-i-insereix-64-persones-a-empreses-de-la-comarca\/","title":{"rendered":"La Uni\u00f3 Empresarial de l\u2019Anoia forma 225 alumnes i insereix 64 persones a empreses de la comarca"},"content":{"rendered":"<p>La Uni\u00f3 Empresarial de l\u2019Anoia registra bones dades l\u2019any 2023 pel que fa a formaci\u00f3 i inserci\u00f3 laboral. De fet, un dels serveis que ofereix la UEA a les seves empreses associades \u00e9s formaci\u00f3 a mida, i per l\u2019altra, un departament de borsa de treball per tal de publicar i gestionar les ofertes de feina i cobrir els perfils i llocs de feina que les empreses associades sol\u00b7liciten.<\/p>\n<p>&nbsp;<\/p>\n<p><strong>M\u00e9s de 25 anys formant a persones treballadores i a empreses<\/strong><\/p>\n<p>Pel que fa a la formaci\u00f3, la UEA t\u00e9 m\u00e9s de 25 anys d\u2019experi\u00e8ncia en el sector. En aquest sentit, la Uni\u00f3 Empresarial de l\u2019Anoia s\u2019ha convertit en un centre de formaci\u00f3 especialitzada i desenvolupa qualsevol formaci\u00f3 demandada per l\u2019empresa, ja sigui a trav\u00e9s de formaci\u00f3 bonificada, formaci\u00f3 per a directius\/ves i comandaments intermedis o amb formaci\u00f3 a mida a les necessitats de les organitzacions. En aquest sentit, aquest 2023, 225 persones s\u2019han format amb la UEA, a trav\u00e9s de 17 cursos organitzats per la patronal anoienca amb un total de 159 hores de formaci\u00f3.<\/p>\n<p>A m\u00e9s, 5 empreses associades van creure en la UEA per a organitzar cursos a mida pels seus treballadors. En un dels casos la formaci\u00f3 es va fer a\u00a0 la mateixa empresa i als altres, els cursos s\u2019han fet a les instal\u00b7lacions de la UEA.<\/p>\n<p>Els cursos que s\u2019han impartit durant el 2023 han sigut diversos: des de com aplicar la intel\u00b7lig\u00e8ncia artificial a l\u2019estrat\u00e8gia de vendes de l\u2019empresa; habilitats de comunicaci\u00f3; gesti\u00f3 de la producci\u00f3; gesti\u00f3 del temps; Whatsapp Business; Instagram per als negocis; planificaci\u00f3 i organitzaci\u00f3 del treball; com preparar l\u2019estrat\u00e8gia digital a les xarxes; entre altres.<\/p>\n<p>&nbsp;<\/p>\n<p><strong>Nous cursos subvencionats per a activitats industrials<\/strong><\/p>\n<p>Com a novetat, aquest 2024 la Uni\u00f3 Empresarial de l\u2019Anoia -i tenint en compte les necessitats detectades pel teixit empresarial- organitza diverses formacions a trav\u00e9s de Conforcat a Mida de la m\u00e0 del Consorci per a la Formaci\u00f3 Cont\u00ednua de la Generalitat de Catalunya. Es tracta cursos subvencionats, adre\u00e7ats a persones treballadores o en situaci\u00f3 d\u2019atur i que pretenen donar resposta a la necessitat que t\u00e9 la ind\u00fastria anoienca de tenir personal format.<\/p>\n<p>En l\u2019actualitat, el curs d\u2019operari de planta qu\u00edmica ja est\u00e0 en marxa i en bon funcionament. Properament, es realitzaran els cursos de mecanitzaci\u00f3 amb torn CNC; d\u2019electricitat industrial; d\u2019automatitzaci\u00f3 programable; mecanitzaci\u00f3 amb fresadora CNC i el d\u2019hidr\u00e0ulica.<\/p>\n<p>Tota l\u2019oferta formativa de la Uni\u00f3 Empresarial de l\u2019Anoia est\u00e0 disponible al web:\u00a0<a href=\"http:\/\/www.uea.cat\/\">www.uea.cat<\/a>\u00a0a l\u2019apartat de formaci\u00f3. Per a m\u00e9s informaci\u00f3:\u00a0<a href=\"mailto:formacio@uea.cat\">formacio@uea.cat<\/a>\u00a0\/ 93 805 22 92.<\/p>\n<p>&nbsp;<\/p>\n<p><strong>47 persones s\u00f3n inserides a empreses de la comarca gr\u00e0cies a la Borsa de Treball de la UEA<\/strong><\/p>\n<p>Un dels altres valors de la Uni\u00f3 Empresarial de l\u2019Anoia \u00e9s el fet de comptar amb el servei i departament propi de Borsa de Treball disponible i exclusiu per a empreses associades. En aquest sentit, es tracta d\u2019un servei que ajuda a cercar el personal que les empreses necessiten, de manera \u00e0gil i totalment personalitzada i des d\u2019aquest departament es gestionen aquestes ofertes i els curr\u00edculums dels candidats que arriben a la UEA.<\/p>\n<p>Aquest 2023, aquest departament presenta els seg\u00fcents resultats: per una banda, s\u2019han gestionat 121 ofertes de feina, de les quals, s\u2019han tancat 83 ofertes i 47 persones s\u2019han inserit a empreses de l\u2019Anoia gr\u00e0cies a la UEA. Els perfils professionals que m\u00e9s s\u2019han gestionat des de la borsa de treball de la UEA s\u00f3n: Administratiu\/ves, comercials, compres, operaris\/es (carretoners, operaris de planta\u2026) i oficis (mec\u00e0nic, mec\u00e0nic industrial, soldador, lampista, fresador, troquelador\u2026), entre altres.<\/p>\n<p>Les ofertes de feina s\u2019actualitzen de forma peri\u00f2dica i di\u00e0ria. Per a m\u00e9s informaci\u00f3:\u00a0<a href=\"http:\/\/www.uea.cat\/\">www.uea.cat<\/a>\u00a0a l\u2019apartat Borsa de treball.<\/p>\n<p>&nbsp;<\/p>\n<p><strong>17 persones en situaci\u00f3 d\u2019atur s\u00f3n inserides gr\u00e0cies al Programa 30 + gestionat per la UEA<\/strong><\/p>\n<p>La UEA va tornar a comptar amb aquest programa d\u2019inserci\u00f3, un projecte subvencionat pel Servei d\u2019Ocupaci\u00f3 de Catalunya i pel Servicio P\u00fablico de Empleo Estatal del Ministerio de Trabajo y Econom\u00eda Social.<\/p>\n<p>Aquest programa t\u00e9 com a objectius la formaci\u00f3 i inserci\u00f3 de persones a partir de 30 anys i inscrites al SOC com a demandants d\u2019ocupaci\u00f3, en el mercat de treball; tot i que es van prioritzar els seg\u00fcents perfils: persones aturades de llarga durada, persones treballadores en situaci\u00f3 d\u2019atur majors de 45 anys i amb baixa qualificaci\u00f3 acad\u00e8mica.<\/p>\n<p>Aquest 2023 es van realitzar 17 insercions de persones aturades -moltes d\u2019elles de llarga durada i majors de 45 anys, i amb contractes indefinits\u2013. Les empreses que han participat en aquesta nova edici\u00f3 del 30 Plus s\u00f3n de sectors diversos com metall, immobiliari, arts gr\u00e0fiques, gesti\u00f3 de residus, subministraments i carburants, comer\u00e7 al major d\u2019articles de jardineria, prevenci\u00f3 de riscos i seguretat, instal\u00b7lacions contra incendis, manteniments i neteges, electricitat i electr\u00f2nica i alimentaci\u00f3. S\u2019han cobert les seg\u00fcents vacants: comercial, atenci\u00f3 a l\u2019usuari, administraci\u00f3, cap de taller, manteniment, mosso de magatzem,\u00a0<em>Community Manager<\/em>, docent, atenci\u00f3 al client i encarregat de magatzem.<\/p>\n<p>Aquesta vessant d\u2019ocupaci\u00f3 respon a la l\u00ednia de treball que l\u2019entitat empresarial t\u00e9 en ment per crear ocupaci\u00f3 estable i de qualitat, per a la millora de la situaci\u00f3 del mercat laboral anoienc i dinamitzar l\u2019activitat empresarial i econ\u00f2mica de la comarca.<\/p>\n","protected":false},"excerpt":{"rendered":"<p>La Uni\u00f3 Empresarial de l\u2019Anoia registra bones dades l\u2019any 2023 pel que fa a formaci\u00f3 i inserci\u00f3 laboral. De fet, un dels serveis que ofereix la UEA a les seves empreses associades \u00e9s formaci\u00f3 a mida, i per l\u2019altra, un departament de borsa de treball per tal de publicar i gestionar les ofertes de feina i cobrir els perfils i llocs de feina que les empreses associades sol\u00b7liciten. &nbsp; M\u00e9s de 25 anys formant a persones treballadores i a empreses Pel que fa a la formaci\u00f3, la UEA t\u00e9 m\u00e9s de 25 anys d\u2019experi\u00e8ncia en el sector. En aquest sentit, la Uni\u00f3 Empresarial de l\u2019Anoia s\u2019ha convertit en un centre de formaci\u00f3 especialitzada i desenvolupa qualsevol formaci\u00f3 demandada per l\u2019empresa, ja sigui a trav\u00e9s de formaci\u00f3 bonificada, formaci\u00f3 per a directius\/ves i comandaments intermedis o amb formaci\u00f3 a mida a les necessitats de les organitzacions. En aquest sentit, aquest 2023, 225 persones s\u2019han format amb la UEA, a trav\u00e9s de 17 cursos organitzats per la patronal anoienca amb un total de 159 hores de formaci\u00f3. A m\u00e9s, 5 empreses associades van creure en la UEA per a organitzar cursos a mida pels seus treballadors. En un dels casos la formaci\u00f3 [&hellip;]<\/p>\n","protected":false},"author":1,"featured_media":181226,"comment_status":"closed","ping_status":"closed","sticky":false,"template":"","format":"standard","meta":{"_links_to":"","_links_to_target":""},"categories":[8407],"tags":[8415],"acf":[],"wps_subtitle":"\uf0a7 La Uni\u00f3 Empresarial de l\u2019Anoia compta amb dos s\u00f2lids departaments propis de formaci\u00f3 i borsa de treball per acompanyar tant a les persones treballadores, en situaci\u00f3 d\u2019atur, i a les empreses per a la millora de la competitivitat","_links":{"self":[{"href":"https:\/\/www.foment.com\/es\/wp-json\/wp\/v2\/posts\/181228"}],"collection":[{"href":"https:\/\/www.foment.com\/es\/wp-json\/wp\/v2\/posts"}],"about":[{"href":"https:\/\/www.foment.com\/es\/wp-json\/wp\/v2\/types\/post"}],"author":[{"embeddable":true,"href":"https:\/\/www.foment.com\/es\/wp-json\/wp\/v2\/users\/1"}],"replies":[{"embeddable":true,"href":"https:\/\/www.foment.com\/es\/wp-json\/wp\/v2\/comments?post=181228"}],"version-history":[{"count":2,"href":"https:\/\/www.foment.com\/es\/wp-json\/wp\/v2\/posts\/181228\/revisions"}],"predecessor-version":[{"id":181230,"href":"https:\/\/www.foment.com\/es\/wp-json\/wp\/v2\/posts\/181228\/revisions\/181230"}],"wp:featuredmedia":[{"embeddable":true,"href":"https:\/\/www.foment.com\/es\/wp-json\/wp\/v2\/media\/181226"}],"wp:attachment":[{"href":"https:\/\/www.foment.com\/es\/wp-json\/wp\/v2\/media?parent=181228"}],"wp:term":[{"taxonomy":"category","embeddable":true,"href":"https:\/\/www.foment.com\/es\/wp-json\/wp\/v2\/categories?post=181228"},{"taxonomy":"post_tag","embeddable":true,"href":"https:\/\/www.foment.com\/es\/wp-json\/wp\/v2\/tags?post=181228"}],"curies":[{"name":"wp","href":"https:\/\/api.w.org\/{rel}","templated":true}]}}