{"id":181244,"date":"2024-02-20T14:21:59","date_gmt":"2024-02-20T13:21:59","guid":{"rendered":"https:\/\/www.foment.com\/?p=181244"},"modified":"2024-04-21T14:22:13","modified_gmt":"2024-04-21T12:22:13","slug":"la-xi-edicio-de-lets-clean-up-europe-promocionant-la-sostenibilitat-i-la-responsabilitat-social-corporativa","status":"publish","type":"post","link":"https:\/\/www.foment.com\/es\/la-xi-edicio-de-lets-clean-up-europe-promocionant-la-sostenibilitat-i-la-responsabilitat-social-corporativa\/","title":{"rendered":"La XI edici\u00f3 de Let\u2019s Clean Up Europe: Promocionant la sostenibilitat i la Responsabilitat Social Corporativa"},"content":{"rendered":"<p>Durant els dies 10 al 12 de maig, els ciutadans de tot Europa s\u2019uniran una vegada m\u00e9s per participar en la XI edici\u00f3 de Let\u2019s Clean Up Europe, un esdeveniment que posa de manifest la import\u00e0ncia de la sostenibilitat i la consci\u00e8ncia mediambiental. Aquest any, amb el suport d\u2019Ecovidrio i amb la participaci\u00f3 activa de la representaci\u00f3 de la Comissi\u00f3 Europea a Barcelona, el moviment pren un impuls renovat cap a un futur m\u00e9s net i m\u00e9s saludable per a tothom.<\/p>\n<p>&nbsp;<\/p>\n<p><strong>Un enfocament \u00fanic: La Ultra Clean Marathon<\/strong><\/p>\n<p>Un dels moments m\u00e9s destacats d\u2019aquesta edici\u00f3 \u00e9s, sens dubte, l\u2019Ultra Clean Marathon, que se celebrar\u00e0 el 16 de mar\u00e7, convertint-se en la sisena edici\u00f3 d\u2019aquesta extraordin\u00e0ria iniciativa. L\u2019Ultra Clean Marathon no nom\u00e9s fomenta la pr\u00e0ctica esportiva, sin\u00f3 que tamb\u00e9 posa de manifest un profund comprom\u00eds amb la protecci\u00f3 del medi ambient. A trav\u00e9s d\u2019una combinaci\u00f3 \u00fanica d\u2019esport, solidaritat i consci\u00e8ncia mediambiental, els participants recorreran quil\u00f2metres amb l\u2019objectiu de recollir residus i promoure la neteja dels nostres espais naturals. \u00c9s un exemple inspirador de com la passi\u00f3 per l\u2019esport pot transformar-se en acci\u00f3 concreta per a la preservaci\u00f3 del nostre entorn.<\/p>\n<p>&nbsp;<\/p>\n<p><strong>Empreses Compromeses: Responsabilitat Social Corporativa<\/strong><\/p>\n<p>La import\u00e0ncia de la responsabilitat social corporativa no passa desapercebuda en aquesta edici\u00f3 de Let\u2019s Clean Up Europe. Amb la intenci\u00f3 de potenciar accions en aquest marc, les empreses tenen una oportunitat \u00fanica de contribuir de manera significativa a la causa. Des de campanyes de reciclatge fins a la promoci\u00f3 de pr\u00e0ctiques sostenibles dins de les seves organitzacions, les empreses poden jugar un paper clau en la creaci\u00f3 d\u2019un futur m\u00e9s verd i m\u00e9s net per a tots. La col\u00b7laboraci\u00f3 entre el sector privat i les iniciatives com Let\u2019s Clean Up Europe \u00e9s un testimoni de com la uni\u00f3 d\u2019esfor\u00e7os pot conduir a un canvi real i durador.<\/p>\n<p>La XI edici\u00f3 de Let\u2019s Clean Up Europe \u00e9s molt m\u00e9s que una simple campanya de neteja. \u00c9s un testimoni de la capacitat de les persones per unir-se en pro de la sostenibilitat i el respecte pel nostre planeta. Amb l\u2019Ultra Clean Marathon com a exemple d\u2019innovaci\u00f3 i comprom\u00eds, i amb el suport actiu de les empreses a trav\u00e9s de la responsabilitat social corporativa, aquesta edici\u00f3 promet ser un punt d\u2019inflexi\u00f3 en la lluita per un medi ambient m\u00e9s saludable i sostenible. Siguem-hi, doncs, tots units en aquesta noble missi\u00f3 de preservaci\u00f3 i protecci\u00f3 del nostre entorn natural.<\/p>\n","protected":false},"excerpt":{"rendered":"<p>Durant els dies 10 al 12 de maig, els ciutadans de tot Europa s\u2019uniran una vegada m\u00e9s per participar en la XI edici\u00f3 de Let\u2019s Clean Up Europe, un esdeveniment que posa de manifest la import\u00e0ncia de la sostenibilitat i la consci\u00e8ncia mediambiental. Aquest any, amb el suport d\u2019Ecovidrio i amb la participaci\u00f3 activa de la representaci\u00f3 de la Comissi\u00f3 Europea a Barcelona, el moviment pren un impuls renovat cap a un futur m\u00e9s net i m\u00e9s saludable per a tothom. &nbsp; Un enfocament \u00fanic: La Ultra Clean Marathon Un dels moments m\u00e9s destacats d\u2019aquesta edici\u00f3 \u00e9s, sens dubte, l\u2019Ultra Clean Marathon, que se celebrar\u00e0 el 16 de mar\u00e7, convertint-se en la sisena edici\u00f3 d\u2019aquesta extraordin\u00e0ria iniciativa. L\u2019Ultra Clean Marathon no nom\u00e9s fomenta la pr\u00e0ctica esportiva, sin\u00f3 que tamb\u00e9 posa de manifest un profund comprom\u00eds amb la protecci\u00f3 del medi ambient. A trav\u00e9s d\u2019una combinaci\u00f3 \u00fanica d\u2019esport, solidaritat i consci\u00e8ncia mediambiental, els participants recorreran quil\u00f2metres amb l\u2019objectiu de recollir residus i promoure la neteja dels nostres espais naturals. \u00c9s un exemple inspirador de com la passi\u00f3 per l\u2019esport pot transformar-se en acci\u00f3 concreta per a la preservaci\u00f3 del nostre entorn. &nbsp; Empreses Compromeses: Responsabilitat Social Corporativa La import\u00e0ncia de la [&hellip;]<\/p>\n","protected":false},"author":1,"featured_media":181242,"comment_status":"closed","ping_status":"closed","sticky":false,"template":"","format":"standard","meta":{"_links_to":"","_links_to_target":""},"categories":[8407],"tags":[],"acf":[],"wps_subtitle":"","_links":{"self":[{"href":"https:\/\/www.foment.com\/es\/wp-json\/wp\/v2\/posts\/181244"}],"collection":[{"href":"https:\/\/www.foment.com\/es\/wp-json\/wp\/v2\/posts"}],"about":[{"href":"https:\/\/www.foment.com\/es\/wp-json\/wp\/v2\/types\/post"}],"author":[{"embeddable":true,"href":"https:\/\/www.foment.com\/es\/wp-json\/wp\/v2\/users\/1"}],"replies":[{"embeddable":true,"href":"https:\/\/www.foment.com\/es\/wp-json\/wp\/v2\/comments?post=181244"}],"version-history":[{"count":2,"href":"https:\/\/www.foment.com\/es\/wp-json\/wp\/v2\/posts\/181244\/revisions"}],"predecessor-version":[{"id":181246,"href":"https:\/\/www.foment.com\/es\/wp-json\/wp\/v2\/posts\/181244\/revisions\/181246"}],"wp:featuredmedia":[{"embeddable":true,"href":"https:\/\/www.foment.com\/es\/wp-json\/wp\/v2\/media\/181242"}],"wp:attachment":[{"href":"https:\/\/www.foment.com\/es\/wp-json\/wp\/v2\/media?parent=181244"}],"wp:term":[{"taxonomy":"category","embeddable":true,"href":"https:\/\/www.foment.com\/es\/wp-json\/wp\/v2\/categories?post=181244"},{"taxonomy":"post_tag","embeddable":true,"href":"https:\/\/www.foment.com\/es\/wp-json\/wp\/v2\/tags?post=181244"}],"curies":[{"name":"wp","href":"https:\/\/api.w.org\/{rel}","templated":true}]}}