{"id":181373,"date":"2024-04-25T09:19:46","date_gmt":"2024-04-25T07:19:46","guid":{"rendered":"https:\/\/www.foment.com\/?p=181373"},"modified":"2024-04-25T09:21:41","modified_gmt":"2024-04-25T07:21:41","slug":"artefacto-e2e-incorpora-socio-foment-treball","status":"publish","type":"post","link":"https:\/\/www.foment.com\/es\/artefacto-e2e-incorpora-socio-foment-treball\/","title":{"rendered":"Artefacto E2E se incorpora como nuevo socio de Foment del Treball"},"content":{"rendered":"<section class=\"wpb-content-wrapper\"><p>[vc_row][vc_column width=\u00bb1\/1&#8243;][vc_column_text]El estudio de innovaci\u00f3n y desarrollo de negocio digital <strong>Artefacto E2E ha firmado un acuerdo de colaboraci\u00f3n con Foment del Treball<\/strong>, la principal organizaci\u00f3n patronal de Catalu\u00f1a. Esta incorporaci\u00f3n permitir\u00e1 a Artefacto E2E participar en la conversaci\u00f3n ante las diferentes fuerzas sociales, pol\u00edticas y econ\u00f3micas, y a Foment del Treball incrementar el conocimiento del universo tecnol\u00f3gico de la mano de una de las compa\u00f1\u00edas referentes al ecosistema catal\u00e1n.<\/p>\n<p><strong>\u00a0<\/strong>Con esta alianza, Artefacto E2E busca ampliar su <strong>presencia en el tejido empresarial catal\u00e1n y contribuir a su desarrollo econ\u00f3mico a trav\u00e9s de la innovaci\u00f3n y la tecnolog\u00eda<\/strong>. Por su parte, Foment del Treball podr\u00e1 ofrecer a sus socios el acceso a la experiencia y los conocimientos de Artefacto E2E en materia de <strong>transformaci\u00f3n digital, estrategia de negocio y desarrollo de soluciones tecnol\u00f3gicas innovadoras.<\/strong><\/p>\n<p>La firma del acuerdo ha contado con la participaci\u00f3n de <strong>Maria Mora<\/strong>, directora del departamento de Innovaci\u00f3n de Foment del Treball, <strong>Xavier Nolis<\/strong>, responsable del \u00c1rea de Socios de la patronal,\u00a0 <strong>Ana Galindo<\/strong> y <strong>Frederic Dalmau<\/strong>, Co-CEO de Artefacto E2E, acompa\u00f1ados por <strong>Pau Esteve<\/strong>, Growth Manager de la empresa.<\/p>\n<p>Dentro de su \u00e1mbito, Artefacto E2E se ubica entre las compa\u00f1\u00edas referentes al ecosistema digital. La empresa acompa\u00f1a a los clientes en la b\u00fasqueda de nuevas oportunidades y fuentes de ingresos dentro de un marco seguro y medible, para que aprovechen cada oportunidad para crecer, y se aproximen a la empresa del futuro que quieren llegar a ser. Para m\u00e1s informaci\u00f3n, puede consultar <a href=\"https:\/\/www.artefacto-studio.com\/?utm_source=foment.com&amp;utm_medium=article&amp;utm_campaign=foment\">artefacto-studio.com<\/a> o su perfil de <a href=\"https:\/\/www.linkedin.com\/company\/64674259\/admin\/feed\/posts\/\">LinkedIn<\/a>.[\/vc_column_text][\/vc_column][\/vc_row]<\/p>\n<\/section>","protected":false},"excerpt":{"rendered":"<p>[vc_row][vc_column width=\u00bb1\/1&#8243;][vc_column_text]El estudio de innovaci\u00f3n y desarrollo de negocio digital Artefacto E2E ha firmado un acuerdo de colaboraci\u00f3n con Foment del Treball, la principal organizaci\u00f3n patronal de Catalu\u00f1a. Esta incorporaci\u00f3n permitir\u00e1 a Artefacto E2E participar en la conversaci\u00f3n ante las diferentes fuerzas sociales, pol\u00edticas y econ\u00f3micas, y a Foment del Treball incrementar el conocimiento del universo tecnol\u00f3gico de la mano de una de las compa\u00f1\u00edas referentes al ecosistema catal\u00e1n. \u00a0Con esta alianza, Artefacto E2E busca ampliar su presencia en el tejido empresarial catal\u00e1n y contribuir a su desarrollo econ\u00f3mico a trav\u00e9s de la innovaci\u00f3n y la tecnolog\u00eda. Por su parte, Foment del Treball podr\u00e1 ofrecer a sus socios el acceso a la experiencia y los conocimientos de Artefacto E2E en materia de transformaci\u00f3n digital, estrategia de negocio y desarrollo de soluciones tecnol\u00f3gicas innovadoras. La firma del acuerdo ha contado con la participaci\u00f3n de Maria Mora, directora del departamento de Innovaci\u00f3n de Foment del Treball, Xavier Nolis, responsable del \u00c1rea de Socios de la patronal,\u00a0 Ana Galindo y Frederic Dalmau, Co-CEO de Artefacto E2E, acompa\u00f1ados por Pau Esteve, Growth Manager de la empresa. Dentro de su \u00e1mbito, Artefacto E2E se ubica entre las compa\u00f1\u00edas referentes al ecosistema digital. La empresa acompa\u00f1a [&hellip;]<\/p>\n","protected":false},"author":284,"featured_media":181366,"comment_status":"closed","ping_status":"closed","sticky":false,"template":"","format":"standard","meta":{"_links_to":"","_links_to_target":""},"categories":[114,68,71,7534],"tags":[8415],"acf":[],"wps_subtitle":"","_links":{"self":[{"href":"https:\/\/www.foment.com\/es\/wp-json\/wp\/v2\/posts\/181373"}],"collection":[{"href":"https:\/\/www.foment.com\/es\/wp-json\/wp\/v2\/posts"}],"about":[{"href":"https:\/\/www.foment.com\/es\/wp-json\/wp\/v2\/types\/post"}],"author":[{"embeddable":true,"href":"https:\/\/www.foment.com\/es\/wp-json\/wp\/v2\/users\/284"}],"replies":[{"embeddable":true,"href":"https:\/\/www.foment.com\/es\/wp-json\/wp\/v2\/comments?post=181373"}],"version-history":[{"count":7,"href":"https:\/\/www.foment.com\/es\/wp-json\/wp\/v2\/posts\/181373\/revisions"}],"predecessor-version":[{"id":181423,"href":"https:\/\/www.foment.com\/es\/wp-json\/wp\/v2\/posts\/181373\/revisions\/181423"}],"wp:featuredmedia":[{"embeddable":true,"href":"https:\/\/www.foment.com\/es\/wp-json\/wp\/v2\/media\/181366"}],"wp:attachment":[{"href":"https:\/\/www.foment.com\/es\/wp-json\/wp\/v2\/media?parent=181373"}],"wp:term":[{"taxonomy":"category","embeddable":true,"href":"https:\/\/www.foment.com\/es\/wp-json\/wp\/v2\/categories?post=181373"},{"taxonomy":"post_tag","embeddable":true,"href":"https:\/\/www.foment.com\/es\/wp-json\/wp\/v2\/tags?post=181373"}],"curies":[{"name":"wp","href":"https:\/\/api.w.org\/{rel}","templated":true}]}}