{"id":181588,"date":"2024-01-24T16:43:14","date_gmt":"2024-01-24T15:43:14","guid":{"rendered":"https:\/\/www.foment.com\/?p=181588"},"modified":"2024-04-29T16:43:31","modified_gmt":"2024-04-29T14:43:31","slug":"el-nou-director-general-destrategia-industrial-i-de-la-pime-exposa-les-seves-linies-estrategiques-en-el-fem-llobregat","status":"publish","type":"post","link":"https:\/\/www.foment.com\/es\/el-nou-director-general-destrategia-industrial-i-de-la-pime-exposa-les-seves-linies-estrategiques-en-el-fem-llobregat\/","title":{"rendered":"El nou director general d\u2019Estrat\u00e8gia Industrial i de la PIME exposa les seves linies estrat\u00e8giques en el FEm Llobregat"},"content":{"rendered":"<ul>\n<li><strong>Jordi Garcia Brustenga ha participat avui al Desdejuni del F\u00f2rum Empresarial del Llobregat, organitzat per AEBALL, juntament amb Jos\u00e9 Bay\u00f3n, conseller delegat d\u2019ENISA<\/strong><\/li>\n<li><strong>ENISA \u00e9s l\u2019entitat que gestionar\u00e0 3.233 milions d\u2019euros\u00a0dels fons corresponents a l\u2019Addenda al\u00a0<\/strong><em><strong>Plan de Recuperaci\u00f3n, Transformaci\u00f3n y Resiliencia<\/strong><\/em><strong>\u00a0(PRTR)<\/strong><\/li>\n<\/ul>\n<p><strong>L\u2019Hospitalet de Llobregat,\u00a018 de\u00a0gener de 2024 \u2013\u00a0<\/strong><strong>El F\u00f2rum Empresarial del Llobregat ha iniciat el primer Desdejuni de l\u2019any amb Jos\u00e9 Bay\u00f3n, conseller delegat d\u2019ENISA,\u00a0<\/strong>qui ha presentat l\u2019entitat i projectes de suport a les PIMES que porten a terme. L\u2019acte tamb\u00e9 ha comptat amb la intervenci\u00f3 de<strong>\u00a0Jordi Garcia Brustenga, nou director general d\u2019Estrat\u00e8gia Industrial i de la PIME i\u00a0ha estat presidit per Santiago Ballest\u00e9, president d\u2019AEBALL.<\/strong><\/p>\n<p>ENISA \u00e9s una entitat adscrita al Ministeri d\u2019Ind\u00fastria i Turisme. Donen suport financer a PIMES que volen impulsar projectes d\u2019emprenedoria innovadora i a projectes empresarials viables a trav\u00e8s d\u2019una alternativa al finan\u00e7ament tradicional. Jos\u00e9 Bay\u00f3n ha manifestat que,<strong>\u00a0<\/strong>durant 2023,<strong>\u00a0a Catalunya s\u2019han desemborsat 2.588 pr\u00e9stecs i s\u2019han invertit m\u00e9s de 393 milions d\u2019euros. A L\u2019Hospitalet de Llobregat, s\u2019han desemborsat 30 operacions per import de 7.370.518 \u20ac.<\/strong><\/p>\n<p>El conseller delegat d\u2019ENISA tamb\u00e9 ha informat que l\u2019any passat van recollir l\u2019enc\u00e0rrec de la\u00a0<em>Llei de Startups<\/em>, per a certificar startups i certificar visats per a emprenedors\/res estrangers\/res. La llei s\u2019emmarca dins d\u2019un paquet de lleis de Nadia Calvi\u00f1o,\u00a0vicepresidenta primera i ministra d\u2019Economia, Comer\u00e7 i Empresa, per millorar el clima empresarial.\u00a0Ha estat una llei pionera a Europa\u00a0que dona un car\u00e0cter administratiu a la figura d\u2019start up i que aporta per tant seguretat jur\u00eddica. Bay\u00f3n ha afirmat que, des del passat 24 de juliol, ja hi ha m\u00e9s de 700\u00a0startups\u00a0certificades.<\/p>\n<p>ENISA \u00e9s l\u2019entitat que gestionar\u00e0\u00a0<strong>3.233 milions d\u2019euros\u00a0dels fons corresponents a l\u2019Addenda al\u00a0<\/strong><em><strong>Plan de Recuperaci\u00f3n, Transformaci\u00f3n y Resiliencia<\/strong><\/em><strong>\u00a0(PRTR)<\/strong>\u00a0<strong>del Gobierno de Espa\u00f1a<\/strong>\u00a0aprovada per les institucions europees el passat mes d\u2019octubre, que en aquest cas estan\u00a0<strong>focalitzats principalment en el sector industrial<\/strong>:<\/p>\n<ul>\n<li>PERTE Vehicle El\u00e8ctric i Connectat: 1.250M\u20ac (250M en subvencions)<\/li>\n<li>PERTE Agroalimentari: 200M\u20ac en pr\u00e9stecs<\/li>\n<li>PERTE Descarbonitzaci\u00f3 industrial: 1.480M\u20ac (1.0S0M\u20ac en pr\u00e9stecs)<\/li>\n<li>303M\u20ac en un fons per a startups (20M\u20ac per al PERTE de la Llengua)<\/li>\n<\/ul>\n<p>El nou director general d\u2019Estrat\u00e8gia Industrial i de la PIME,\u00a0Jordi Garcia Brustenga, ha reconegut la labor desenvolupada per ENISA amb el conseller delegat Jos\u00e9 Bay\u00f3n al capdavant, i ha donat les claus de les principals l\u00ednies de la seva nova labor. En aquest sentit, Garcia<strong>\u00a0<\/strong>ha afirmat en primer lloc que\u00a0<strong>\u00e9s\u00a0un bon moment tant per a la ind\u00fastria com per a la pol\u00edtica industrial<\/strong>. \u201cEn el m\u00f3n, la ind\u00fastria est\u00e0 de nou ben valorada. Europa est\u00e0 sent conscient de l\u2019autonomia estrat\u00e8gica. A m\u00e9s,\u00a0tenim els diners: 83.000 milions d\u2019euros per a generar oportunitats. Per aix\u00f2, necessitem bona gesti\u00f3 dels PERTES, aix\u00ed com d\u2019altres eines.\u00a0I focalitzar-nos en una empresa verda, digital, innovadora\u2026\u00a0A m\u00e9s d\u2019esperit col\u00b7laborador i consens amb el sector privat\u201d, ha puntualitzat.<\/p>\n<p>D\u2019altra banda, Garcia\u00a0Brustenga ha manifestat que\u00a0\u00e9s el moment de la revoluci\u00f3 tecnol\u00f2gica, de la innovaci\u00f3. \u201c<strong>La transici\u00f3 ecol\u00f2gica\u00a0\u00e9s on s\u2019ha de posar l\u2019accent<\/strong>. L\u2019energia \u00e9s en el que cal aplicar l\u2019estrat\u00e8gia d\u2019abordatge. A Espanya tenim terrenys, s\u00f2l i consci\u00e8ncia de transici\u00f3 ecol\u00f2gica.\u00a0Per\u00f2 tenim encara molt per fer, per exemple en l\u2019energia. Cal determinar quin model energ\u00e8tic volem per a la ind\u00fastria en aquest pa\u00eds. Per aix\u00f2, hem de crear un factor d\u2019oportunitat\u201d, ha matisat.<\/p>\n<p>Un tercer punt d\u2019actuaci\u00f3 \u00e9s la\u00a0<strong>inversi\u00f3 territorial<\/strong>. \u201cHem de fer un treball amb l\u2019escala territorial dels projectes,<strong>\u00a0treballar amb cl\u00fasters, amb ecosistemes territorials i industrials, connectant<\/strong><em><strong>\u00a0hubs<\/strong><\/em>. Cal abordar una pol\u00edtica valenta de participaci\u00f3 a Europa. Refor\u00e7ar una ind\u00fastria com a equilibri territorial,\u201d ha remarcat el director general d\u2019Estrat\u00e8gia Industrial i de la PIME.<\/p>\n<p>En \u00faltim lloc, Garcia\u00a0Brustenga ha explicat que\u00a0<strong>la PiME \u00e9s clau en el volum general de l\u2019activitat econ\u00f2mica<\/strong>. \u201cCal fer pol\u00edtica PiME, i tamb\u00e9 start-up. Els nostres fills i filles han de veure normal emprendre i aspirar a que el 14-15% de la poblaci\u00f3 sigui emprenedora\u201d, ha concl\u00f2s.<\/p>\n<p>La demanda d\u2019AEBALL, plantejada per\u00a0<strong>M. Rosa Fiol, vicepresidenta i directora general d\u2019AEBALL,\u00a0<\/strong>ha estat centrada en fomentar la productivitat de les empreses. \u201cEstem a la cua de la mateixa en l\u2019OCDE\u201d, ha indicat Fiol. Tamb\u00e9 ha reclamat en aquesta l\u00ednia reduir la pressi\u00f3 fiscal, i mesures perqu\u00e8 els costos laborals siguin previsibles, i ha posat en valor la ind\u00fastria de la descarbonitzaci\u00f3. Per la seva part,\u00a0<strong>Santiago Ballest\u00e9, president d\u2019AEBALL,<\/strong>\u00a0ha posat en valor el paper de l\u2019emprenedoria i ha recordat que\u00a0\u201csense empreses no hi ha riquesa ni llocs de treball\u201d.<\/p>\n<p><strong>El FEm Llobregat disposa d\u2019un consolidat el programa d\u2019activitats pel 1r trimestre de 2024<\/strong>\u00a0amb Desdejunis\u00a0amb\u00a0<strong><a href=\"https:\/\/www.femllobregat.cat\/activitats-detall.asp?id=954\">Ra\u00fcl Blanco<\/a><\/strong><strong>,<\/strong>\u00a0president de RENFE (7 de febrer),\u00a0<strong>\u00a0<a href=\"https:\/\/www.femllobregat.cat\/activitats-detall.asp?id=953\">Santiago Duran<\/a><\/strong>, President de l\u2019Institut de Comptabilitat i Auditoria de Comptes d\u2019Espanya (ICAC),\u00a0<strong><a href=\"https:\/\/www.femllobregat.cat\/activitats-detall.asp?id=955\">Fabi\u00e1n Mohedano<\/a><\/strong>, President executiu de l\u2019Ag\u00e8ncia P\u00fablica de Formaci\u00f3 i Qualificaci\u00f3 Professionals de Catalunya (13 de mar\u00e7) i \u00a0<strong><a href=\"https:\/\/www.femllobregat.cat\/activitats-detall.asp?id=950\">Lourdes Borrell<\/a><\/strong>, Alcaldessa de Sant Feliu (10 d\u2019abril). Continua aix\u00ed a<strong>\u00a0la seva seu, l\u2019Hotel Porta Fira,<\/strong>\u00a0amb la seva missi\u00f3 com a\u00a0<strong>agent propulsor de\u00a0l\u2019activitat empresarial i el desenvolupament econ\u00f2mic de la zona del Llobregat<\/strong>\u00a0atraient a destacades personalitats del m\u00f3n de l\u2019economia, l\u2019empresa i la pol\u00edtica i on les persones participants podran exposar els seus dubtes, con\u00e8ixer de primera m\u00e0 nous projectes i consolidar la cooperaci\u00f3 i el networking.<\/p>\n<p>&nbsp;<\/p>\n<p><strong>M\u00e9s informaci\u00f3:<\/strong>\u00a0 93 337 04 50\u00a0\u00a0\u00a0<strong><a href=\"mailto:forum@femllobregat.cat\">forum@femllobregat.cat<\/a>\u00a0 \u00a0www.femllobregat.cat<\/strong><\/p>\n","protected":false},"excerpt":{"rendered":"<p>Jordi Garcia Brustenga ha participat avui al Desdejuni del F\u00f2rum Empresarial del Llobregat, organitzat per AEBALL, juntament amb Jos\u00e9 Bay\u00f3n, conseller delegat d\u2019ENISA ENISA \u00e9s l\u2019entitat que gestionar\u00e0 3.233 milions d\u2019euros\u00a0dels fons corresponents a l\u2019Addenda al\u00a0Plan de Recuperaci\u00f3n, Transformaci\u00f3n y Resiliencia\u00a0(PRTR) L\u2019Hospitalet de Llobregat,\u00a018 de\u00a0gener de 2024 \u2013\u00a0El F\u00f2rum Empresarial del Llobregat ha iniciat el primer Desdejuni de l\u2019any amb Jos\u00e9 Bay\u00f3n, conseller delegat d\u2019ENISA,\u00a0qui ha presentat l\u2019entitat i projectes de suport a les PIMES que porten a terme. L\u2019acte tamb\u00e9 ha comptat amb la intervenci\u00f3 de\u00a0Jordi Garcia Brustenga, nou director general d\u2019Estrat\u00e8gia Industrial i de la PIME i\u00a0ha estat presidit per Santiago Ballest\u00e9, president d\u2019AEBALL. ENISA \u00e9s una entitat adscrita al Ministeri d\u2019Ind\u00fastria i Turisme. Donen suport financer a PIMES que volen impulsar projectes d\u2019emprenedoria innovadora i a projectes empresarials viables a trav\u00e8s d\u2019una alternativa al finan\u00e7ament tradicional. Jos\u00e9 Bay\u00f3n ha manifestat que,\u00a0durant 2023,\u00a0a Catalunya s\u2019han desemborsat 2.588 pr\u00e9stecs i s\u2019han invertit m\u00e9s de 393 milions d\u2019euros. A L\u2019Hospitalet de Llobregat, s\u2019han desemborsat 30 operacions per import de 7.370.518 \u20ac. El conseller delegat d\u2019ENISA tamb\u00e9 ha informat que l\u2019any passat van recollir l\u2019enc\u00e0rrec de la\u00a0Llei de Startups, per a certificar startups i certificar visats per a emprenedors\/res estrangers\/res. La [&hellip;]<\/p>\n","protected":false},"author":1,"featured_media":181586,"comment_status":"closed","ping_status":"closed","sticky":false,"template":"","format":"standard","meta":{"_links_to":"","_links_to_target":""},"categories":[8407],"tags":[8415],"acf":[],"wps_subtitle":"","_links":{"self":[{"href":"https:\/\/www.foment.com\/es\/wp-json\/wp\/v2\/posts\/181588"}],"collection":[{"href":"https:\/\/www.foment.com\/es\/wp-json\/wp\/v2\/posts"}],"about":[{"href":"https:\/\/www.foment.com\/es\/wp-json\/wp\/v2\/types\/post"}],"author":[{"embeddable":true,"href":"https:\/\/www.foment.com\/es\/wp-json\/wp\/v2\/users\/1"}],"replies":[{"embeddable":true,"href":"https:\/\/www.foment.com\/es\/wp-json\/wp\/v2\/comments?post=181588"}],"version-history":[{"count":2,"href":"https:\/\/www.foment.com\/es\/wp-json\/wp\/v2\/posts\/181588\/revisions"}],"predecessor-version":[{"id":181590,"href":"https:\/\/www.foment.com\/es\/wp-json\/wp\/v2\/posts\/181588\/revisions\/181590"}],"wp:featuredmedia":[{"embeddable":true,"href":"https:\/\/www.foment.com\/es\/wp-json\/wp\/v2\/media\/181586"}],"wp:attachment":[{"href":"https:\/\/www.foment.com\/es\/wp-json\/wp\/v2\/media?parent=181588"}],"wp:term":[{"taxonomy":"category","embeddable":true,"href":"https:\/\/www.foment.com\/es\/wp-json\/wp\/v2\/categories?post=181588"},{"taxonomy":"post_tag","embeddable":true,"href":"https:\/\/www.foment.com\/es\/wp-json\/wp\/v2\/tags?post=181588"}],"curies":[{"name":"wp","href":"https:\/\/api.w.org\/{rel}","templated":true}]}}